{"id":9797,"date":"2025-07-25T11:26:44","date_gmt":"2025-07-25T14:26:44","guid":{"rendered":"https:\/\/fatoelado.com\/?p=9797"},"modified":"2025-07-25T11:26:44","modified_gmt":"2025-07-25T14:26:44","slug":"investimentos-na-agricultura-familiar-garantem-alimentos-saudaveis-melhoram-renda-no-campo-e-transformam-vidas-de-norte-a-sul-do-piaui","status":"publish","type":"post","link":"https:\/\/fatoelado.com\/?p=9797","title":{"rendered":"Investimentos na agricultura familiar garantem alimentos saud\u00e1veis, melhoram renda no campo e transformam vidas de norte a sul do Piau\u00ed"},"content":{"rendered":"<p>Nesta sexta-feira (25) \u00e9 comemorado o Dia Internacional da Agricultura Familiar, data institu\u00edda pela Organiza\u00e7\u00e3o das Na\u00e7\u00f5es Unidas (ONU) para reconhecer e valorizar o trabalho dos agricultores familiares e a import\u00e2ncia da atividade para a seguran\u00e7a alimentar e o desenvolvimento sustent\u00e1vel.<\/p>\n<p>No Piau\u00ed, a a\u00e7\u00e3o da Secretaria da Agricultura Familiar (SAF) tem sido protagonista de um processo robusto de fortalecimento do setor, que tem se destacado cada vez mais na gera\u00e7\u00e3o de renda, por meio da mecaniza\u00e7\u00e3o agr\u00edcola e da organiza\u00e7\u00e3o de cooperativas e entidades de agricultores familiares. Isso tudo fruto de um conjunto de a\u00e7\u00f5es e fatores envolvendo a SAF, mas com a colabora\u00e7\u00e3o de diversos outros \u00f3rg\u00e3os do Governo do Piau\u00ed e do governo federal, e tamb\u00e9m na sociedade civil e outras institui\u00e7\u00f5es.<\/p>\n<p data-uw-rm-sr=\"\">\u201cS\u00e3o mais de R$ 700 milh\u00f5es em investimentos na agricultura familiar com programas como o Programa Piau\u00ed Sustent\u00e1vel e Inclusivo (PSI), Projeto Piau\u00ed Pilares de Crescimento e Inclus\u00e3o Social, a Quitanda da Agricultura Familiar \u2013 que viabiliza a comercializa\u00e7\u00e3o, como o Programa de Aquisi\u00e7\u00e3o de Alimentos (PAA) e o Programa de Alimenta\u00e7\u00e3o Saud\u00e1vel (PAS), que tamb\u00e9m d\u00e3o suporte \u00e0 comercializa\u00e7\u00e3o de produtos da agricultura familiar. Mas acima de tudo, acreditamos na agricultura familiar como estrat\u00e9gia de desenvolvimento no estado do Piau\u00ed, como respons\u00e1veis por mais de 30% dessa popula\u00e7\u00e3o que vive na zona rural e que est\u00e1 a\u00ed produzindo, gerando renda e empreendendo para fazer o Piau\u00ed cada vez maior\u201d, destaca a secret\u00e1ria da Agricultura Familiar do Piau\u00ed, Rejane Tavares.<\/p>\n<figure id=\"attachment_70237\" class=\"wp-caption alignnone\" aria-describedby=\"caption-attachment-70237\"><img loading=\"lazy\" decoding=\"async\" class=\"size-full wp-image-70237\" src=\"https:\/\/www.pi.gov.br\/wp-content\/uploads\/2025\/07\/IMG_0872-scaled.jpg\" sizes=\"auto, (max-width: 2560px) 100vw, 2560px\" srcset=\"https:\/\/www.pi.gov.br\/wp-content\/uploads\/2025\/07\/IMG_0872-scaled.jpg 2560w, https:\/\/www.pi.gov.br\/wp-content\/uploads\/2025\/07\/IMG_0872-300x200.jpg 300w, https:\/\/www.pi.gov.br\/wp-content\/uploads\/2025\/07\/IMG_0872-1024x683.jpg 1024w, https:\/\/www.pi.gov.br\/wp-content\/uploads\/2025\/07\/IMG_0872-768x512.jpg 768w, https:\/\/www.pi.gov.br\/wp-content\/uploads\/2025\/07\/IMG_0872-1536x1024.jpg 1536w, https:\/\/www.pi.gov.br\/wp-content\/uploads\/2025\/07\/IMG_0872-2048x1365.jpg 2048w\" alt=\"Secret\u00e1ria da Agricultura Familiar, Rejane Tavares (Foto: Geirlys Silva)\" width=\"2560\" height=\"1707\" data-uw-rm-alt-original=\"\" data-uw-rm-alt=\"CT\" \/><figcaption id=\"caption-attachment-70237\" class=\"wp-caption-text\">Secret\u00e1ria da Agricultura Familiar, Rejane Tavares (Foto: Geirlys Silva)<\/figcaption><\/figure>\n<p>Em diversos setores, \u00e9 poss\u00edvel perceber como os investimentos feitos pela SAF t\u00eam trazido retorno para agricultores familiares. Na produ\u00e7\u00e3o de frutas, hortali\u00e7as, mel, farinha, na cria\u00e7\u00e3o de animais e muitos outros, os relatos de aumento na produ\u00e7\u00e3o, na renda e procura pelo mercado t\u00eam se tornado cada vez mais comuns.<\/p>\n<p><img loading=\"lazy\" decoding=\"async\" class=\"size-full wp-image-13218 aligncenter\" src=\"https:\/\/www.pi.gov.br\/wp-content\/uploads\/2024\/11\/prod_mel_7360314be2.jpg\" sizes=\"auto, (max-width: 1000px) 100vw, 1000px\" srcset=\"https:\/\/www.pi.gov.br\/wp-content\/uploads\/2024\/11\/prod_mel_7360314be2.jpg 1000w, https:\/\/www.pi.gov.br\/wp-content\/uploads\/2024\/11\/prod_mel_7360314be2-300x200.jpg 300w, https:\/\/www.pi.gov.br\/wp-content\/uploads\/2024\/11\/prod_mel_7360314be2-768x512.jpg 768w\" alt=\"A person in protective gear holds a honeycomb frame filled with honey and bees, set against a blurred natural background.\" width=\"1000\" height=\"667\" data-uw-rm-alt-original=\"\" data-uw-rm-alt=\"BE\" \/><\/p>\n<p><strong>\u201cQuando comecei, n\u00e3o havia ajuda de \u00f3rg\u00e3o nenhum. Hoje, temos assist\u00eancia da SAF\u201d<\/strong><\/p>\n<p>O relato do agricultor Francisco Ferreira, que trabalha com piscicultura na localidade Carnaubal, no munic\u00edpio de Oeiras, mostra o impacto das a\u00e7\u00f5es da SAF na agricultura familiar. Benefici\u00e1rio das distribui\u00e7\u00f5es de alevinos feitas pela secretaria, ele tamb\u00e9m comercializa seus peixes, bem como hortifrutis, por meio do Programa de Aquisi\u00e7\u00e3o de Alimentos (PAA). Ele relata que o apoio permitiu uma melhoria de renda consider\u00e1vel.<\/p>\n<figure id=\"attachment_70238\" class=\"wp-caption alignnone\" aria-describedby=\"caption-attachment-70238\"><img loading=\"lazy\" decoding=\"async\" class=\"size-full wp-image-70238\" src=\"https:\/\/www.pi.gov.br\/wp-content\/uploads\/2025\/07\/IMG_6004-1-scaled.jpg\" sizes=\"auto, (max-width: 2560px) 100vw, 2560px\" srcset=\"https:\/\/www.pi.gov.br\/wp-content\/uploads\/2025\/07\/IMG_6004-1-scaled.jpg 2560w, https:\/\/www.pi.gov.br\/wp-content\/uploads\/2025\/07\/IMG_6004-1-300x200.jpg 300w, https:\/\/www.pi.gov.br\/wp-content\/uploads\/2025\/07\/IMG_6004-1-1024x683.jpg 1024w, https:\/\/www.pi.gov.br\/wp-content\/uploads\/2025\/07\/IMG_6004-1-768x512.jpg 768w, https:\/\/www.pi.gov.br\/wp-content\/uploads\/2025\/07\/IMG_6004-1-1536x1024.jpg 1536w, https:\/\/www.pi.gov.br\/wp-content\/uploads\/2025\/07\/IMG_6004-1-2048x1365.jpg 2048w\" alt=\"Agricultor Francisco Ferreira, que trabalha com piscicultura na localidade Carnaubal, no munic\u00edpio de Oeiras (Foto: Geirlys Silva)\" width=\"2560\" height=\"1707\" data-uw-rm-alt-original=\"\" data-uw-rm-alt=\"CT\" \/><figcaption id=\"caption-attachment-70238\" class=\"wp-caption-text\">Agricultor Francisco Ferreira, que trabalha com piscicultura na localidade Carnaubal, no munic\u00edpio de Oeiras (Foto: Geirlys Silva)<\/figcaption><\/figure>\n<p data-uw-rm-sr=\"\">\u201cAntes a gente vendia para os mercados, mas n\u00e3o compensava nem a viagem do carro. Hoje a gente faz entrega ao PAA e leva mais de 100 kg de cada produto para vender. Com a SAF, eu recebi mil alevinos no fim de janeiro, mas antes, tudo que eu fazia era com meu dinheiro. Uma carrada de alevinos custa R$ 250, mas se voc\u00ea recebe doado, j\u00e1 \u00e9 um incentivo\u201d, explica o criador.<\/p>\n<p>E ele completa: \u201cAo inv\u00e9s de comprar os filhotes, eu j\u00e1 compro a ra\u00e7\u00e3o. E, al\u00e9m disso, temos outros tipos de incentivo, com a visita frequente de t\u00e9cnicos, que nos orientam e oferecem cursos. Quando eu comecei, n\u00e3o havia ajuda de \u00f3rg\u00e3o nenhum, era tudo por conta pr\u00f3pria, err\u00e1vamos, e hoje n\u00f3s temos essa assist\u00eancia da Secretaria da Agricultura Familiar\u201d.<\/p>\n<figure id=\"attachment_70239\" class=\"wp-caption alignnone\" aria-describedby=\"caption-attachment-70239\"><img loading=\"lazy\" decoding=\"async\" class=\"size-full wp-image-70239\" src=\"https:\/\/www.pi.gov.br\/wp-content\/uploads\/2025\/07\/WhatsApp-Image-2025-07-22-at-13.59.30-1-scaled.jpeg\" sizes=\"auto, (max-width: 2560px) 100vw, 2560px\" srcset=\"https:\/\/www.pi.gov.br\/wp-content\/uploads\/2025\/07\/WhatsApp-Image-2025-07-22-at-13.59.30-1-scaled.jpeg 2560w, https:\/\/www.pi.gov.br\/wp-content\/uploads\/2025\/07\/WhatsApp-Image-2025-07-22-at-13.59.30-1-300x200.jpeg 300w, https:\/\/www.pi.gov.br\/wp-content\/uploads\/2025\/07\/WhatsApp-Image-2025-07-22-at-13.59.30-1-1024x683.jpeg 1024w, https:\/\/www.pi.gov.br\/wp-content\/uploads\/2025\/07\/WhatsApp-Image-2025-07-22-at-13.59.30-1-768x512.jpeg 768w, https:\/\/www.pi.gov.br\/wp-content\/uploads\/2025\/07\/WhatsApp-Image-2025-07-22-at-13.59.30-1-1536x1024.jpeg 1536w, https:\/\/www.pi.gov.br\/wp-content\/uploads\/2025\/07\/WhatsApp-Image-2025-07-22-at-13.59.30-1-2048x1366.jpeg 2048w\" alt=\"Criadores de peixe na localidade Carnaubal, no munic\u00edpio de Oeiras, recebem o apoio da SAF (Foto: Geirlys Silva)\" width=\"2560\" height=\"1707\" data-uw-rm-alt-original=\"\" data-uw-rm-alt=\"CT\" \/><figcaption id=\"caption-attachment-70239\" class=\"wp-caption-text\">Criadores de peixe na localidade Carnaubal, no munic\u00edpio de Oeiras, recebem o apoio da SAF (Foto: Geirlys Silva)<\/figcaption><\/figure>\n","protected":false},"excerpt":{"rendered":"<p>Nesta sexta-feira (25) \u00e9 comemorado o Dia Internacional da Agricultura Familiar, data institu\u00edda pela Organiza\u00e7\u00e3o das Na\u00e7\u00f5es Unidas (ONU) para reconhecer e valorizar o trabalho dos agricultores familiares e a import\u00e2ncia da atividade para a seguran\u00e7a alimentar e o desenvolvimento sustent\u00e1vel. No Piau\u00ed, a a\u00e7\u00e3o da Secretaria da Agricultura Familiar (SAF) tem sido protagonista de [&hellip;]<\/p>\n","protected":false},"author":2,"featured_media":9798,"comment_status":"open","ping_status":"open","sticky":false,"template":"","format":"standard","meta":{"om_disable_all_campaigns":false,"_monsterinsights_skip_tracking":false,"_monsterinsights_sitenote_active":false,"_monsterinsights_sitenote_note":"","_monsterinsights_sitenote_category":0,"footnotes":""},"categories":[33],"tags":[],"class_list":["post-9797","post","type-post","status-publish","format-standard","has-post-thumbnail","hentry","category-piaui"],"jetpack_featured_media_url":"https:\/\/fatoelado.com\/wp-content\/uploads\/2025\/07\/IMG_0872-1536x1024-1.jpg","_links":{"self":[{"href":"https:\/\/fatoelado.com\/index.php?rest_route=\/wp\/v2\/posts\/9797","targetHints":{"allow":["GET"]}}],"collection":[{"href":"https:\/\/fatoelado.com\/index.php?rest_route=\/wp\/v2\/posts"}],"about":[{"href":"https:\/\/fatoelado.com\/index.php?rest_route=\/wp\/v2\/types\/post"}],"author":[{"embeddable":true,"href":"https:\/\/fatoelado.com\/index.php?rest_route=\/wp\/v2\/users\/2"}],"replies":[{"embeddable":true,"href":"https:\/\/fatoelado.com\/index.php?rest_route=%2Fwp%2Fv2%2Fcomments&post=9797"}],"version-history":[{"count":1,"href":"https:\/\/fatoelado.com\/index.php?rest_route=\/wp\/v2\/posts\/9797\/revisions"}],"predecessor-version":[{"id":9799,"href":"https:\/\/fatoelado.com\/index.php?rest_route=\/wp\/v2\/posts\/9797\/revisions\/9799"}],"wp:featuredmedia":[{"embeddable":true,"href":"https:\/\/fatoelado.com\/index.php?rest_route=\/wp\/v2\/media\/9798"}],"wp:attachment":[{"href":"https:\/\/fatoelado.com\/index.php?rest_route=%2Fwp%2Fv2%2Fmedia&parent=9797"}],"wp:term":[{"taxonomy":"category","embeddable":true,"href":"https:\/\/fatoelado.com\/index.php?rest_route=%2Fwp%2Fv2%2Fcategories&post=9797"},{"taxonomy":"post_tag","embeddable":true,"href":"https:\/\/fatoelado.com\/index.php?rest_route=%2Fwp%2Fv2%2Ftags&post=9797"}],"curies":[{"name":"wp","href":"https:\/\/api.w.org\/{rel}","templated":true}]}}