{"id":9794,"date":"2025-07-25T11:23:27","date_gmt":"2025-07-25T14:23:27","guid":{"rendered":"https:\/\/fatoelado.com\/?p=9794"},"modified":"2025-07-25T11:23:27","modified_gmt":"2025-07-25T14:23:27","slug":"piaui-e-o-estado-mais-seguro-do-nordeste-revela-anuario-brasileiro-de-seguranca","status":"publish","type":"post","link":"https:\/\/fatoelado.com\/?p=9794","title":{"rendered":"Piau\u00ed \u00e9 o estado mais seguro do Nordeste, revela Anu\u00e1rio Brasileiro de Seguran\u00e7a"},"content":{"rendered":"<p>Mais uma vez o Piau\u00ed \u00e9 destaque nacional como o estado menos violento do Nordeste. \u00c9 o que revelou o Anu\u00e1rio Brasileiro de Seguran\u00e7a P\u00fablica 2025, lan\u00e7ada nesta quinta-feira (24). Segundo o levantamento, a taxa de mortes violentas no estado ficou abaixo da m\u00e9dia nacional no ano de 2024. Al\u00e9m disso, nenhuma cidade piauiense aparece entre as 50 mais violentas do pa\u00eds.<\/p>\n<p><img loading=\"lazy\" decoding=\"async\" class=\"aligncenter wp-image-9795 size-large\" src=\"http:\/\/fatoelado.com\/wp-content\/uploads\/2025\/07\/image00044-scaled-1-1024x916.jpeg\" alt=\"\" width=\"810\" height=\"725\" srcset=\"https:\/\/fatoelado.com\/wp-content\/uploads\/2025\/07\/image00044-scaled-1-1024x916.jpeg 1024w, https:\/\/fatoelado.com\/wp-content\/uploads\/2025\/07\/image00044-scaled-1-300x268.jpeg 300w, https:\/\/fatoelado.com\/wp-content\/uploads\/2025\/07\/image00044-scaled-1-768x687.jpeg 768w, https:\/\/fatoelado.com\/wp-content\/uploads\/2025\/07\/image00044-scaled-1-1536x1375.jpeg 1536w, https:\/\/fatoelado.com\/wp-content\/uploads\/2025\/07\/image00044-scaled-1-2048x1833.jpeg 2048w\" sizes=\"auto, (max-width: 810px) 100vw, 810px\" \/><\/p>\n<p>O Piau\u00ed vem se consolidando como um dos estados brasileiros que mais avan\u00e7am no enfrentamento \u00e0 criminalidade, com redu\u00e7\u00f5es importantes em indicadores estrat\u00e9gicos. Esse resultado \u00e9 fruto dos investimentos constante em seguran\u00e7a p\u00fablica, com aumento do efetivo, com intelig\u00eancia e com o uso da tecnologia, construindo um Piau\u00ed cada vez mais seguro para todos.<\/p>\n<p>Entre os \u00edndices de destaque no documento est\u00e1 a redu\u00e7\u00e3o nas mortes violentas intencionais (MVIs), quesito em que o estado registrou 737 casos em 2024, representando uma taxa de 20,3 por 100 mil habitantes. Esse n\u00famero \u00e9 inferior \u00e0 m\u00e9dia da regi\u00e3o Nordeste, de 33,8, e de grandes capitais, como Fortaleza (CE) e Salvador (BA). A redu\u00e7\u00e3o foi de 7,3% em rela\u00e7\u00e3o ao ano anterior, superando a m\u00e9dia nacional de 5,4%.<\/p>\n<p>Com rela\u00e7\u00e3o aos homic\u00eddios dolosos, houve uma queda de 7,9% entre 2023 e 2024. Foram 626 v\u00edtimas no \u00faltimo ano, com uma taxa de 18,5 por 100 mil habitantes. Com esse desempenho, o Piau\u00ed figura \u00e0 frente de vizinhos como Maranh\u00e3o (28,3), Para\u00edba (23,7) e Alagoas (32,7).<\/p>\n<p><img loading=\"lazy\" decoding=\"async\" class=\"size-full wp-image-69469 aligncenter\" src=\"https:\/\/www.pi.gov.br\/wp-content\/uploads\/2025\/07\/SSP-1.jpeg\" sizes=\"auto, (max-width: 1000px) 100vw, 1000px\" srcset=\"https:\/\/www.pi.gov.br\/wp-content\/uploads\/2025\/07\/SSP-1.jpeg 1000w, https:\/\/www.pi.gov.br\/wp-content\/uploads\/2025\/07\/SSP-1-300x200.jpeg 300w, https:\/\/www.pi.gov.br\/wp-content\/uploads\/2025\/07\/SSP-1-768x511.jpeg 768w\" alt=\"\" width=\"1000\" height=\"666\" data-uw-rm-alt-original=\"\" data-uw-rm-alt=\"QU\" \/><\/p>\n<p>O secret\u00e1rio da Seguran\u00e7a P\u00fablica do Piau\u00ed, Chico Lucas, avalia os dados com otimismo e responsabilidade. \u201cEstamos avan\u00e7ando com firmeza e de forma consistente. Seguimos comprometidos com uma seguran\u00e7a p\u00fablica cada vez mais moderna, eficiente e voltada \u00e0 prote\u00e7\u00e3o da nossa popula\u00e7\u00e3o\u201d, afirmou o gestor.<\/p>\n<p><img loading=\"lazy\" decoding=\"async\" class=\"size-full wp-image-67369 aligncenter\" src=\"https:\/\/www.pi.gov.br\/wp-content\/uploads\/2025\/07\/rafael-fonteles-e-chico-lucas-e1752359208801.jpg\" sizes=\"auto, (max-width: 1000px) 100vw, 1000px\" srcset=\"https:\/\/www.pi.gov.br\/wp-content\/uploads\/2025\/07\/rafael-fonteles-e-chico-lucas-e1752359208801.jpg 1000w, https:\/\/www.pi.gov.br\/wp-content\/uploads\/2025\/07\/rafael-fonteles-e-chico-lucas-e1752359208801-300x161.jpg 300w, https:\/\/www.pi.gov.br\/wp-content\/uploads\/2025\/07\/rafael-fonteles-e-chico-lucas-e1752359208801-768x412.jpg 768w\" alt=\"\" width=\"1000\" height=\"537\" data-uw-rm-alt-original=\"\" data-uw-rm-alt=\"QU\" \/><\/p>\n<p><strong>Queda nos roubos e furtos de celulares<\/strong><\/p>\n<p>Os casos de roubos e furtos de celulares, em 2024, apresentaram uma taxa estadual de 479,4 ocorr\u00eancias por 100 mil habitantes, uma queda de 29,7% em rela\u00e7\u00e3o ao ano anterior. Refer\u00eancia nacional devido \u00e0s pol\u00edticas e tecnologias de combate a esse tipo de crime implementadas pelo Governo do Estado, por meio da Secretaria da Seguran\u00e7a P\u00fablica (SSP-PI), o Piau\u00ed \u00e9 pioneiro na recupera\u00e7\u00e3o de aparelhos, pois, a cada 2,7 aparelhos roubados ou furtados, um \u00e9 recuperado.<\/p>\n<p><img loading=\"lazy\" decoding=\"async\" class=\"alignnone size-full wp-image-39612\" src=\"https:\/\/www.pi.gov.br\/wp-content\/uploads\/2025\/03\/WhatsApp-Image-2025-03-26-at-15.02.49-1.jpeg\" sizes=\"auto, (max-width: 1600px) 100vw, 1600px\" srcset=\"https:\/\/www.pi.gov.br\/wp-content\/uploads\/2025\/03\/WhatsApp-Image-2025-03-26-at-15.02.49-1.jpeg 1600w, https:\/\/www.pi.gov.br\/wp-content\/uploads\/2025\/03\/WhatsApp-Image-2025-03-26-at-15.02.49-1-300x200.jpeg 300w, https:\/\/www.pi.gov.br\/wp-content\/uploads\/2025\/03\/WhatsApp-Image-2025-03-26-at-15.02.49-1-1024x682.jpeg 1024w, https:\/\/www.pi.gov.br\/wp-content\/uploads\/2025\/03\/WhatsApp-Image-2025-03-26-at-15.02.49-1-768x512.jpeg 768w, https:\/\/www.pi.gov.br\/wp-content\/uploads\/2025\/03\/WhatsApp-Image-2025-03-26-at-15.02.49-1-1536x1023.jpeg 1536w\" alt=\"\" width=\"1600\" height=\"1066\" data-uw-rm-alt-original=\"\" data-uw-rm-alt=\"QU\" \/><\/p>\n<p>\u201cPara n\u00f3s operacionalizarmos essa pol\u00edtica, foram desenvolvidas duas aplica\u00e7\u00f5es embarcadas com muita tecnologia, que s\u00e3o o LupaApp e o CellGuard. Duas ferramentas com o objetivo de rastrear celulares, chegar at\u00e9 os receptadores e, tamb\u00e9m, restituir os celulares aos seus leg\u00edtimos propriet\u00e1rios. O resultado \u00e9 esse: segundo o anu\u00e1rio, n\u00f3s temos a melhor taxa de recupera\u00e7\u00e3o\u201d, explicou o superintendente de Opera\u00e7\u00f5es Integradas da SSP, delegado Matheus Zanatta.<\/p>\n<p><img loading=\"lazy\" decoding=\"async\" class=\"alignnone size-full wp-image-69975\" src=\"https:\/\/www.pi.gov.br\/wp-content\/uploads\/2025\/07\/Solenidade-SSP-PRF-sistema-de-radio-19-scaled.jpeg\" sizes=\"auto, (max-width: 2560px) 100vw, 2560px\" srcset=\"https:\/\/www.pi.gov.br\/wp-content\/uploads\/2025\/07\/Solenidade-SSP-PRF-sistema-de-radio-19-scaled.jpeg 2560w, https:\/\/www.pi.gov.br\/wp-content\/uploads\/2025\/07\/Solenidade-SSP-PRF-sistema-de-radio-19-300x200.jpeg 300w, https:\/\/www.pi.gov.br\/wp-content\/uploads\/2025\/07\/Solenidade-SSP-PRF-sistema-de-radio-19-1024x683.jpeg 1024w, https:\/\/www.pi.gov.br\/wp-content\/uploads\/2025\/07\/Solenidade-SSP-PRF-sistema-de-radio-19-768x512.jpeg 768w, https:\/\/www.pi.gov.br\/wp-content\/uploads\/2025\/07\/Solenidade-SSP-PRF-sistema-de-radio-19-1536x1024.jpeg 1536w, https:\/\/www.pi.gov.br\/wp-content\/uploads\/2025\/07\/Solenidade-SSP-PRF-sistema-de-radio-19-2048x1365.jpeg 2048w\" alt=\"\" width=\"2560\" height=\"1706\" data-uw-rm-alt-original=\"\" data-uw-rm-alt=\"QU\" \/><\/p>\n<p><strong>Ve\u00edculos roubados ou furtados<\/strong><\/p>\n<p>O anu\u00e1rio tamb\u00e9m constatou que o Piau\u00ed obteve uma redu\u00e7\u00e3o de 25,1% nos roubos de ve\u00edculos, com 3.999 ocorr\u00eancias em 2024. J\u00e1 no caso dos furtos, a queda foi de 15,1%, totalizando 1.813 registros. Os resultados demonstram a efetividade das a\u00e7\u00f5es integradas entre a Secretaria da Seguran\u00e7a P\u00fablica e as for\u00e7as policiais, como a Pol\u00edcia Civil (PC-PI) e a Pol\u00edcia Militar (PM-PI).<\/p>\n<figure id=\"attachment_63040\" class=\"wp-caption alignnone\" aria-describedby=\"caption-attachment-63040\"><img loading=\"lazy\" decoding=\"async\" class=\"wp-image-63040 size-full\" src=\"https:\/\/www.pi.gov.br\/wp-content\/uploads\/2025\/06\/Solenidade-de-Restituicao-de-42-veiculos-recuperados-durante-acao-conjunta-entre-as-forcas-de-seguranca-54-scaled.jpeg\" sizes=\"auto, (max-width: 2560px) 100vw, 2560px\" srcset=\"https:\/\/www.pi.gov.br\/wp-content\/uploads\/2025\/06\/Solenidade-de-Restituicao-de-42-veiculos-recuperados-durante-acao-conjunta-entre-as-forcas-de-seguranca-54-scaled.jpeg 2560w, https:\/\/www.pi.gov.br\/wp-content\/uploads\/2025\/06\/Solenidade-de-Restituicao-de-42-veiculos-recuperados-durante-acao-conjunta-entre-as-forcas-de-seguranca-54-300x200.jpeg 300w, https:\/\/www.pi.gov.br\/wp-content\/uploads\/2025\/06\/Solenidade-de-Restituicao-de-42-veiculos-recuperados-durante-acao-conjunta-entre-as-forcas-de-seguranca-54-1024x683.jpeg 1024w, https:\/\/www.pi.gov.br\/wp-content\/uploads\/2025\/06\/Solenidade-de-Restituicao-de-42-veiculos-recuperados-durante-acao-conjunta-entre-as-forcas-de-seguranca-54-768x512.jpeg 768w, https:\/\/www.pi.gov.br\/wp-content\/uploads\/2025\/06\/Solenidade-de-Restituicao-de-42-veiculos-recuperados-durante-acao-conjunta-entre-as-forcas-de-seguranca-54-1536x1024.jpeg 1536w, https:\/\/www.pi.gov.br\/wp-content\/uploads\/2025\/06\/Solenidade-de-Restituicao-de-42-veiculos-recuperados-durante-acao-conjunta-entre-as-forcas-de-seguranca-54-2048x1366.jpeg 2048w\" alt=\"Foto: Gabriel Paulino\" width=\"2560\" height=\"1707\" data-uw-rm-alt-original=\"\" data-uw-rm-alt=\"CT\" \/><figcaption id=\"caption-attachment-63040\" class=\"wp-caption-text\">Foto: Gabriel Paulino<\/figcaption><\/figure>\n<p><strong>Anu\u00e1rio Brasileiro de Seguran\u00e7a P\u00fablica<\/strong><\/p>\n<p>Divulgado pelo F\u00f3rum Brasileiro de Seguran\u00e7a P\u00fablica (FBSP), o Anu\u00e1rio Brasileiro de Seguran\u00e7a P\u00fablica re\u00fane dados sobre a realidade da viol\u00eancia no Brasil, fornecidos pelas secretarias de seguran\u00e7a p\u00fablica estaduais, pelas pol\u00edcias civis, militares e federal, entre outras fontes oficiais da Seguran\u00e7a P\u00fablica.<\/p>\n<p>A publica\u00e7\u00e3o \u00e9 uma ferramenta importante para a promo\u00e7\u00e3o da transpar\u00eancia e da presta\u00e7\u00e3o de contas na \u00e1rea, contribuindo para a melhoria da qualidade dos dados. Ademais, produz conhecimento, incentiva a avalia\u00e7\u00e3o de pol\u00edticas p\u00fablicas e promove o debate de novos temas na agenda do setor.<\/p>\n","protected":false},"excerpt":{"rendered":"<p>Mais uma vez o Piau\u00ed \u00e9 destaque nacional como o estado menos violento do Nordeste. \u00c9 o que revelou o Anu\u00e1rio Brasileiro de Seguran\u00e7a P\u00fablica 2025, lan\u00e7ada nesta quinta-feira (24). Segundo o levantamento, a taxa de mortes violentas no estado ficou abaixo da m\u00e9dia nacional no ano de 2024. Al\u00e9m disso, nenhuma cidade piauiense aparece [&hellip;]<\/p>\n","protected":false},"author":2,"featured_media":9795,"comment_status":"open","ping_status":"open","sticky":false,"template":"","format":"standard","meta":{"om_disable_all_campaigns":false,"_monsterinsights_skip_tracking":false,"_monsterinsights_sitenote_active":false,"_monsterinsights_sitenote_note":"","_monsterinsights_sitenote_category":0,"footnotes":""},"categories":[33,542],"tags":[],"class_list":["post-9794","post","type-post","status-publish","format-standard","has-post-thumbnail","hentry","category-piaui","category-policia"],"jetpack_featured_media_url":"https:\/\/fatoelado.com\/wp-content\/uploads\/2025\/07\/image00044-scaled-1.jpeg","_links":{"self":[{"href":"https:\/\/fatoelado.com\/index.php?rest_route=\/wp\/v2\/posts\/9794","targetHints":{"allow":["GET"]}}],"collection":[{"href":"https:\/\/fatoelado.com\/index.php?rest_route=\/wp\/v2\/posts"}],"about":[{"href":"https:\/\/fatoelado.com\/index.php?rest_route=\/wp\/v2\/types\/post"}],"author":[{"embeddable":true,"href":"https:\/\/fatoelado.com\/index.php?rest_route=\/wp\/v2\/users\/2"}],"replies":[{"embeddable":true,"href":"https:\/\/fatoelado.com\/index.php?rest_route=%2Fwp%2Fv2%2Fcomments&post=9794"}],"version-history":[{"count":1,"href":"https:\/\/fatoelado.com\/index.php?rest_route=\/wp\/v2\/posts\/9794\/revisions"}],"predecessor-version":[{"id":9796,"href":"https:\/\/fatoelado.com\/index.php?rest_route=\/wp\/v2\/posts\/9794\/revisions\/9796"}],"wp:featuredmedia":[{"embeddable":true,"href":"https:\/\/fatoelado.com\/index.php?rest_route=\/wp\/v2\/media\/9795"}],"wp:attachment":[{"href":"https:\/\/fatoelado.com\/index.php?rest_route=%2Fwp%2Fv2%2Fmedia&parent=9794"}],"wp:term":[{"taxonomy":"category","embeddable":true,"href":"https:\/\/fatoelado.com\/index.php?rest_route=%2Fwp%2Fv2%2Fcategories&post=9794"},{"taxonomy":"post_tag","embeddable":true,"href":"https:\/\/fatoelado.com\/index.php?rest_route=%2Fwp%2Fv2%2Ftags&post=9794"}],"curies":[{"name":"wp","href":"https:\/\/api.w.org\/{rel}","templated":true}]}}