{"id":9478,"date":"2025-05-14T11:37:48","date_gmt":"2025-05-14T14:37:48","guid":{"rendered":"https:\/\/fatoelado.com\/?p=9478"},"modified":"2025-05-14T11:37:48","modified_gmt":"2025-05-14T14:37:48","slug":"governo-inaugura-penitenciaria-em-buriti-dos-lopes-com-capacidade-para-307-internos","status":"publish","type":"post","link":"https:\/\/fatoelado.com\/?p=9478","title":{"rendered":"Governo inaugura penitenci\u00e1ria em Buriti dos Lopes com capacidade para 307 internos"},"content":{"rendered":"<p>A \u00a0Penitenci\u00e1ria Bispo Sebasti\u00e3o Alves de Souza foi inaugurada nesta ter\u00e7a-feira (13) na\u00a0<strong>cidade de Buriti dos Lopes<\/strong>, munic\u00edpio localizado ao Norte do Piau\u00ed, na regi\u00e3o de Parna\u00edba. Com capacidade para 307 internos, a unidade de seguran\u00e7a m\u00e1xima representa um refor\u00e7o na estrutura do sistema prisional do Piau\u00ed. O complexo recebeu investimentos superiores a R$ 35 milh\u00f5es, provenientes do Fundo Penitenci\u00e1rio Nacional (Funpen), e passa a integrar as a\u00e7\u00f5es do programa Pena Justa, do Supremo Tribunal Federal (STF).<\/p>\n<p><img loading=\"lazy\" decoding=\"async\" class=\"aligncenter wp-image-9479 size-large\" src=\"http:\/\/fatoelado.com\/wp-content\/uploads\/2025\/05\/penitenciaria-buriti-dos-lopes-1-1536x1024-1-1024x683.jpeg\" alt=\"\" width=\"810\" height=\"540\" srcset=\"https:\/\/fatoelado.com\/wp-content\/uploads\/2025\/05\/penitenciaria-buriti-dos-lopes-1-1536x1024-1-1024x683.jpeg 1024w, https:\/\/fatoelado.com\/wp-content\/uploads\/2025\/05\/penitenciaria-buriti-dos-lopes-1-1536x1024-1-300x200.jpeg 300w, https:\/\/fatoelado.com\/wp-content\/uploads\/2025\/05\/penitenciaria-buriti-dos-lopes-1-1536x1024-1-768x512.jpeg 768w, https:\/\/fatoelado.com\/wp-content\/uploads\/2025\/05\/penitenciaria-buriti-dos-lopes-1-1536x1024-1.jpeg 1536w\" sizes=\"auto, (max-width: 810px) 100vw, 810px\" \/><\/p>\n<p>O governador em exerc\u00edcio do Piau\u00ed, Severo Eul\u00e1lio, participou da solenidade de inaugura\u00e7\u00e3o e destacou a import\u00e2ncia da nova penitenci\u00e1ria. \u201c\u00c9 uma obra de grande porte, fruto da parceria entre o Minist\u00e9rio da Justi\u00e7a e o Governo do Piau\u00ed. Re\u00fane for\u00e7as de seguran\u00e7a e tem estrutura adequada para acolher pessoas que precisam ser reeducadas e reinseridas na sociedade\u201d, afirmou.<\/p>\n<p><img loading=\"lazy\" decoding=\"async\" class=\"aligncenter size-full wp-image-128180\" src=\"https:\/\/revistaaz.com.br\/wp-content\/uploads\/2025\/05\/penitenciaria-buriti-dos-lopes-10.jpeg\" sizes=\"auto, (max-width: 1599px) 100vw, 1599px\" srcset=\"https:\/\/revistaaz.com.br\/wp-content\/uploads\/2025\/05\/penitenciaria-buriti-dos-lopes-10.jpeg 1599w, https:\/\/revistaaz.com.br\/wp-content\/uploads\/2025\/05\/penitenciaria-buriti-dos-lopes-10-470x313.jpeg 470w, https:\/\/revistaaz.com.br\/wp-content\/uploads\/2025\/05\/penitenciaria-buriti-dos-lopes-10-750x500.jpeg 750w, https:\/\/revistaaz.com.br\/wp-content\/uploads\/2025\/05\/penitenciaria-buriti-dos-lopes-10-1536x1024.jpeg 1536w, https:\/\/revistaaz.com.br\/wp-content\/uploads\/2025\/05\/penitenciaria-buriti-dos-lopes-10-150x100.jpeg 150w\" alt=\"Governo inaugura penitenci\u00e1ria em Buriti dos Lopes com capacidade para 307 internos\" width=\"1599\" height=\"1066\" \/><\/p>\n<p>A nova unidade prisional conta com m\u00f3dulos destinados \u00e0 sa\u00fade, educa\u00e7\u00e3o e atividades laborais, com foco na ressocializa\u00e7\u00e3o das pessoas privadas de liberdade. A estrutura foi projetada para atender aos padr\u00f5es de seguran\u00e7a e oferecer condi\u00e7\u00f5es para cumprimento de penas de forma mais humanizada.<\/p>\n<p><img loading=\"lazy\" decoding=\"async\" class=\"aligncenter wp-image-9480 size-large\" src=\"http:\/\/fatoelado.com\/wp-content\/uploads\/2025\/05\/peniyenci-1024x683.jpeg\" alt=\"\" width=\"810\" height=\"540\" srcset=\"https:\/\/fatoelado.com\/wp-content\/uploads\/2025\/05\/peniyenci-1024x683.jpeg 1024w, https:\/\/fatoelado.com\/wp-content\/uploads\/2025\/05\/peniyenci-300x200.jpeg 300w, https:\/\/fatoelado.com\/wp-content\/uploads\/2025\/05\/peniyenci-768x512.jpeg 768w, https:\/\/fatoelado.com\/wp-content\/uploads\/2025\/05\/peniyenci.jpeg 1536w\" sizes=\"auto, (max-width: 810px) 100vw, 810px\" \/><\/p>\n<p>Durante a cerim\u00f4nia, foram entregues armamentos, coletes bal\u00edsticos e fardamentos aos policiais penais. O diretor de Pol\u00edticas Penitenci\u00e1rias do Minist\u00e9rio da Justi\u00e7a, Sandro Abel, que representou o ministro Ricardo Lewandowski no evento, refor\u00e7ou a relev\u00e2ncia estrat\u00e9gica da obra.<\/p>\n<p><img loading=\"lazy\" decoding=\"async\" class=\"aligncenter wp-image-9481 size-large\" src=\"http:\/\/fatoelado.com\/wp-content\/uploads\/2025\/05\/penitenciaria-buriti-dos-lopes-6-1536x1024-1-1024x683.jpeg\" alt=\"\" width=\"810\" height=\"540\" srcset=\"https:\/\/fatoelado.com\/wp-content\/uploads\/2025\/05\/penitenciaria-buriti-dos-lopes-6-1536x1024-1-1024x683.jpeg 1024w, https:\/\/fatoelado.com\/wp-content\/uploads\/2025\/05\/penitenciaria-buriti-dos-lopes-6-1536x1024-1-300x200.jpeg 300w, https:\/\/fatoelado.com\/wp-content\/uploads\/2025\/05\/penitenciaria-buriti-dos-lopes-6-1536x1024-1-768x512.jpeg 768w, https:\/\/fatoelado.com\/wp-content\/uploads\/2025\/05\/penitenciaria-buriti-dos-lopes-6-1536x1024-1.jpeg 1536w\" sizes=\"auto, (max-width: 810px) 100vw, 810px\" \/><\/p>\n<p>O secret\u00e1rio estadual da Justi\u00e7a, Carlos Augusto, destacou que a penitenci\u00e1ria faz parte do plano de valoriza\u00e7\u00e3o da seguran\u00e7a p\u00fablica no Piau\u00ed. \u201cEssa nova unidade de seguran\u00e7a m\u00e1xima foi constru\u00edda com excel\u00eancia. Acreditamos em um sistema mais humano, justo e seguro. Essa obra representa um avan\u00e7o no combate ao crime e no fortalecimento dos protocolos de seguran\u00e7a\u201d, declarou.<\/p>\n<p><img loading=\"lazy\" decoding=\"async\" class=\"aligncenter size-full wp-image-128183\" src=\"https:\/\/revistaaz.com.br\/wp-content\/uploads\/2025\/05\/penitenciaria-buriti-dos-lopes-4.jpeg\" sizes=\"auto, (max-width: 1599px) 100vw, 1599px\" srcset=\"https:\/\/revistaaz.com.br\/wp-content\/uploads\/2025\/05\/penitenciaria-buriti-dos-lopes-4.jpeg 1599w, https:\/\/revistaaz.com.br\/wp-content\/uploads\/2025\/05\/penitenciaria-buriti-dos-lopes-4-470x313.jpeg 470w, https:\/\/revistaaz.com.br\/wp-content\/uploads\/2025\/05\/penitenciaria-buriti-dos-lopes-4-750x500.jpeg 750w, https:\/\/revistaaz.com.br\/wp-content\/uploads\/2025\/05\/penitenciaria-buriti-dos-lopes-4-1536x1024.jpeg 1536w, https:\/\/revistaaz.com.br\/wp-content\/uploads\/2025\/05\/penitenciaria-buriti-dos-lopes-4-150x100.jpeg 150w\" alt=\"\" width=\"1599\" height=\"1066\" \/><img loading=\"lazy\" decoding=\"async\" class=\"aligncenter size-full wp-image-128184\" src=\"https:\/\/revistaaz.com.br\/wp-content\/uploads\/2025\/05\/penitenciaria-buriti-dos-lopes-9.jpeg\" sizes=\"auto, (max-width: 1599px) 100vw, 1599px\" srcset=\"https:\/\/revistaaz.com.br\/wp-content\/uploads\/2025\/05\/penitenciaria-buriti-dos-lopes-9.jpeg 1599w, https:\/\/revistaaz.com.br\/wp-content\/uploads\/2025\/05\/penitenciaria-buriti-dos-lopes-9-470x313.jpeg 470w, https:\/\/revistaaz.com.br\/wp-content\/uploads\/2025\/05\/penitenciaria-buriti-dos-lopes-9-750x500.jpeg 750w, https:\/\/revistaaz.com.br\/wp-content\/uploads\/2025\/05\/penitenciaria-buriti-dos-lopes-9-1536x1024.jpeg 1536w, https:\/\/revistaaz.com.br\/wp-content\/uploads\/2025\/05\/penitenciaria-buriti-dos-lopes-9-150x100.jpeg 150w\" alt=\"\" width=\"1599\" height=\"1066\" \/><img loading=\"lazy\" decoding=\"async\" class=\"aligncenter size-full wp-image-128185\" src=\"https:\/\/revistaaz.com.br\/wp-content\/uploads\/2025\/05\/penitenciaria-buriti-dos-lopes-11.jpeg\" sizes=\"auto, (max-width: 1599px) 100vw, 1599px\" srcset=\"https:\/\/revistaaz.com.br\/wp-content\/uploads\/2025\/05\/penitenciaria-buriti-dos-lopes-11.jpeg 1599w, https:\/\/revistaaz.com.br\/wp-content\/uploads\/2025\/05\/penitenciaria-buriti-dos-lopes-11-470x313.jpeg 470w, https:\/\/revistaaz.com.br\/wp-content\/uploads\/2025\/05\/penitenciaria-buriti-dos-lopes-11-750x500.jpeg 750w, https:\/\/revistaaz.com.br\/wp-content\/uploads\/2025\/05\/penitenciaria-buriti-dos-lopes-11-1536x1024.jpeg 1536w, https:\/\/revistaaz.com.br\/wp-content\/uploads\/2025\/05\/penitenciaria-buriti-dos-lopes-11-150x100.jpeg 150w\" alt=\"\" width=\"1599\" height=\"1066\" \/><img loading=\"lazy\" decoding=\"async\" class=\"aligncenter size-full wp-image-128186\" src=\"https:\/\/revistaaz.com.br\/wp-content\/uploads\/2025\/05\/penitenciaria-buriti-dos-lopes-12.jpeg\" sizes=\"auto, (max-width: 1599px) 100vw, 1599px\" srcset=\"https:\/\/revistaaz.com.br\/wp-content\/uploads\/2025\/05\/penitenciaria-buriti-dos-lopes-12.jpeg 1599w, https:\/\/revistaaz.com.br\/wp-content\/uploads\/2025\/05\/penitenciaria-buriti-dos-lopes-12-470x313.jpeg 470w, https:\/\/revistaaz.com.br\/wp-content\/uploads\/2025\/05\/penitenciaria-buriti-dos-lopes-12-750x500.jpeg 750w, https:\/\/revistaaz.com.br\/wp-content\/uploads\/2025\/05\/penitenciaria-buriti-dos-lopes-12-1536x1024.jpeg 1536w, https:\/\/revistaaz.com.br\/wp-content\/uploads\/2025\/05\/penitenciaria-buriti-dos-lopes-12-150x100.jpeg 150w\" alt=\"\" width=\"1599\" height=\"1066\" \/><\/p>\n","protected":false},"excerpt":{"rendered":"<p>A \u00a0Penitenci\u00e1ria Bispo Sebasti\u00e3o Alves de Souza foi inaugurada nesta ter\u00e7a-feira (13) na\u00a0cidade de Buriti dos Lopes, munic\u00edpio localizado ao Norte do Piau\u00ed, na regi\u00e3o de Parna\u00edba. Com capacidade para 307 internos, a unidade de seguran\u00e7a m\u00e1xima representa um refor\u00e7o na estrutura do sistema prisional do Piau\u00ed. O complexo recebeu investimentos superiores a R$ 35 [&hellip;]<\/p>\n","protected":false},"author":2,"featured_media":9481,"comment_status":"open","ping_status":"open","sticky":false,"template":"","format":"standard","meta":{"om_disable_all_campaigns":false,"_monsterinsights_skip_tracking":false,"_monsterinsights_sitenote_active":false,"_monsterinsights_sitenote_note":"","_monsterinsights_sitenote_category":0,"footnotes":""},"categories":[33],"tags":[],"class_list":["post-9478","post","type-post","status-publish","format-standard","has-post-thumbnail","hentry","category-piaui"],"jetpack_featured_media_url":"https:\/\/fatoelado.com\/wp-content\/uploads\/2025\/05\/penitenciaria-buriti-dos-lopes-6-1536x1024-1.jpeg","_links":{"self":[{"href":"https:\/\/fatoelado.com\/index.php?rest_route=\/wp\/v2\/posts\/9478","targetHints":{"allow":["GET"]}}],"collection":[{"href":"https:\/\/fatoelado.com\/index.php?rest_route=\/wp\/v2\/posts"}],"about":[{"href":"https:\/\/fatoelado.com\/index.php?rest_route=\/wp\/v2\/types\/post"}],"author":[{"embeddable":true,"href":"https:\/\/fatoelado.com\/index.php?rest_route=\/wp\/v2\/users\/2"}],"replies":[{"embeddable":true,"href":"https:\/\/fatoelado.com\/index.php?rest_route=%2Fwp%2Fv2%2Fcomments&post=9478"}],"version-history":[{"count":1,"href":"https:\/\/fatoelado.com\/index.php?rest_route=\/wp\/v2\/posts\/9478\/revisions"}],"predecessor-version":[{"id":9482,"href":"https:\/\/fatoelado.com\/index.php?rest_route=\/wp\/v2\/posts\/9478\/revisions\/9482"}],"wp:featuredmedia":[{"embeddable":true,"href":"https:\/\/fatoelado.com\/index.php?rest_route=\/wp\/v2\/media\/9481"}],"wp:attachment":[{"href":"https:\/\/fatoelado.com\/index.php?rest_route=%2Fwp%2Fv2%2Fmedia&parent=9478"}],"wp:term":[{"taxonomy":"category","embeddable":true,"href":"https:\/\/fatoelado.com\/index.php?rest_route=%2Fwp%2Fv2%2Fcategories&post=9478"},{"taxonomy":"post_tag","embeddable":true,"href":"https:\/\/fatoelado.com\/index.php?rest_route=%2Fwp%2Fv2%2Ftags&post=9478"}],"curies":[{"name":"wp","href":"https:\/\/api.w.org\/{rel}","templated":true}]}}