{"id":9343,"date":"2025-04-23T09:01:47","date_gmt":"2025-04-23T12:01:47","guid":{"rendered":"https:\/\/fatoelado.com\/?p=9343"},"modified":"2025-04-23T09:01:47","modified_gmt":"2025-04-23T12:01:47","slug":"teresina-vai-sediar-o-maior-evento-de-inovacao-e-empreendedorismo-do-nordeste-nos-dias-3-e-4-de-julho","status":"publish","type":"post","link":"https:\/\/fatoelado.com\/?p=9343","title":{"rendered":"Teresina vai sediar o maior evento de inova\u00e7\u00e3o e empreendedorismo do Nordeste nos dias 3 e 4 de julho"},"content":{"rendered":"<h2 class=\"elementor-heading-title elementor-size-default\">NEON (Nordeste On) vai reunir mais de 200 startups de todo Brasil. Evento foi lan\u00e7ado pelo governador Rafael Fonteles nesta ter\u00e7a (22)<\/h2>\n<p>Fonte: www.pi.gov.br<\/p>\n<p class=\"p1\">A capital piauiense ser\u00e1 palco da terceira edi\u00e7\u00e3o do NEON (Nordeste ON), o maior evento de inova\u00e7\u00e3o e empreendedorismo da regi\u00e3o, que ser\u00e1 realizado nos dias 3 e 4 de julho, no Centro de Conven\u00e7\u00f5es de Teresina. O NEON foi lan\u00e7ado, nesta ter\u00e7a-feira (22), pelo governador Rafael Fonteles, em solenidade no Pal\u00e1cio de Karnak. A expectativa \u00e9 que o evento re\u00fana mais de 15 mil pessoas e conte com a participa\u00e7\u00e3o de mais de 200 startups de todo o Brasil. O encontro tem como foco impulsionar o ecossistema de inova\u00e7\u00e3o e conectar empreendedores a investidores, aceleradoras, institui\u00e7\u00f5es p\u00fablicas e privadas.<\/p>\n<p class=\"p1\"><span class=\"s1\">\u201c\u00c9 o maior evento de inova\u00e7\u00e3o e empreendedorismo do Nordeste. Todos os atores do processo de inova\u00e7\u00e3o v\u00e3o estar no mesmo espa\u00e7o: startups, governo, universidades, financiadores desses projetos que podem crescer. Acreditamos fortemente que o desenvolvimento depende dos padr\u00f5es de inova\u00e7\u00e3o tecnol\u00f3gica. Por isso, receber esse evento nacional ser\u00e1 muito importante para continuarmos na evolu\u00e7\u00e3o da inova\u00e7\u00e3o e do empreendedorismo no estado do Piau\u00ed\u201d, afirmou o governador Rafael Fonteles.<\/span><\/p>\n<figure id=\"attachment_45962\" class=\"wp-caption aligncenter\" aria-describedby=\"caption-attachment-45962\"><img loading=\"lazy\" decoding=\"async\" class=\"wp-image-45962 size-full\" src=\"https:\/\/www.pi.gov.br\/wp-content\/uploads\/2025\/04\/Lancamento-da-Terceira-Edicao-do-Nordeste-On-5.jpeg\" sizes=\"auto, (max-width: 1280px) 100vw, 1280px\" srcset=\"https:\/\/www.pi.gov.br\/wp-content\/uploads\/2025\/04\/Lancamento-da-Terceira-Edicao-do-Nordeste-On-5.jpeg 1280w, https:\/\/www.pi.gov.br\/wp-content\/uploads\/2025\/04\/Lancamento-da-Terceira-Edicao-do-Nordeste-On-5-300x200.jpeg 300w, https:\/\/www.pi.gov.br\/wp-content\/uploads\/2025\/04\/Lancamento-da-Terceira-Edicao-do-Nordeste-On-5-1024x682.jpeg 1024w, https:\/\/www.pi.gov.br\/wp-content\/uploads\/2025\/04\/Lancamento-da-Terceira-Edicao-do-Nordeste-On-5-768x512.jpeg 768w\" alt=\"Foto: Gabriel Paulino\" width=\"1280\" height=\"853\" data-uw-rm-alt-original=\"\" data-uw-rm-alt=\"CT\" \/><figcaption id=\"caption-attachment-45962\" class=\"wp-caption-text\">Foto: Gabriel Paulino<\/figcaption><\/figure>\n<p class=\"p1\"><span class=\"s1\">Ainda de acordo com Rafael Fonteles, o apoio ao desenvolvimento da economia digital \u00e9 uma meta do governo. Al\u00e9m de realizar o evento, de forma conjunta com o Sebrae, o Estado d\u00e1 todo o apoio \u00e0s startups. \u201cO governo do Estado j\u00e1 acelerou 302 startups. O Piau\u00ed \u00e9 hoje o estado do Nordeste com o maior n\u00famero de startups. Isso, na verdade, \u00e9 o resultado de tudo que vimos fazendo nas escolas, em parceria com o Sebrae, com apoio financeiro \u00e0s empresas. \u00c9 fruto do esfor\u00e7o para priorizarmos a economia digital como estrat\u00e9gia\u201d, complementou.<\/span><\/p>\n<p class=\"p1\"><span class=\"s1\">Co-realizado pelo Governo do Estado do Piau\u00ed, por meio da Investe Piau\u00ed, e pelo Sebrae, o NEON ser\u00e1 um espa\u00e7o de exposi\u00e7\u00e3o de solu\u00e7\u00f5es tecnol\u00f3gicas, rodadas de neg\u00f3cios, mentorias, palestras e conex\u00f5es estrat\u00e9gicas. Esse ser\u00e1 o maior evento a ser realizado no Centro de Conven\u00e7\u00f5es de Teresina at\u00e9 o momento.<\/span><\/p>\n<figure id=\"attachment_45964\" class=\"wp-caption alignnone\" aria-describedby=\"caption-attachment-45964\"><img loading=\"lazy\" decoding=\"async\" class=\"wp-image-45964 size-full\" src=\"https:\/\/www.pi.gov.br\/wp-content\/uploads\/2025\/04\/Lancamento-da-Terceira-Edicao-do-Nordeste-On-4.jpeg\" sizes=\"auto, (max-width: 1280px) 100vw, 1280px\" srcset=\"https:\/\/www.pi.gov.br\/wp-content\/uploads\/2025\/04\/Lancamento-da-Terceira-Edicao-do-Nordeste-On-4.jpeg 1280w, https:\/\/www.pi.gov.br\/wp-content\/uploads\/2025\/04\/Lancamento-da-Terceira-Edicao-do-Nordeste-On-4-300x200.jpeg 300w, https:\/\/www.pi.gov.br\/wp-content\/uploads\/2025\/04\/Lancamento-da-Terceira-Edicao-do-Nordeste-On-4-1024x682.jpeg 1024w, https:\/\/www.pi.gov.br\/wp-content\/uploads\/2025\/04\/Lancamento-da-Terceira-Edicao-do-Nordeste-On-4-768x512.jpeg 768w\" alt=\"Foto: Gabriel Paulino\" width=\"1280\" height=\"853\" data-uw-rm-alt-original=\"\" data-uw-rm-alt=\"CT\" \/><figcaption id=\"caption-attachment-45964\" class=\"wp-caption-text\">Foto: Gabriel Paulino<\/figcaption><\/figure>\n<p class=\"p1\"><span class=\"s1\">O diretor t\u00e9cnico do Sebrae Nacional, Bruno Quick, destacou o crescimento da presen\u00e7a do Nordeste no cen\u00e1rio nacional de inova\u00e7\u00e3o. \u201cH\u00e1 quatro anos, 8% das startups do Brasil estavam aqui, hoje j\u00e1 s\u00e3o quase 30%. O investimento em educa\u00e7\u00e3o, como temos visto no Piau\u00ed \u2013 no ensino fundamental, m\u00e9dio, t\u00e9cnico e superior \u2013 somado \u00e0 criatividade e \u00e0 iniciativa do povo nordestino, especialmente dessa juventude que enfrenta os desafios, t\u00eam gerado inova\u00e7\u00e3o. O Nordeste tem ampliado sua atua\u00e7\u00e3o e a organiza\u00e7\u00e3o dos ecossistemas na regi\u00e3o tem avan\u00e7ado rapidamente\u201d, afirmou.<\/span><\/p>\n<p class=\"p1\"><span class=\"s1\">Segundo o superintendente do Sebrae Piau\u00ed, J\u00falio C\u00e9sar Filho, o evento consolida o protagonismo do estado na \u00e1rea da inova\u00e7\u00e3o. \u201cO Piau\u00ed \u00e9 hoje um celeiro de inova\u00e7\u00e3o e tecnologia. Com a realiza\u00e7\u00e3o do NEON, teremos a oportunidade de mostrar todo o nosso potencial para o Nordeste e para o Brasil. Ser\u00e3o mais de 200 startups reunidas, mostrando solu\u00e7\u00f5es, participando de mentorias, consultorias e se conectando com quem movimenta o setor\u201d, afirmou.<\/span><\/p>\n<figure id=\"attachment_45966\" class=\"wp-caption alignnone\" aria-describedby=\"caption-attachment-45966\"><img loading=\"lazy\" decoding=\"async\" class=\"wp-image-45966 size-full\" src=\"https:\/\/www.pi.gov.br\/wp-content\/uploads\/2025\/04\/Lancamento-da-Terceira-Edicao-do-Nordeste-On-1.jpeg\" sizes=\"auto, (max-width: 1280px) 100vw, 1280px\" srcset=\"https:\/\/www.pi.gov.br\/wp-content\/uploads\/2025\/04\/Lancamento-da-Terceira-Edicao-do-Nordeste-On-1.jpeg 1280w, https:\/\/www.pi.gov.br\/wp-content\/uploads\/2025\/04\/Lancamento-da-Terceira-Edicao-do-Nordeste-On-1-300x200.jpeg 300w, https:\/\/www.pi.gov.br\/wp-content\/uploads\/2025\/04\/Lancamento-da-Terceira-Edicao-do-Nordeste-On-1-1024x682.jpeg 1024w, https:\/\/www.pi.gov.br\/wp-content\/uploads\/2025\/04\/Lancamento-da-Terceira-Edicao-do-Nordeste-On-1-768x512.jpeg 768w\" alt=\"Foto: Gabriel Paulino\" width=\"1280\" height=\"853\" data-uw-rm-alt-original=\"\" data-uw-rm-alt=\"CT\" \/><figcaption id=\"caption-attachment-45966\" class=\"wp-caption-text\">Foto: Gabriel Paulino<\/figcaption><\/figure>\n<p><span class=\"s1\">Segundo o presidente da Investe Piau\u00ed, Victor Hugo, o estado j\u00e1 vive um momento de consolida\u00e7\u00e3o no setor de base tecnol\u00f3gica. \u201cEstamos cada vez mais convictos de que o Piau\u00ed entrou de vez no setor das startups, no setor das empresas de base tecnol\u00f3gica e Teresina \u00e9 vocacionada a isso porque, quando se fala de startups, de empresas de tecnologia, a gente est\u00e1 falando de c\u00e9rebro, est\u00e1 falando de m\u00e3o de obra qualificada, que \u00e9 uma voca\u00e7\u00e3o da capital, que \u00e9 uma voca\u00e7\u00e3o de Teresina\u201d, afirmou. Atualmente, a Investe Piau\u00ed acompanha mais de 300 startups em atividade.<\/span><\/p>\n<figure id=\"attachment_45965\" class=\"wp-caption alignnone\" aria-describedby=\"caption-attachment-45965\"><img loading=\"lazy\" decoding=\"async\" class=\"wp-image-45965 size-full\" src=\"https:\/\/www.pi.gov.br\/wp-content\/uploads\/2025\/04\/Lancamento-da-Terceira-Edicao-do-Nordeste-On-2.jpeg\" sizes=\"auto, (max-width: 1280px) 100vw, 1280px\" srcset=\"https:\/\/www.pi.gov.br\/wp-content\/uploads\/2025\/04\/Lancamento-da-Terceira-Edicao-do-Nordeste-On-2.jpeg 1280w, https:\/\/www.pi.gov.br\/wp-content\/uploads\/2025\/04\/Lancamento-da-Terceira-Edicao-do-Nordeste-On-2-300x200.jpeg 300w, https:\/\/www.pi.gov.br\/wp-content\/uploads\/2025\/04\/Lancamento-da-Terceira-Edicao-do-Nordeste-On-2-1024x682.jpeg 1024w, https:\/\/www.pi.gov.br\/wp-content\/uploads\/2025\/04\/Lancamento-da-Terceira-Edicao-do-Nordeste-On-2-768x512.jpeg 768w\" alt=\"Foto: Gabriel Paulino\" width=\"1280\" height=\"853\" data-uw-rm-alt-original=\"\" data-uw-rm-alt=\"CT\" \/><figcaption id=\"caption-attachment-45965\" class=\"wp-caption-text\">Foto: Gabriel Paulino<\/figcaption><\/figure>\n<p class=\"p1\"><span class=\"s1\">Para Delano Rocha, diretor t\u00e9cnico do Sebrae Piau\u00ed, o NEON ser\u00e1 uma oportunidade concreta para startups apresentarem suas solu\u00e7\u00f5es a quem busca inova\u00e7\u00e3o. \u201cO evento vai conectar essas empresas a investidores anjo, aceleradoras e institui\u00e7\u00f5es que movimentam o setor. \u00c9 um ambiente que favorece neg\u00f3cios, aprendizado e visibilidade nacional\u201d, destacou.<\/span><\/p>\n<p class=\"p1\"><span class=\"s1\">O empreendedor Rafael Rocha, da startup piauiense RevGas, que atua h\u00e1 sete anos com tecnologia para revenda de g\u00e1s, tamb\u00e9m refor\u00e7a a import\u00e2ncia da feira. \u201cEnxergamos o Neon como uma vitrine para apresentar nosso produto, apresentar o que a gente vem desenvolvendo e principalmente tamb\u00e9m para conhecer novas iniciativas. \u00c9 um momento de confraterniza\u00e7\u00e3o, de conhecimento, de aprender com as outras startups, aprender com as palestras, aprender com tudo que envolve o evento\u201d, afirmou.<\/span><\/p>\n<figure id=\"attachment_45960\" class=\"wp-caption alignnone\" aria-describedby=\"caption-attachment-45960\"><img loading=\"lazy\" decoding=\"async\" class=\"wp-image-45960 size-full\" src=\"https:\/\/www.pi.gov.br\/wp-content\/uploads\/2025\/04\/Lancamento-da-Terceira-Edicao-do-Nordeste-On-7.jpeg\" sizes=\"auto, (max-width: 1280px) 100vw, 1280px\" srcset=\"https:\/\/www.pi.gov.br\/wp-content\/uploads\/2025\/04\/Lancamento-da-Terceira-Edicao-do-Nordeste-On-7.jpeg 1280w, https:\/\/www.pi.gov.br\/wp-content\/uploads\/2025\/04\/Lancamento-da-Terceira-Edicao-do-Nordeste-On-7-300x200.jpeg 300w, https:\/\/www.pi.gov.br\/wp-content\/uploads\/2025\/04\/Lancamento-da-Terceira-Edicao-do-Nordeste-On-7-1024x682.jpeg 1024w, https:\/\/www.pi.gov.br\/wp-content\/uploads\/2025\/04\/Lancamento-da-Terceira-Edicao-do-Nordeste-On-7-768x512.jpeg 768w\" alt=\"Foto: Gabriel Paulino\" width=\"1280\" height=\"853\" data-uw-rm-alt-original=\"\" data-uw-rm-alt=\"CT\" \/><figcaption id=\"caption-attachment-45960\" class=\"wp-caption-text\">Foto: Gabriel Paulino<\/figcaption><\/figure>\n<p class=\"p1\"><span class=\"s1\">Para saber mais sobre o NEON, os interessados podem acessar o Portal do Sebrae no Piau\u00ed \u2013\u00a0<a href=\"https:\/\/sebrae.com.br\/sites\/PortalSebrae\/ufs\/pi?codUf=19\" data-uw-rm-brl=\"PR\" data-uw-original-href=\"https:\/\/sebrae.com.br\/sites\/PortalSebrae\/ufs\/pi?codUf=19\">pi.sebrae.com.br<\/a>, ou acompanhar os canais digitais da institui\u00e7\u00e3o.<\/span><\/p>\n","protected":false},"excerpt":{"rendered":"<p>NEON (Nordeste On) vai reunir mais de 200 startups de todo Brasil. Evento foi lan\u00e7ado pelo governador Rafael Fonteles nesta ter\u00e7a (22) Fonte: www.pi.gov.br A capital piauiense ser\u00e1 palco da terceira edi\u00e7\u00e3o do NEON (Nordeste ON), o maior evento de inova\u00e7\u00e3o e empreendedorismo da regi\u00e3o, que ser\u00e1 realizado nos dias 3 e 4 de julho, [&hellip;]<\/p>\n","protected":false},"author":2,"featured_media":9344,"comment_status":"open","ping_status":"open","sticky":false,"template":"","format":"standard","meta":{"om_disable_all_campaigns":false,"_monsterinsights_skip_tracking":false,"_monsterinsights_sitenote_active":false,"_monsterinsights_sitenote_note":"","_monsterinsights_sitenote_category":0,"footnotes":""},"categories":[33],"tags":[],"class_list":["post-9343","post","type-post","status-publish","format-standard","has-post-thumbnail","hentry","category-piaui"],"jetpack_featured_media_url":"https:\/\/fatoelado.com\/wp-content\/uploads\/2025\/04\/Lancamento-da-Terceira-Edicao-do-Nordeste-On-7.jpeg","_links":{"self":[{"href":"https:\/\/fatoelado.com\/index.php?rest_route=\/wp\/v2\/posts\/9343","targetHints":{"allow":["GET"]}}],"collection":[{"href":"https:\/\/fatoelado.com\/index.php?rest_route=\/wp\/v2\/posts"}],"about":[{"href":"https:\/\/fatoelado.com\/index.php?rest_route=\/wp\/v2\/types\/post"}],"author":[{"embeddable":true,"href":"https:\/\/fatoelado.com\/index.php?rest_route=\/wp\/v2\/users\/2"}],"replies":[{"embeddable":true,"href":"https:\/\/fatoelado.com\/index.php?rest_route=%2Fwp%2Fv2%2Fcomments&post=9343"}],"version-history":[{"count":1,"href":"https:\/\/fatoelado.com\/index.php?rest_route=\/wp\/v2\/posts\/9343\/revisions"}],"predecessor-version":[{"id":9345,"href":"https:\/\/fatoelado.com\/index.php?rest_route=\/wp\/v2\/posts\/9343\/revisions\/9345"}],"wp:featuredmedia":[{"embeddable":true,"href":"https:\/\/fatoelado.com\/index.php?rest_route=\/wp\/v2\/media\/9344"}],"wp:attachment":[{"href":"https:\/\/fatoelado.com\/index.php?rest_route=%2Fwp%2Fv2%2Fmedia&parent=9343"}],"wp:term":[{"taxonomy":"category","embeddable":true,"href":"https:\/\/fatoelado.com\/index.php?rest_route=%2Fwp%2Fv2%2Fcategories&post=9343"},{"taxonomy":"post_tag","embeddable":true,"href":"https:\/\/fatoelado.com\/index.php?rest_route=%2Fwp%2Fv2%2Ftags&post=9343"}],"curies":[{"name":"wp","href":"https:\/\/api.w.org\/{rel}","templated":true}]}}