{"id":9334,"date":"2025-04-21T07:53:10","date_gmt":"2025-04-21T10:53:10","guid":{"rendered":"https:\/\/fatoelado.com\/?p=9334"},"modified":"2025-04-21T07:53:10","modified_gmt":"2025-04-21T10:53:10","slug":"papa-francisco-morre-aos-88-anos","status":"publish","type":"post","link":"https:\/\/fatoelado.com\/?p=9334","title":{"rendered":"Papa Francisco morre aos 88 anos"},"content":{"rendered":"<p><strong>Jorge Mario Bergoglio<\/strong>, o Papa Francisco, faleceu aos 88 anos na madrugada desta segunda-feira (21\/4), conforme confirmado pelo Vaticano. O pont\u00edfice, o primeiro latino-americano a ocupar o cargo, morreu \u00e0s 2h35, hor\u00e1rio de Bras\u00edlia, e 7h35 no hor\u00e1rio local. Seu pontificado de 12 anos foi caracterizado por sua popularidade entre os fi\u00e9is e pela implementa\u00e7\u00e3o de reformas, que enfrentaram resist\u00eancia dentro do catolicismo, embora n\u00e3o alterassem os pilares doutrin\u00e1rios da Igreja.<\/p>\n<div class=\"code-block code-block-3\"><ins class=\"adsbygoogle\" data-ad-layout=\"in-article\" data-ad-format=\"fluid\" data-ad-client=\"ca-pub-7833497551827901\" data-ad-slot=\"1763918820\" data-adsbygoogle-status=\"done\" data-ad-status=\"unfilled\"><\/p>\n<div id=\"aswift_2_host\"><img loading=\"lazy\" decoding=\"async\" class=\"aligncenter wp-image-9335 size-large\" src=\"http:\/\/fatoelado.com\/wp-content\/uploads\/2025\/04\/papa-francisco-683x1024.jpg\" alt=\"\" width=\"683\" height=\"1024\" srcset=\"https:\/\/fatoelado.com\/wp-content\/uploads\/2025\/04\/papa-francisco-683x1024.jpg 683w, https:\/\/fatoelado.com\/wp-content\/uploads\/2025\/04\/papa-francisco-200x300.jpg 200w, https:\/\/fatoelado.com\/wp-content\/uploads\/2025\/04\/papa-francisco-768x1152.jpg 768w, https:\/\/fatoelado.com\/wp-content\/uploads\/2025\/04\/papa-francisco-1024x1536.jpg 1024w, https:\/\/fatoelado.com\/wp-content\/uploads\/2025\/04\/papa-francisco.jpg 1280w\" sizes=\"auto, (max-width: 683px) 100vw, 683px\" \/><\/div>\n<p><\/ins><\/div>\n<p>A sa\u00fade do pont\u00edfice j\u00e1 vinha inspirando cuidados h\u00e1 anos. Em fevereiro de 2025, Francisco teve um agravamento de uma bronquite e chegou a interromper discursos e compromissos. Desde 2022, usava cadeira de rodas devido a dores no joelho. Ele tamb\u00e9m enfrentou problemas respirat\u00f3rios, uma inflama\u00e7\u00e3o no c\u00f3lon e passou por cirurgia abdominal em 2023.<\/p>\n<p>O corpo ser\u00e1 velado na Bas\u00edlica de S\u00e3o Pedro, no Vaticano, e o funeral ocorrer\u00e1 com missa de corpo presente na Pra\u00e7a de S\u00e3o Pedro, conforme prev\u00ea a tradi\u00e7\u00e3o. Ainda em vida, Francisco manifestou desejo de ser sepultado na Bas\u00edlica de Santa Maria Maggiore, em Roma, rompendo com o costume de sepultamento na cripta de S\u00e3o Pedro.<\/p>\n<h4>Pontificado marcado por reformas e inclus\u00e3o<\/h4>\n<p>Eleito em 13 de mar\u00e7o de 2013, Bergoglio rompeu protocolos desde o in\u00edcio, surgindo na sacada da Bas\u00edlica de S\u00e3o Pedro sem os tradicionais ornamentos papais. Inspirado por S\u00e3o Francisco de Assis, adotou um estilo simples e pr\u00f3ximo dos fi\u00e9is, frequentemente chamando a aten\u00e7\u00e3o para a necessidade de justi\u00e7a social, acolhimento de migrantes, prote\u00e7\u00e3o ambiental e combate \u00e0 pobreza.<\/p>\n<p>Ao longo dos 12 anos de pontificado, tentou reformar a C\u00faria Romana e as finan\u00e7as da Santa S\u00e9. Tamb\u00e9m se posicionou contra a \u201cmentalidade machista\u201d dentro da Igreja e nomeou a freira Raffaella Petrini para liderar o Governo do Estado da Cidade do Vaticano, em 2024.<\/p>\n<p>Mesmo com sa\u00fade fr\u00e1gil, manteve agenda intensa de viagens, incluindo em 2023 uma jornada de 12 dias \u00e0 Indon\u00e9sia, Timor Leste, Papua-Nova Guin\u00e9 e Singapura. A imagem do papa rezando sozinho sob chuva na Pra\u00e7a de S\u00e3o Pedro, em 2020, tornou-se s\u00edmbolo da pandemia e de seu apelo por empatia global.<\/p>\n<div class=\"code-block code-block-5\"><ins class=\"adsbygoogle\" data-ad-layout=\"in-article\" data-ad-format=\"fluid\" data-ad-client=\"ca-pub-7833497551827901\" data-ad-slot=\"1763918820\" data-adsbygoogle-status=\"done\" data-ad-status=\"unfilled\"><\/p>\n<div id=\"aswift_4_host\">Resist\u00eancia interna e tens\u00f5es com setores conservadores<\/div>\n<p><\/ins><\/div>\n<p>O estilo pastoral e reformista de Francisco enfrentou resist\u00eancia entre setores mais conservadores da Igreja. Seu modo direto e, por vezes, centralizador de tomar decis\u00f5es gerou cr\u00edticas, especialmente entre membros da C\u00faria Romana. Ainda assim, seguiu determinado em impulsionar um modelo de Igreja mais inclusivo e menos burocr\u00e1tico.<\/p>\n<p>Durante seu pontificado, o papa tamb\u00e9m se destacou pela aproxima\u00e7\u00e3o com outras religi\u00f5es. Em 2016, realizou encontro in\u00e9dito com o patriarca ortodoxo russo Kirill. Avan\u00e7os, no entanto, foram interrompidos ap\u00f3s o apoio da Igreja Ortodoxa \u00e0 invas\u00e3o da Ucr\u00e2nia.<\/p>\n<p>No combate a abusos sexuais cometidos por membros do clero, Francisco aboliu o sigilo pontif\u00edcio que dificultava investiga\u00e7\u00f5es internas, medida considerada significativa, ainda que insuficiente por grupos de v\u00edtimas.<\/p>\n<h4>Da Argentina para o mundo<\/h4>\n<p>Nascido em Buenos Aires, em 17 de dezembro de 1936, Jorge Mario Bergoglio era filho de imigrantes italianos e formado em qu\u00edmica antes de ingressar na Companhia de Jesus, em 1958. Tornou-se sacerdote em 1969 e, em 1998, arcebispo de Buenos Aires. Em 2001, foi nomeado cardeal por Jo\u00e3o Paulo II.<\/p>\n<p>Ao ser escolhido como o 266\u00ba papa da hist\u00f3ria da Igreja Cat\u00f3lica, em 2013, aos 76 anos, trouxe consigo a experi\u00eancia pastoral e uma vis\u00e3o comprometida com as \u201cperiferias\u201d do mundo, termo que usava para se referir aos pobres, exclu\u00eddos e regi\u00f5es esquecidas.<\/p>\n<p>Com a morte de Francisco, inicia-se o per\u00edodo de S\u00e9 Vacante, durante o qual ser\u00e1 convocado o conclave de cardeais para a escolha de um novo pont\u00edfice. At\u00e9 l\u00e1, o camerlengo da Igreja Cat\u00f3lica, cardeal Kevin Joseph Farrell, assume a administra\u00e7\u00e3o do Vaticano.<\/p>\n<p>Em nota, Farrell lamentou a perda: \u201cToda a sua vida foi dedicada ao servi\u00e7o do Senhor e de Sua Igreja. Ele nos ensinou a viver os valores do Evangelho com fidelidade, coragem e amor universal.\u201d<\/p>\n<p>Com a morte de Jorge Mario Bergoglio, chega ao fim um pontificado marcado por simplicidade, reformas e pelo esfor\u00e7o de reaproxima\u00e7\u00e3o da Igreja com os anseios do mundo contempor\u00e2neo.<\/p>\n","protected":false},"excerpt":{"rendered":"<p>Jorge Mario Bergoglio, o Papa Francisco, faleceu aos 88 anos na madrugada desta segunda-feira (21\/4), conforme confirmado pelo Vaticano. O pont\u00edfice, o primeiro latino-americano a ocupar o cargo, morreu \u00e0s 2h35, hor\u00e1rio de Bras\u00edlia, e 7h35 no hor\u00e1rio local. Seu pontificado de 12 anos foi caracterizado por sua popularidade entre os fi\u00e9is e pela implementa\u00e7\u00e3o [&hellip;]<\/p>\n","protected":false},"author":2,"featured_media":9335,"comment_status":"open","ping_status":"open","sticky":false,"template":"","format":"standard","meta":{"om_disable_all_campaigns":false,"_monsterinsights_skip_tracking":false,"_monsterinsights_sitenote_active":false,"_monsterinsights_sitenote_note":"","_monsterinsights_sitenote_category":0,"footnotes":""},"categories":[47],"tags":[1417],"class_list":["post-9334","post","type-post","status-publish","format-standard","has-post-thumbnail","hentry","category-nacionais","tag-papa"],"jetpack_featured_media_url":"https:\/\/fatoelado.com\/wp-content\/uploads\/2025\/04\/papa-francisco.jpg","_links":{"self":[{"href":"https:\/\/fatoelado.com\/index.php?rest_route=\/wp\/v2\/posts\/9334","targetHints":{"allow":["GET"]}}],"collection":[{"href":"https:\/\/fatoelado.com\/index.php?rest_route=\/wp\/v2\/posts"}],"about":[{"href":"https:\/\/fatoelado.com\/index.php?rest_route=\/wp\/v2\/types\/post"}],"author":[{"embeddable":true,"href":"https:\/\/fatoelado.com\/index.php?rest_route=\/wp\/v2\/users\/2"}],"replies":[{"embeddable":true,"href":"https:\/\/fatoelado.com\/index.php?rest_route=%2Fwp%2Fv2%2Fcomments&post=9334"}],"version-history":[{"count":1,"href":"https:\/\/fatoelado.com\/index.php?rest_route=\/wp\/v2\/posts\/9334\/revisions"}],"predecessor-version":[{"id":9336,"href":"https:\/\/fatoelado.com\/index.php?rest_route=\/wp\/v2\/posts\/9334\/revisions\/9336"}],"wp:featuredmedia":[{"embeddable":true,"href":"https:\/\/fatoelado.com\/index.php?rest_route=\/wp\/v2\/media\/9335"}],"wp:attachment":[{"href":"https:\/\/fatoelado.com\/index.php?rest_route=%2Fwp%2Fv2%2Fmedia&parent=9334"}],"wp:term":[{"taxonomy":"category","embeddable":true,"href":"https:\/\/fatoelado.com\/index.php?rest_route=%2Fwp%2Fv2%2Fcategories&post=9334"},{"taxonomy":"post_tag","embeddable":true,"href":"https:\/\/fatoelado.com\/index.php?rest_route=%2Fwp%2Fv2%2Ftags&post=9334"}],"curies":[{"name":"wp","href":"https:\/\/api.w.org\/{rel}","templated":true}]}}