{"id":9132,"date":"2025-03-14T12:37:48","date_gmt":"2025-03-14T15:37:48","guid":{"rendered":"https:\/\/fatoelado.com\/?p=9132"},"modified":"2025-03-14T12:37:48","modified_gmt":"2025-03-14T15:37:48","slug":"13-municipios-vao-ter-novo-mapa-com-revisao-territorial-aprovada-na-alepi","status":"publish","type":"post","link":"https:\/\/fatoelado.com\/?p=9132","title":{"rendered":"13 munic\u00edpios v\u00e3o ter \u201cnovo mapa\u201d com revis\u00e3o territorial aprovada na Alepi"},"content":{"rendered":"<p>Com estudos territoriais do IBGE, governo do estado e prefeituras,\u00a0<strong>13 munic\u00edpios piauienses tiveram revis\u00e3o de \u00e1reas aprovadas<\/strong>\u00a0na Assembleia Legislativa do estado (Alepi). Os projetos de lei j\u00e1 foram sancionados pelo governador Rafael Fonteles (PT).<\/p>\n<p><img loading=\"lazy\" decoding=\"async\" class=\"aligncenter wp-image-9133 size-full\" src=\"http:\/\/fatoelado.com\/wp-content\/uploads\/2025\/03\/1b5185efb22d23c159763bfa8d2bc737.jpg\" alt=\"\" width=\"750\" height=\"450\" srcset=\"https:\/\/fatoelado.com\/wp-content\/uploads\/2025\/03\/1b5185efb22d23c159763bfa8d2bc737.jpg 750w, https:\/\/fatoelado.com\/wp-content\/uploads\/2025\/03\/1b5185efb22d23c159763bfa8d2bc737-300x180.jpg 300w\" sizes=\"auto, (max-width: 750px) 100vw, 750px\" \/><\/p>\n<p>Com a atualiza\u00e7\u00e3o da demarca\u00e7\u00e3o cartogr\u00e1fica dos 13 munic\u00edpios, alguns povoados que pertenciam a determinada cidade passar\u00e3o a ser geridos por munic\u00edpios vizinhos.\u00a0<strong>Com os ajustes nos limites territoriais, as prefeituras podem ter impactos no ICMS e repasses federais como Fundeb.<\/strong><\/p>\n<p>Segundo os estudos da Comiss\u00e3o de Estudos Territoriais do Piau\u00ed (Cete) n\u00e3o haver\u00e1 impacto significativo no FPM (Fundo de Participa\u00e7\u00e3o dos Munic\u00edpios) das 13 cidades.<\/p>\n<p>O deputado estadual H\u00e9lio Isaias, autor dos projetos de lei da revis\u00e3o de circunscri\u00e7\u00e3o territorial, explicou que os ajustes s\u00e3o realizados ap\u00f3s concilia\u00e7\u00e3o com prefeituras e \u00f3rg\u00e3os envolvidos.<\/p>\n<p><strong>No Piau\u00ed, cerca de 170 cidades ter\u00e3o mudan\u00e7as de \u00e1reas, tendo assim uma esp\u00e9cie de \u201cnovo mapa\u201d com aval do IBGE, que participa dos estudos.<\/strong><\/p>\n<p>Um dos argumentos \u00e9 que as delimita\u00e7\u00f5es precisam ser atualizadas.<\/p>\n<p>\u201cEm face da limita\u00e7\u00e3o tecnol\u00f3gica da \u00e9poca acabou por n\u00e3o refletir a melhor demarca\u00e7\u00e3o territorial do Munic\u00edpio, posto que com a evolu\u00e7\u00e3o tecnologia ocorrida. Nas \u00faltimas d\u00e9cadas surgiram novas regras de cartografia, corrigindo distor\u00e7\u00f5es territoriais e contribuindo para a supera\u00e7\u00e3o de entreves pol\u00edtico administrativos\u201d, diz texto do projeto de lei.<\/p>\n<p><img decoding=\"async\" src=\"https:\/\/cidadeverde.com\/assets\/uploads\/noticias\/383b18fe66d76fa8af2beeb9a81300a6.jpg\" alt=\"\" \/><\/p>\n<p><strong>Munic\u00edpios com revis\u00e3o territorial sancionado em 2024:\u00a0<\/strong><\/p>\n<blockquote><p>Arraial<br \/>\nIsaias Coelho<br \/>\nCapit\u00e3o de Campos<br \/>\nLagoa do Piau\u00ed<br \/>\nPaquet\u00e1<br \/>\nPrata do Piau\u00ed<br \/>\nSanta Cruz do Piau\u00ed<br \/>\nMonsenhor Gil<br \/>\nMorro do Chap\u00e9u do Piau\u00ed<br \/>\nSanto Antonio dos Milagres<br \/>\nS\u00e3o Jos\u00e9 do Divino<br \/>\nS\u00e3o Lu\u00eds do Piau\u00ed<br \/>\nWall Ferraz<\/p><\/blockquote>\n<p>&nbsp;<\/p>\n<p><strong>Em andamento na Alepi para 2025<\/strong><\/p>\n<p>Este ano, j\u00e1 est\u00e3o conclusos com parecer da Comiss\u00e3o em fase de encaminhamento e apresenta\u00e7\u00e3o de projeto de Lei os processos dos munic\u00edpios de:<\/p>\n<blockquote><p>Batalha<br \/>\nCol\u00f4nia do Piau\u00ed<br \/>\nHugo Napole\u00e3o<br \/>\nJardim do Mulato<br \/>\nMilton Brand\u00e3o<br \/>\nNova Santa Rita<br \/>\nS\u00e3o Jo\u00e3o da Canabrava<br \/>\nS\u00e3o Jo\u00e3o da Varjota<br \/>\nSimpl\u00edcio Mendes<br \/>\nLagoa do Barro<\/p><\/blockquote>\n<p>\u201cRessaltamos que os referidos processos envolvem aproximadamente as fronteiras de mais de 90 munic\u00edpios piauienses, tendo sido necess\u00e1ria a realiza\u00e7\u00e3o de audi\u00eancias de concilia\u00e7\u00e3o entre os gestores p\u00fablicos municipais, levantamentos de a\u00e9reo, etc\u201d, disse o deputado H\u00e9lio Isaias.<\/p>\n<p><strong>No Estado, cerca de 40 munic\u00edpios j\u00e1 tiveram revis\u00e3o cartogr\u00e1fica.<\/strong><\/p>\n","protected":false},"excerpt":{"rendered":"<p>Com estudos territoriais do IBGE, governo do estado e prefeituras,\u00a013 munic\u00edpios piauienses tiveram revis\u00e3o de \u00e1reas aprovadas\u00a0na Assembleia Legislativa do estado (Alepi). Os projetos de lei j\u00e1 foram sancionados pelo governador Rafael Fonteles (PT). Com a atualiza\u00e7\u00e3o da demarca\u00e7\u00e3o cartogr\u00e1fica dos 13 munic\u00edpios, alguns povoados que pertenciam a determinada cidade passar\u00e3o a ser geridos por [&hellip;]<\/p>\n","protected":false},"author":2,"featured_media":9133,"comment_status":"open","ping_status":"open","sticky":false,"template":"","format":"standard","meta":{"om_disable_all_campaigns":false,"_monsterinsights_skip_tracking":false,"_monsterinsights_sitenote_active":false,"_monsterinsights_sitenote_note":"","_monsterinsights_sitenote_category":0,"footnotes":""},"categories":[33,30],"tags":[454,1410],"class_list":["post-9132","post","type-post","status-publish","format-standard","has-post-thumbnail","hentry","category-piaui","category-politica","tag-alepi","tag-mapa-territorial"],"jetpack_featured_media_url":"https:\/\/fatoelado.com\/wp-content\/uploads\/2025\/03\/1b5185efb22d23c159763bfa8d2bc737.jpg","_links":{"self":[{"href":"https:\/\/fatoelado.com\/index.php?rest_route=\/wp\/v2\/posts\/9132","targetHints":{"allow":["GET"]}}],"collection":[{"href":"https:\/\/fatoelado.com\/index.php?rest_route=\/wp\/v2\/posts"}],"about":[{"href":"https:\/\/fatoelado.com\/index.php?rest_route=\/wp\/v2\/types\/post"}],"author":[{"embeddable":true,"href":"https:\/\/fatoelado.com\/index.php?rest_route=\/wp\/v2\/users\/2"}],"replies":[{"embeddable":true,"href":"https:\/\/fatoelado.com\/index.php?rest_route=%2Fwp%2Fv2%2Fcomments&post=9132"}],"version-history":[{"count":1,"href":"https:\/\/fatoelado.com\/index.php?rest_route=\/wp\/v2\/posts\/9132\/revisions"}],"predecessor-version":[{"id":9134,"href":"https:\/\/fatoelado.com\/index.php?rest_route=\/wp\/v2\/posts\/9132\/revisions\/9134"}],"wp:featuredmedia":[{"embeddable":true,"href":"https:\/\/fatoelado.com\/index.php?rest_route=\/wp\/v2\/media\/9133"}],"wp:attachment":[{"href":"https:\/\/fatoelado.com\/index.php?rest_route=%2Fwp%2Fv2%2Fmedia&parent=9132"}],"wp:term":[{"taxonomy":"category","embeddable":true,"href":"https:\/\/fatoelado.com\/index.php?rest_route=%2Fwp%2Fv2%2Fcategories&post=9132"},{"taxonomy":"post_tag","embeddable":true,"href":"https:\/\/fatoelado.com\/index.php?rest_route=%2Fwp%2Fv2%2Ftags&post=9132"}],"curies":[{"name":"wp","href":"https:\/\/api.w.org\/{rel}","templated":true}]}}