{"id":9024,"date":"2025-02-22T10:44:13","date_gmt":"2025-02-22T13:44:13","guid":{"rendered":"https:\/\/fatoelado.com\/?p=9024"},"modified":"2025-02-23T09:48:38","modified_gmt":"2025-02-23T12:48:38","slug":"helicoptero-que-seguia-para-parnaiba-faz-pouso-de-emergencia-em-esperantina-apos-problema-mecanico","status":"publish","type":"post","link":"https:\/\/fatoelado.com\/?p=9024","title":{"rendered":"Helic\u00f3ptero que seguia para Parna\u00edba faz pouso de emerg\u00eancia em Esperantina ap\u00f3s problema mec\u00e2nico"},"content":{"rendered":"<p style=\"font-weight: 400;\">Na manh\u00e3 deste s\u00e1bado (22\/02), um helic\u00f3ptero de prefixo PP-JAV realizou um pouso de emerg\u00eancia na cidade de Esperantina, na regi\u00e3o norte do Piau\u00ed. O incidente ocorreu em um terreno pr\u00f3ximo ao rodoanel da Avenida Bernardo Bezerra.<\/p>\n<p style=\"font-weight: 400;\">Segundo informa\u00e7\u00f5es o piloto da aeronave percebeu uma vibra\u00e7\u00e3o anormal durante o voo e decidiu realizar o pouso para verificar o que estava acontecendo. A falha foi atribu\u00edda ao desprendimento de uma fita do rotor, componente essencial para a estabilidade da aeronave, o que exigiu a interrup\u00e7\u00e3o da viagem.<\/p>\n<p style=\"font-weight: 400;\">O helic\u00f3ptero transportava cinco pessoas, incluindo o piloto e um empres\u00e1rio de Teresina, que seguia para Parna\u00edba. Felizmente, n\u00e3o houve v\u00edtimas, e todos os ocupantes sa\u00edram ilesos ap\u00f3s o susto.<\/p>\n<p style=\"font-weight: 400;\">A aeronave permanece no local aguardando a reposi\u00e7\u00e3o da pe\u00e7a defeituosa, que est\u00e1 sendo trazida de Teresina. Ap\u00f3s o reparo, o helic\u00f3ptero deve concluir o trajeto at\u00e9 o litoral do Piau\u00ed.<\/p>\n<p><img loading=\"lazy\" decoding=\"async\" class=\"aligncenter wp-image-9025 size-full\" src=\"http:\/\/fatoelado.com\/wp-content\/uploads\/2025\/02\/helicoptero.jpg\" alt=\"\" width=\"640\" height=\"389\" srcset=\"https:\/\/fatoelado.com\/wp-content\/uploads\/2025\/02\/helicoptero.jpg 640w, https:\/\/fatoelado.com\/wp-content\/uploads\/2025\/02\/helicoptero-300x182.jpg 300w\" sizes=\"auto, (max-width: 640px) 100vw, 640px\" \/><\/p>\n<p>As informa\u00e7\u00f5es s\u00e3o da Revista AZ.<\/p>\n","protected":false},"excerpt":{"rendered":"<p>Na manh\u00e3 deste s\u00e1bado (22\/02), um helic\u00f3ptero de prefixo PP-JAV realizou um pouso de emerg\u00eancia na cidade de Esperantina, na regi\u00e3o norte do Piau\u00ed. O incidente ocorreu em um terreno pr\u00f3ximo ao rodoanel da Avenida Bernardo Bezerra. Segundo informa\u00e7\u00f5es o piloto da aeronave percebeu uma vibra\u00e7\u00e3o anormal durante o voo e decidiu realizar o pouso [&hellip;]<\/p>\n","protected":false},"author":2,"featured_media":9025,"comment_status":"open","ping_status":"open","sticky":false,"template":"","format":"standard","meta":{"om_disable_all_campaigns":false,"_monsterinsights_skip_tracking":false,"_monsterinsights_sitenote_active":false,"_monsterinsights_sitenote_note":"","_monsterinsights_sitenote_category":0,"footnotes":""},"categories":[33],"tags":[],"class_list":["post-9024","post","type-post","status-publish","format-standard","has-post-thumbnail","hentry","category-piaui"],"jetpack_featured_media_url":"https:\/\/fatoelado.com\/wp-content\/uploads\/2025\/02\/helicoptero.jpg","_links":{"self":[{"href":"https:\/\/fatoelado.com\/index.php?rest_route=\/wp\/v2\/posts\/9024","targetHints":{"allow":["GET"]}}],"collection":[{"href":"https:\/\/fatoelado.com\/index.php?rest_route=\/wp\/v2\/posts"}],"about":[{"href":"https:\/\/fatoelado.com\/index.php?rest_route=\/wp\/v2\/types\/post"}],"author":[{"embeddable":true,"href":"https:\/\/fatoelado.com\/index.php?rest_route=\/wp\/v2\/users\/2"}],"replies":[{"embeddable":true,"href":"https:\/\/fatoelado.com\/index.php?rest_route=%2Fwp%2Fv2%2Fcomments&post=9024"}],"version-history":[{"count":3,"href":"https:\/\/fatoelado.com\/index.php?rest_route=\/wp\/v2\/posts\/9024\/revisions"}],"predecessor-version":[{"id":9028,"href":"https:\/\/fatoelado.com\/index.php?rest_route=\/wp\/v2\/posts\/9024\/revisions\/9028"}],"wp:featuredmedia":[{"embeddable":true,"href":"https:\/\/fatoelado.com\/index.php?rest_route=\/wp\/v2\/media\/9025"}],"wp:attachment":[{"href":"https:\/\/fatoelado.com\/index.php?rest_route=%2Fwp%2Fv2%2Fmedia&parent=9024"}],"wp:term":[{"taxonomy":"category","embeddable":true,"href":"https:\/\/fatoelado.com\/index.php?rest_route=%2Fwp%2Fv2%2Fcategories&post=9024"},{"taxonomy":"post_tag","embeddable":true,"href":"https:\/\/fatoelado.com\/index.php?rest_route=%2Fwp%2Fv2%2Ftags&post=9024"}],"curies":[{"name":"wp","href":"https:\/\/api.w.org\/{rel}","templated":true}]}}