{"id":8162,"date":"2024-08-20T12:04:14","date_gmt":"2024-08-20T15:04:14","guid":{"rendered":"https:\/\/fatoelado.com\/?p=8162"},"modified":"2024-08-20T12:04:14","modified_gmt":"2024-08-20T15:04:14","slug":"piaui-registra-mais-de-500-focos-de-incendio-somente-em-agosto","status":"publish","type":"post","link":"https:\/\/fatoelado.com\/?p=8162","title":{"rendered":"Piau\u00ed registra mais de 500 focos de inc\u00eandio somente em agosto"},"content":{"rendered":"<div class=\"mvp-post-main-in\">\n<div id=\"mvp-post-content\" class=\"left relative\">\n<div id=\"mvp-content-wrap\" class=\"left relative\">\n<div class=\"mvp-post-soc-out right relative\">\n<div class=\"mvp-post-soc-in\">\n<div id=\"mvp-content-body\" class=\"left relative\">\n<div id=\"mvp-content-body-top\" class=\"left relative\">\n<div id=\"mvp-content-main\" class=\"left relative\">\n<p>O estado do Piau\u00ed contabilizou 515 focos de inc\u00eandio somente no m\u00eas de agosto, conforme dados do Instituto Nacional de Pesquisas Espaciais (INPE), respons\u00e1vel pelo monitoramento de focos ativos em todo o Brasil. O n\u00famero elevado de inc\u00eandios acende um sinal de alerta, especialmente em raz\u00e3o da combina\u00e7\u00e3o de baixa umidade e altas temperaturas caracter\u00edsticas desta \u00e9poca do ano na regi\u00e3o.<\/p>\n<p><img loading=\"lazy\" decoding=\"async\" class=\"aligncenter size-full wp-image-115236\" src=\"https:\/\/revistaaz.com.br\/wp-content\/uploads\/2024\/08\/incendio-corpo-de-bombeiros.jpeg\" sizes=\"auto, (max-width: 1080px) 100vw, 1080px\" srcset=\"https:\/\/revistaaz.com.br\/wp-content\/uploads\/2024\/08\/incendio-corpo-de-bombeiros.jpeg 1080w, https:\/\/revistaaz.com.br\/wp-content\/uploads\/2024\/08\/incendio-corpo-de-bombeiros-500x275.jpeg 500w, https:\/\/revistaaz.com.br\/wp-content\/uploads\/2024\/08\/incendio-corpo-de-bombeiros-800x441.jpeg 800w\" alt=\"Piau\u00ed registra mais de 500 focos de inc\u00eandio somente em agosto\" width=\"1080\" height=\"595\" \/><\/p>\n<div class=\"code-block code-block-3\"><\/div>\n<p>De acordo com o Tenente Pedro Bento, do Corpo de Bombeiros do Piau\u00ed, os meses do per\u00edodo conhecido como \u201cB-R-O Br\u00f3\u201d, que incluem setembro, outubro, novembro e dezembro, s\u00e3o marcados por um aumento significativo na incid\u00eancia de inc\u00eandios. \u201cNa primeira metade do ano, temos chuvas e uma umidade relativa do ar bem maior do que agora no per\u00edodo do B-R-O Br\u00f3 e nos meses que o antecedem. Al\u00e9m disso, a temperatura se eleva, o que, junto com a vegeta\u00e7\u00e3o mais seca, aumenta muito a ocorr\u00eancia de inc\u00eandios\u201d, explicou o Tenente.<\/p>\n<p>As estat\u00edsticas do Corpo de Bombeiros indicam que, em 2024, o estado j\u00e1 registrou 1.945 inc\u00eandios, n\u00famero que tende a crescer nos pr\u00f3ximos meses. Neste per\u00edodo, os registros costumam ser dez vezes maiores, em compara\u00e7\u00e3o com outros meses do ano.<\/p>\n<p>Diante desse cen\u00e1rio, o Corpo de Bombeiros do Piau\u00ed tem intensificado as orienta\u00e7\u00f5es \u00e0 popula\u00e7\u00e3o, especialmente em \u00e1reas rurais e regi\u00f5es com vegeta\u00e7\u00e3o mais aberta. As recomenda\u00e7\u00f5es incluem o uso adequado das t\u00e9cnicas de asseio, a poda correta de \u00e1rvores e o manejo apropriado de res\u00edduos org\u00e2nicos. Essas pr\u00e1ticas s\u00e3o essenciais para reduzir os focos de inc\u00eandio e evitar a propaga\u00e7\u00e3o do fogo.<\/p>\n<div class=\"code-block code-block-4\"><\/div>\n<p>Em comunicado, o Corpo de Bombeiros destacou a import\u00e2ncia da colabora\u00e7\u00e3o dos propriet\u00e1rios rurais na ado\u00e7\u00e3o de medidas preventivas. \u201cO Corpo de Bombeiros enfatiza que a coopera\u00e7\u00e3o dos propriet\u00e1rios rurais \u00e9 fundamental para garantir um impacto positivo nas pol\u00edticas de preserva\u00e7\u00e3o ambiental\u201d, informou o \u00f3rg\u00e3o.<\/p>\n<div class=\"code-block code-block-10\"><\/div>\n<\/div>\n<\/div>\n<div class=\"mvp-cont-read-wrap\"><\/div>\n<\/div>\n<\/div>\n<\/div>\n<\/div>\n<\/div>\n<\/div>\n<div id=\"mvp-side-wrap\" class=\"left relative theiaStickySidebar\">\n<section id=\"custom_html-6\" class=\"widget_text mvp-side-widget widget_custom_html\">\n<div class=\"textwidget custom-html-widget\"><\/div>\n<\/section>\n<section id=\"custom_html-11\" class=\"widget_text mvp-side-widget widget_custom_html\">\n<div class=\"textwidget custom-html-widget\"><\/div>\n<\/section>\n<section id=\"custom_html-10\" class=\"widget_text mvp-side-widget widget_custom_html\">\n<div class=\"textwidget custom-html-widget\"><\/div>\n<\/section>\n<section id=\"custom_html-8\" class=\"widget_text mvp-side-widget widget_custom_html\">\n<div class=\"textwidget custom-html-widget\"><\/div>\n<\/section>\n<section id=\"custom_html-7\" class=\"widget_text mvp-side-widget widget_custom_html\">\n<div class=\"textwidget custom-html-widget\"><\/div>\n<\/section>\n<section id=\"custom_html-5\" class=\"widget_text mvp-side-widget widget_custom_html\">\n<div class=\"textwidget custom-html-widget\"><\/div>\n<\/section>\n<\/div>\n","protected":false},"excerpt":{"rendered":"<p>O estado do Piau\u00ed contabilizou 515 focos de inc\u00eandio somente no m\u00eas de agosto, conforme dados do Instituto Nacional de Pesquisas Espaciais (INPE), respons\u00e1vel pelo monitoramento de focos ativos em todo o Brasil. O n\u00famero elevado de inc\u00eandios acende um sinal de alerta, especialmente em raz\u00e3o da combina\u00e7\u00e3o de baixa umidade e altas temperaturas caracter\u00edsticas [&hellip;]<\/p>\n","protected":false},"author":2,"featured_media":8138,"comment_status":"open","ping_status":"open","sticky":false,"template":"","format":"standard","meta":{"om_disable_all_campaigns":false,"_monsterinsights_skip_tracking":false,"_monsterinsights_sitenote_active":false,"_monsterinsights_sitenote_note":"","_monsterinsights_sitenote_category":0,"footnotes":""},"categories":[33],"tags":[444],"class_list":["post-8162","post","type-post","status-publish","format-standard","has-post-thumbnail","hentry","category-piaui","tag-incendio"],"jetpack_featured_media_url":"https:\/\/fatoelado.com\/wp-content\/uploads\/2024\/08\/aviao.jpeg","_links":{"self":[{"href":"https:\/\/fatoelado.com\/index.php?rest_route=\/wp\/v2\/posts\/8162","targetHints":{"allow":["GET"]}}],"collection":[{"href":"https:\/\/fatoelado.com\/index.php?rest_route=\/wp\/v2\/posts"}],"about":[{"href":"https:\/\/fatoelado.com\/index.php?rest_route=\/wp\/v2\/types\/post"}],"author":[{"embeddable":true,"href":"https:\/\/fatoelado.com\/index.php?rest_route=\/wp\/v2\/users\/2"}],"replies":[{"embeddable":true,"href":"https:\/\/fatoelado.com\/index.php?rest_route=%2Fwp%2Fv2%2Fcomments&post=8162"}],"version-history":[{"count":1,"href":"https:\/\/fatoelado.com\/index.php?rest_route=\/wp\/v2\/posts\/8162\/revisions"}],"predecessor-version":[{"id":8163,"href":"https:\/\/fatoelado.com\/index.php?rest_route=\/wp\/v2\/posts\/8162\/revisions\/8163"}],"wp:featuredmedia":[{"embeddable":true,"href":"https:\/\/fatoelado.com\/index.php?rest_route=\/wp\/v2\/media\/8138"}],"wp:attachment":[{"href":"https:\/\/fatoelado.com\/index.php?rest_route=%2Fwp%2Fv2%2Fmedia&parent=8162"}],"wp:term":[{"taxonomy":"category","embeddable":true,"href":"https:\/\/fatoelado.com\/index.php?rest_route=%2Fwp%2Fv2%2Fcategories&post=8162"},{"taxonomy":"post_tag","embeddable":true,"href":"https:\/\/fatoelado.com\/index.php?rest_route=%2Fwp%2Fv2%2Ftags&post=8162"}],"curies":[{"name":"wp","href":"https:\/\/api.w.org\/{rel}","templated":true}]}}