{"id":7460,"date":"2024-04-20T08:42:11","date_gmt":"2024-04-20T11:42:11","guid":{"rendered":"https:\/\/fatoelado.com\/?p=7460"},"modified":"2024-04-20T08:42:11","modified_gmt":"2024-04-20T11:42:11","slug":"idoso-de-71-anos-e-preso-por-tentativa-estupro-contra-uma-crianca-em-campo-maior","status":"publish","type":"post","link":"https:\/\/fatoelado.com\/?p=7460","title":{"rendered":"Idoso de 71 anos \u00e9 preso por tentativa estupro contra uma crian\u00e7a em Campo Maior"},"content":{"rendered":"<p>A Pol\u00edcia Civil do Estado do Piau\u00ed, atrav\u00e9s da Delegacia Especializada no Atendimento \u00e0 Mulher e Grupos Vulner\u00e1veis (DEAMGV) de Campo Maior, cumpriu um mandado de pris\u00e3o preventiva emitido pela 1\u00aa Vara do munic\u00edpio e prendeu um idoso de 71 anos.<\/p>\n<p>De acordo com a pol\u00edcia, o mandado era direcionado a R. F. D. S., condenado estupro tentado contra uma crian\u00e7a. O homem foi preso na \u00faltima quarta-feira, 17 de abril.<\/p>\n<p>O idoso foi conduzido \u00e0 delegacia para os procedimentos legais. Posteriormente, foi transferido para o sistema prisional do estado, onde cumprir\u00e1 sua senten\u00e7a conforme determina\u00e7\u00e3o judicial.<\/p>\n","protected":false},"excerpt":{"rendered":"<p>A Pol\u00edcia Civil do Estado do Piau\u00ed, atrav\u00e9s da Delegacia Especializada no Atendimento \u00e0 Mulher e Grupos Vulner\u00e1veis (DEAMGV) de Campo Maior, cumpriu um mandado de pris\u00e3o preventiva emitido pela 1\u00aa Vara do munic\u00edpio e prendeu um idoso de 71 anos. De acordo com a pol\u00edcia, o mandado era direcionado a R. F. D. S., [&hellip;]<\/p>\n","protected":false},"author":2,"featured_media":7461,"comment_status":"open","ping_status":"open","sticky":false,"template":"","format":"standard","meta":{"om_disable_all_campaigns":false,"_monsterinsights_skip_tracking":false,"_monsterinsights_sitenote_active":false,"_monsterinsights_sitenote_note":"","_monsterinsights_sitenote_category":0,"footnotes":""},"categories":[33,542],"tags":[],"class_list":["post-7460","post","type-post","status-publish","format-standard","has-post-thumbnail","hentry","category-piaui","category-policia"],"jetpack_featured_media_url":"https:\/\/fatoelado.com\/wp-content\/uploads\/2024\/04\/idoso-de-71-anos-preso-por-estupr0-campo-maior.jpg","_links":{"self":[{"href":"https:\/\/fatoelado.com\/index.php?rest_route=\/wp\/v2\/posts\/7460","targetHints":{"allow":["GET"]}}],"collection":[{"href":"https:\/\/fatoelado.com\/index.php?rest_route=\/wp\/v2\/posts"}],"about":[{"href":"https:\/\/fatoelado.com\/index.php?rest_route=\/wp\/v2\/types\/post"}],"author":[{"embeddable":true,"href":"https:\/\/fatoelado.com\/index.php?rest_route=\/wp\/v2\/users\/2"}],"replies":[{"embeddable":true,"href":"https:\/\/fatoelado.com\/index.php?rest_route=%2Fwp%2Fv2%2Fcomments&post=7460"}],"version-history":[{"count":1,"href":"https:\/\/fatoelado.com\/index.php?rest_route=\/wp\/v2\/posts\/7460\/revisions"}],"predecessor-version":[{"id":7462,"href":"https:\/\/fatoelado.com\/index.php?rest_route=\/wp\/v2\/posts\/7460\/revisions\/7462"}],"wp:featuredmedia":[{"embeddable":true,"href":"https:\/\/fatoelado.com\/index.php?rest_route=\/wp\/v2\/media\/7461"}],"wp:attachment":[{"href":"https:\/\/fatoelado.com\/index.php?rest_route=%2Fwp%2Fv2%2Fmedia&parent=7460"}],"wp:term":[{"taxonomy":"category","embeddable":true,"href":"https:\/\/fatoelado.com\/index.php?rest_route=%2Fwp%2Fv2%2Fcategories&post=7460"},{"taxonomy":"post_tag","embeddable":true,"href":"https:\/\/fatoelado.com\/index.php?rest_route=%2Fwp%2Fv2%2Ftags&post=7460"}],"curies":[{"name":"wp","href":"https:\/\/api.w.org\/{rel}","templated":true}]}}