{"id":5933,"date":"2023-09-15T08:43:52","date_gmt":"2023-09-15T11:43:52","guid":{"rendered":"https:\/\/fatoelado.com\/?p=5933"},"modified":"2023-09-15T08:43:52","modified_gmt":"2023-09-15T11:43:52","slug":"camara-aprova-recomposicao-do-icms-aos-estados-e-municipios","status":"publish","type":"post","link":"https:\/\/fatoelado.com\/?p=5933","title":{"rendered":"C\u00e2mara aprova recomposi\u00e7\u00e3o do ICMS aos estados e munic\u00edpios"},"content":{"rendered":"<p>A C\u00e2mara dos Deputados aprovou, nesta quinta-feira (14.set), o projeto de lei complementar (PLP) que garante a recomposi\u00e7\u00e3o de R$ 27 bilh\u00f5es do Imposto sobre Circula\u00e7\u00e3o de Mercadorias e Servi\u00e7os (ICMS) para estados e munic\u00edpios.<\/p>\n<p><img loading=\"lazy\" decoding=\"async\" class=\"aligncenter size-full wp-image-98516\" src=\"https:\/\/revistaaz.com.br\/wp-content\/uploads\/2023\/09\/plenario-da-camara-dos-deputados.jpg\" sizes=\"auto, (max-width: 1200px) 100vw, 1200px\" srcset=\"https:\/\/revistaaz.com.br\/wp-content\/uploads\/2023\/09\/plenario-da-camara-dos-deputados.jpg 1200w, https:\/\/revistaaz.com.br\/wp-content\/uploads\/2023\/09\/plenario-da-camara-dos-deputados-470x313.jpg 470w, https:\/\/revistaaz.com.br\/wp-content\/uploads\/2023\/09\/plenario-da-camara-dos-deputados-750x500.jpg 750w\" alt=\"\" width=\"1200\" height=\"800\" \/><\/p>\n<p>A proposta tamb\u00e9m prev\u00ea que nenhum munic\u00edpio receba menos do que recebeu em 2022 do Fundo de Participa\u00e7\u00e3o dos Munic\u00edpios (FPM). Ainda neste ano, o governo prev\u00ea o repasse de R$ 10 bilh\u00f5es, de acordo com o ministro das Rela\u00e7\u00f5es Institucionais, Alexandre Padilha.<\/p>\n<p>O projeto formaliza a compensa\u00e7\u00e3o das perdas de 2022 pela redu\u00e7\u00e3o do ICMS sobre combust\u00edveis e energia. O acordo j\u00e1 foi homologado pelo Supremo Tribunal Federal (STF).<\/p>\n<p>Segundo Padilha, cerca de 75% dos valores antecipados ficar\u00e3o para as gest\u00f5es estaduais, enquanto os outros 25% ser\u00e3o encaminhados aos munic\u00edpios. No total, a compensa\u00e7\u00e3o ser\u00e1 de R$ 27 bilh\u00f5es at\u00e9 2026.<\/p>\n<p><strong>Recomposi\u00e7\u00e3o<\/strong><\/p>\n<p>Anunciado em mar\u00e7o pelo ministro da Fazenda Fernando Haddad (PT), o acordo envolve a Uni\u00e3o, os estados e o Distrito Federal. O projeto de lei que prev\u00ea o repasse emergencial de recursos do governo federal para os estados e munic\u00edpios \u00e9 relatado pelo l\u00edder PT na C\u00e2mara, Zeca Dirceu (PT-RS).<\/p>\n<p>Alguns estados e o DF conseguiram liminares do STF para suspender cerca de R$ 9 bilh\u00f5es em parcelas de d\u00edvidas com aa Uni\u00e3o, a fim de conseguir alguma compensa\u00e7\u00e3o com a desonera\u00e7\u00e3o de combust\u00edveis.<\/p>\n<p>Com a aprova\u00e7\u00e3o da urg\u00eancia, o texto segue para vota\u00e7\u00e3o no Plen\u00e1rio sem ter de passar por comiss\u00f5es especiais. A proposta ainda precisa de aprova\u00e7\u00e3o no Senado antes de ser sancionada.<\/p>\n<p><em>Informa\u00e7\u00f5es do Metropoles<\/em><\/p>\n","protected":false},"excerpt":{"rendered":"<p>A C\u00e2mara dos Deputados aprovou, nesta quinta-feira (14.set), o projeto de lei complementar (PLP) que garante a recomposi\u00e7\u00e3o de R$ 27 bilh\u00f5es do Imposto sobre Circula\u00e7\u00e3o de Mercadorias e Servi\u00e7os (ICMS) para estados e munic\u00edpios. A proposta tamb\u00e9m prev\u00ea que nenhum munic\u00edpio receba menos do que recebeu em 2022 do Fundo de Participa\u00e7\u00e3o dos Munic\u00edpios [&hellip;]<\/p>\n","protected":false},"author":2,"featured_media":5033,"comment_status":"open","ping_status":"open","sticky":false,"template":"","format":"standard","meta":{"om_disable_all_campaigns":false,"_monsterinsights_skip_tracking":false,"_monsterinsights_sitenote_active":false,"_monsterinsights_sitenote_note":"","_monsterinsights_sitenote_category":0,"footnotes":""},"categories":[47,30],"tags":[210],"class_list":["post-5933","post","type-post","status-publish","format-standard","has-post-thumbnail","hentry","category-nacionais","category-politica","tag-icms"],"jetpack_featured_media_url":"https:\/\/fatoelado.com\/wp-content\/uploads\/2023\/06\/3f578d91f3eba737e796c5d50c6921e6.jpg","_links":{"self":[{"href":"https:\/\/fatoelado.com\/index.php?rest_route=\/wp\/v2\/posts\/5933","targetHints":{"allow":["GET"]}}],"collection":[{"href":"https:\/\/fatoelado.com\/index.php?rest_route=\/wp\/v2\/posts"}],"about":[{"href":"https:\/\/fatoelado.com\/index.php?rest_route=\/wp\/v2\/types\/post"}],"author":[{"embeddable":true,"href":"https:\/\/fatoelado.com\/index.php?rest_route=\/wp\/v2\/users\/2"}],"replies":[{"embeddable":true,"href":"https:\/\/fatoelado.com\/index.php?rest_route=%2Fwp%2Fv2%2Fcomments&post=5933"}],"version-history":[{"count":1,"href":"https:\/\/fatoelado.com\/index.php?rest_route=\/wp\/v2\/posts\/5933\/revisions"}],"predecessor-version":[{"id":5934,"href":"https:\/\/fatoelado.com\/index.php?rest_route=\/wp\/v2\/posts\/5933\/revisions\/5934"}],"wp:featuredmedia":[{"embeddable":true,"href":"https:\/\/fatoelado.com\/index.php?rest_route=\/wp\/v2\/media\/5033"}],"wp:attachment":[{"href":"https:\/\/fatoelado.com\/index.php?rest_route=%2Fwp%2Fv2%2Fmedia&parent=5933"}],"wp:term":[{"taxonomy":"category","embeddable":true,"href":"https:\/\/fatoelado.com\/index.php?rest_route=%2Fwp%2Fv2%2Fcategories&post=5933"},{"taxonomy":"post_tag","embeddable":true,"href":"https:\/\/fatoelado.com\/index.php?rest_route=%2Fwp%2Fv2%2Ftags&post=5933"}],"curies":[{"name":"wp","href":"https:\/\/api.w.org\/{rel}","templated":true}]}}