{"id":5930,"date":"2023-09-14T21:03:29","date_gmt":"2023-09-15T00:03:29","guid":{"rendered":"https:\/\/fatoelado.com\/?p=5930"},"modified":"2023-09-14T21:03:29","modified_gmt":"2023-09-15T00:03:29","slug":"operacao-de-combate-a-violencia-contra-mulher-prende-5-pessoas-em-es","status":"publish","type":"post","link":"https:\/\/fatoelado.com\/?p=5930","title":{"rendered":"Opera\u00e7\u00e3o de combate \u00e0 viol\u00eancia contra mulher prende 5 pessoas em es"},"content":{"rendered":"<p>Cinco homens foram presos nessa quarta (13) e quinta-feira (14) no munic\u00edpio de Esperantina, durante a Opera\u00e7\u00e3o Shamar, deflagrada pela Pol\u00edcia Civil do Piau\u00ed, em \u00e2mbito estadual.<\/p>\n<p><img loading=\"lazy\" decoding=\"async\" class=\"alignnone size-medium wp-image-5931\" src=\"http:\/\/fatoelado.com\/wp-content\/uploads\/2023\/09\/tres-sao-presos-operacao-esperantina-revistaaz-300x300.jpg\" alt=\"\" width=\"300\" height=\"300\" srcset=\"https:\/\/fatoelado.com\/wp-content\/uploads\/2023\/09\/tres-sao-presos-operacao-esperantina-revistaaz-300x300.jpg 300w, https:\/\/fatoelado.com\/wp-content\/uploads\/2023\/09\/tres-sao-presos-operacao-esperantina-revistaaz-1024x1024.jpg 1024w, https:\/\/fatoelado.com\/wp-content\/uploads\/2023\/09\/tres-sao-presos-operacao-esperantina-revistaaz-150x150.jpg 150w, https:\/\/fatoelado.com\/wp-content\/uploads\/2023\/09\/tres-sao-presos-operacao-esperantina-revistaaz-768x768.jpg 768w, https:\/\/fatoelado.com\/wp-content\/uploads\/2023\/09\/tres-sao-presos-operacao-esperantina-revistaaz-600x600.jpg 600w, https:\/\/fatoelado.com\/wp-content\/uploads\/2023\/09\/tres-sao-presos-operacao-esperantina-revistaaz-400x400.jpg 400w, https:\/\/fatoelado.com\/wp-content\/uploads\/2023\/09\/tres-sao-presos-operacao-esperantina-revistaaz.jpg 1080w\" sizes=\"auto, (max-width: 300px) 100vw, 300px\" \/><br \/>\n(Foto: Pol\u00edcia Civil)<\/p>\n<p>Em Esperantina, as pris\u00f5es foram coordenadas pela Delegacia Especializada no Atendimento \u00e0 Mulher e aos Grupos Vulner\u00e1veis (DEAMGV-ESP) e cumpriu mandados de pris\u00e3o preventiva na zona urbana e rural, relacionados \u00e0 viol\u00eancia contra a mulher. A Pol\u00edcia Militar participou da opera\u00e7\u00e3o no munic\u00edpio.<\/p>\n<p>Confira a lista de presos:<\/p>\n<p>F. F. da C. J., investigado pela pr\u00e1tica do crime de descumprimento de medida protetiva de urg\u00eancia<br \/>\nJ.E.C.C., investigado pela pr\u00e1tica do crime de descumprimento de medida protetiva de urg\u00eancia<br \/>\nH.G.S., investigado pela pr\u00e1tica do crime de descumprimento de medida protetiva de urg\u00eancia<br \/>\nF.C.S.S., investigado pela pr\u00e1tica do crime de descumprimento de medida protetiva de urg\u00eancia<br \/>\nR. de A. C., investigado pela pr\u00e1tica do crime de tentativa de feminic\u00eddio.<br \/>\nA Opera\u00e7\u00e3o Shamar acontece em todo territ\u00f3rio nacional. Segundo a PC, Shamar \u00e9 uma palavra em hebraico que significa \u201ccuidar, guardar, proteger, vigiar, zelar\u201d.<\/p>\n<p>A opera\u00e7\u00e3o SHAMAR foi desenvolvida pelo Minist\u00e9rio da Justi\u00e7a e Seguran\u00e7a P\u00fablica. A Secret\u00e1ria de Seguran\u00e7a P\u00fablica do Piau\u00ed reitera o compromisso de n\u00e3o tolerar qualquer tipo de viol\u00eancia contra mulheres.<\/p>\n<p>&nbsp;<\/p>\n","protected":false},"excerpt":{"rendered":"<p>Cinco homens foram presos nessa quarta (13) e quinta-feira (14) no munic\u00edpio de Esperantina, durante a Opera\u00e7\u00e3o Shamar, deflagrada pela Pol\u00edcia Civil do Piau\u00ed, em \u00e2mbito estadual. (Foto: Pol\u00edcia Civil) Em Esperantina, as pris\u00f5es foram coordenadas pela Delegacia Especializada no Atendimento \u00e0 Mulher e aos Grupos Vulner\u00e1veis (DEAMGV-ESP) e cumpriu mandados de pris\u00e3o preventiva na [&hellip;]<\/p>\n","protected":false},"author":2,"featured_media":5931,"comment_status":"open","ping_status":"open","sticky":false,"template":"","format":"standard","meta":{"om_disable_all_campaigns":false,"_monsterinsights_skip_tracking":false,"_monsterinsights_sitenote_active":false,"_monsterinsights_sitenote_note":"","_monsterinsights_sitenote_category":0,"footnotes":""},"categories":[33,542],"tags":[],"class_list":["post-5930","post","type-post","status-publish","format-standard","has-post-thumbnail","hentry","category-piaui","category-policia"],"jetpack_featured_media_url":"https:\/\/fatoelado.com\/wp-content\/uploads\/2023\/09\/tres-sao-presos-operacao-esperantina-revistaaz.jpg","_links":{"self":[{"href":"https:\/\/fatoelado.com\/index.php?rest_route=\/wp\/v2\/posts\/5930","targetHints":{"allow":["GET"]}}],"collection":[{"href":"https:\/\/fatoelado.com\/index.php?rest_route=\/wp\/v2\/posts"}],"about":[{"href":"https:\/\/fatoelado.com\/index.php?rest_route=\/wp\/v2\/types\/post"}],"author":[{"embeddable":true,"href":"https:\/\/fatoelado.com\/index.php?rest_route=\/wp\/v2\/users\/2"}],"replies":[{"embeddable":true,"href":"https:\/\/fatoelado.com\/index.php?rest_route=%2Fwp%2Fv2%2Fcomments&post=5930"}],"version-history":[{"count":1,"href":"https:\/\/fatoelado.com\/index.php?rest_route=\/wp\/v2\/posts\/5930\/revisions"}],"predecessor-version":[{"id":5932,"href":"https:\/\/fatoelado.com\/index.php?rest_route=\/wp\/v2\/posts\/5930\/revisions\/5932"}],"wp:featuredmedia":[{"embeddable":true,"href":"https:\/\/fatoelado.com\/index.php?rest_route=\/wp\/v2\/media\/5931"}],"wp:attachment":[{"href":"https:\/\/fatoelado.com\/index.php?rest_route=%2Fwp%2Fv2%2Fmedia&parent=5930"}],"wp:term":[{"taxonomy":"category","embeddable":true,"href":"https:\/\/fatoelado.com\/index.php?rest_route=%2Fwp%2Fv2%2Fcategories&post=5930"},{"taxonomy":"post_tag","embeddable":true,"href":"https:\/\/fatoelado.com\/index.php?rest_route=%2Fwp%2Fv2%2Ftags&post=5930"}],"curies":[{"name":"wp","href":"https:\/\/api.w.org\/{rel}","templated":true}]}}