{"id":5837,"date":"2023-09-04T18:45:33","date_gmt":"2023-09-04T21:45:33","guid":{"rendered":"https:\/\/fatoelado.com\/?p=5837"},"modified":"2023-09-04T18:45:33","modified_gmt":"2023-09-04T21:45:33","slug":"incendio-atinge-patio-da-prf-em-campo-maior","status":"publish","type":"post","link":"https:\/\/fatoelado.com\/?p=5837","title":{"rendered":"Inc\u00eandio atinge p\u00e1tio da PRF em Campo Maior"},"content":{"rendered":"<p>Na tarde desta segunda-feira (04), um inc\u00eandio de grandes propor\u00e7\u00f5es eclodiu no p\u00e1tio do posto da Pol\u00edcia Rodovi\u00e1ria Federal (PRF) em Campo Maior, Piau\u00ed. As informa\u00e7\u00f5es oficiais da PRF indicam que o fogo come\u00e7ou em uma \u00e1rea de mata pr\u00f3xima ao p\u00e1tio e se espalhou, atingindo alguns caminh\u00f5es estacionados nas proximidades.<\/p>\n<p><img loading=\"lazy\" decoding=\"async\" class=\"alignnone size-medium wp-image-5838\" src=\"http:\/\/fatoelado.com\/wp-content\/uploads\/2023\/09\/incendio-de-grandes-proporcoes-atinge-patio-da-prf-revistaaz.jpeg-300x235.jpg\" alt=\"\" width=\"300\" height=\"235\" srcset=\"https:\/\/fatoelado.com\/wp-content\/uploads\/2023\/09\/incendio-de-grandes-proporcoes-atinge-patio-da-prf-revistaaz.jpeg-300x235.jpg 300w, https:\/\/fatoelado.com\/wp-content\/uploads\/2023\/09\/incendio-de-grandes-proporcoes-atinge-patio-da-prf-revistaaz.jpeg-768x601.jpg 768w, https:\/\/fatoelado.com\/wp-content\/uploads\/2023\/09\/incendio-de-grandes-proporcoes-atinge-patio-da-prf-revistaaz.jpeg.jpg 900w\" sizes=\"auto, (max-width: 300px) 100vw, 300px\" \/><\/p>\n<p>Com a preocupa\u00e7\u00e3o de que o inc\u00eandio possa se intensificar devido \u00e0s condi\u00e7\u00f5es clim\u00e1ticas adversas, o corpo de bombeiros j\u00e1 est\u00e1 no local para conter as chamas. A combina\u00e7\u00e3o de baixa umidade do ar e altas temperaturas aumenta o risco de agravamento da situa\u00e7\u00e3o.<\/p>\n<p>Origem do inc\u00eandio<\/p>\n<p>O inc\u00eandio teve in\u00edcio em uma \u00e1rea de mata pr\u00f3xima ao p\u00e1tio da PRF em Campo Maior, Piau\u00ed. As causas espec\u00edficas do inc\u00eandio ainda est\u00e3o sob investiga\u00e7\u00e3o, mas inc\u00eandios florestais s\u00e3o comuns em regi\u00f5es com vegeta\u00e7\u00e3o seca e climas quentes.<\/p>\n<p>Amea\u00e7a aos ve\u00edculos<\/p>\n<p>&nbsp;<\/p>\n<p>O fogo se espalhou rapidamente e atingiu alguns caminh\u00f5es que estavam estacionados nas proximidades do p\u00e1tio da PRF. O impacto exato nos ve\u00edculos e a extens\u00e3o dos danos ainda n\u00e3o foram detalhados, mas o inc\u00eandio representa uma amea\u00e7a significativa aos bens materiais no local.<\/p>\n<p>Resposta das autoridades<\/p>\n<p>O corpo de bombeiros foi acionado e est\u00e1 no local para conter o inc\u00eandio. A a\u00e7\u00e3o r\u00e1pida das autoridades \u00e9 crucial para evitar que as chamas se espalhem ainda mais e causem danos adicionais.<\/p>\n<p>Informa\u00e7\u00f5es: 180graus<\/p>\n","protected":false},"excerpt":{"rendered":"<p>Na tarde desta segunda-feira (04), um inc\u00eandio de grandes propor\u00e7\u00f5es eclodiu no p\u00e1tio do posto da Pol\u00edcia Rodovi\u00e1ria Federal (PRF) em Campo Maior, Piau\u00ed. As informa\u00e7\u00f5es oficiais da PRF indicam que o fogo come\u00e7ou em uma \u00e1rea de mata pr\u00f3xima ao p\u00e1tio e se espalhou, atingindo alguns caminh\u00f5es estacionados nas proximidades. Com a preocupa\u00e7\u00e3o de [&hellip;]<\/p>\n","protected":false},"author":2,"featured_media":5838,"comment_status":"open","ping_status":"open","sticky":false,"template":"","format":"standard","meta":{"om_disable_all_campaigns":false,"_monsterinsights_skip_tracking":false,"_monsterinsights_sitenote_active":false,"_monsterinsights_sitenote_note":"","_monsterinsights_sitenote_category":0,"footnotes":""},"categories":[33,542],"tags":[444,134],"class_list":["post-5837","post","type-post","status-publish","format-standard","has-post-thumbnail","hentry","category-piaui","category-policia","tag-incendio","tag-prf"],"jetpack_featured_media_url":"https:\/\/fatoelado.com\/wp-content\/uploads\/2023\/09\/incendio-de-grandes-proporcoes-atinge-patio-da-prf-revistaaz.jpeg.jpg","_links":{"self":[{"href":"https:\/\/fatoelado.com\/index.php?rest_route=\/wp\/v2\/posts\/5837","targetHints":{"allow":["GET"]}}],"collection":[{"href":"https:\/\/fatoelado.com\/index.php?rest_route=\/wp\/v2\/posts"}],"about":[{"href":"https:\/\/fatoelado.com\/index.php?rest_route=\/wp\/v2\/types\/post"}],"author":[{"embeddable":true,"href":"https:\/\/fatoelado.com\/index.php?rest_route=\/wp\/v2\/users\/2"}],"replies":[{"embeddable":true,"href":"https:\/\/fatoelado.com\/index.php?rest_route=%2Fwp%2Fv2%2Fcomments&post=5837"}],"version-history":[{"count":1,"href":"https:\/\/fatoelado.com\/index.php?rest_route=\/wp\/v2\/posts\/5837\/revisions"}],"predecessor-version":[{"id":5839,"href":"https:\/\/fatoelado.com\/index.php?rest_route=\/wp\/v2\/posts\/5837\/revisions\/5839"}],"wp:featuredmedia":[{"embeddable":true,"href":"https:\/\/fatoelado.com\/index.php?rest_route=\/wp\/v2\/media\/5838"}],"wp:attachment":[{"href":"https:\/\/fatoelado.com\/index.php?rest_route=%2Fwp%2Fv2%2Fmedia&parent=5837"}],"wp:term":[{"taxonomy":"category","embeddable":true,"href":"https:\/\/fatoelado.com\/index.php?rest_route=%2Fwp%2Fv2%2Fcategories&post=5837"},{"taxonomy":"post_tag","embeddable":true,"href":"https:\/\/fatoelado.com\/index.php?rest_route=%2Fwp%2Fv2%2Ftags&post=5837"}],"curies":[{"name":"wp","href":"https:\/\/api.w.org\/{rel}","templated":true}]}}