{"id":5699,"date":"2023-08-22T16:14:24","date_gmt":"2023-08-22T19:14:24","guid":{"rendered":"https:\/\/fatoelado.com\/?p=5699"},"modified":"2023-08-22T16:14:24","modified_gmt":"2023-08-22T19:14:24","slug":"advogado-gerardo-cavalcante-morre-em-acidente-no-norte-do-piaui","status":"publish","type":"post","link":"https:\/\/fatoelado.com\/?p=5699","title":{"rendered":"Advogado Gerardo Cavalcante morre em acidente no Norte do Piau\u00ed"},"content":{"rendered":"<p>O advogado e empres\u00e1rio Gerardo Ponte Cavalcante morreu no in\u00edcio da tarde desta quarta-feira (22) ap\u00f3s um grave acidente na zona rural do munic\u00edpio de Bom Princ\u00edpio (a 288 km de Teresina). A caminhonete dirigida por ele colidiu frontalmente com um caminh\u00e3o.<\/p>\n<p>Gerardo Cavalcante, 59 anos, \u00e9 irm\u00e3o do presidente da Fecom\u00e9rcio no Piau\u00ed, Valdeci Cavalcante. Ele deixa duas filhas.<\/p>\n<p>Ainda n\u00e3o h\u00e1 maiores detalhes sobre a din\u00e2mica do acidente. No ve\u00edculo, haviam outras tr\u00eas pessoas, que passam bem.<\/p>\n<p>Gerardo Cavalcante tamb\u00e9m era produtor rural e propriet\u00e1rio de fazendas na regi\u00e3o Norte do Piau\u00ed.<\/p>\n<p>Ainda n\u00e3o h\u00e1 informa\u00e7\u00f5es sobre o vel\u00f3rio e o sepultamento.<\/p>\n","protected":false},"excerpt":{"rendered":"<p>O advogado e empres\u00e1rio Gerardo Ponte Cavalcante morreu no in\u00edcio da tarde desta quarta-feira (22) ap\u00f3s um grave acidente na zona rural do munic\u00edpio de Bom Princ\u00edpio (a 288 km de Teresina). A caminhonete dirigida por ele colidiu frontalmente com um caminh\u00e3o. Gerardo Cavalcante, 59 anos, \u00e9 irm\u00e3o do presidente da Fecom\u00e9rcio no Piau\u00ed, Valdeci [&hellip;]<\/p>\n","protected":false},"author":2,"featured_media":5700,"comment_status":"open","ping_status":"open","sticky":false,"template":"","format":"standard","meta":{"om_disable_all_campaigns":false,"_monsterinsights_skip_tracking":false,"_monsterinsights_sitenote_active":false,"_monsterinsights_sitenote_note":"","_monsterinsights_sitenote_category":0,"footnotes":""},"categories":[33],"tags":[87,251],"class_list":["post-5699","post","type-post","status-publish","format-standard","has-post-thumbnail","hentry","category-piaui","tag-acidente","tag-advogado"],"jetpack_featured_media_url":"https:\/\/fatoelado.com\/wp-content\/uploads\/2023\/08\/8f4c0edaa878d28d7584b0ccaf02cbe6.jpg","_links":{"self":[{"href":"https:\/\/fatoelado.com\/index.php?rest_route=\/wp\/v2\/posts\/5699","targetHints":{"allow":["GET"]}}],"collection":[{"href":"https:\/\/fatoelado.com\/index.php?rest_route=\/wp\/v2\/posts"}],"about":[{"href":"https:\/\/fatoelado.com\/index.php?rest_route=\/wp\/v2\/types\/post"}],"author":[{"embeddable":true,"href":"https:\/\/fatoelado.com\/index.php?rest_route=\/wp\/v2\/users\/2"}],"replies":[{"embeddable":true,"href":"https:\/\/fatoelado.com\/index.php?rest_route=%2Fwp%2Fv2%2Fcomments&post=5699"}],"version-history":[{"count":1,"href":"https:\/\/fatoelado.com\/index.php?rest_route=\/wp\/v2\/posts\/5699\/revisions"}],"predecessor-version":[{"id":5701,"href":"https:\/\/fatoelado.com\/index.php?rest_route=\/wp\/v2\/posts\/5699\/revisions\/5701"}],"wp:featuredmedia":[{"embeddable":true,"href":"https:\/\/fatoelado.com\/index.php?rest_route=\/wp\/v2\/media\/5700"}],"wp:attachment":[{"href":"https:\/\/fatoelado.com\/index.php?rest_route=%2Fwp%2Fv2%2Fmedia&parent=5699"}],"wp:term":[{"taxonomy":"category","embeddable":true,"href":"https:\/\/fatoelado.com\/index.php?rest_route=%2Fwp%2Fv2%2Fcategories&post=5699"},{"taxonomy":"post_tag","embeddable":true,"href":"https:\/\/fatoelado.com\/index.php?rest_route=%2Fwp%2Fv2%2Ftags&post=5699"}],"curies":[{"name":"wp","href":"https:\/\/api.w.org\/{rel}","templated":true}]}}