{"id":5562,"date":"2023-08-10T07:18:27","date_gmt":"2023-08-10T10:18:27","guid":{"rendered":"https:\/\/fatoelado.com\/?p=5562"},"modified":"2023-08-10T07:18:27","modified_gmt":"2023-08-10T10:18:27","slug":"barroso-toma-posse-como-presidente-do-stf-em-28-de-setembro","status":"publish","type":"post","link":"https:\/\/fatoelado.com\/?p=5562","title":{"rendered":"Barroso toma posse como presidente do STF em 28 de setembro"},"content":{"rendered":"<p>A ministra Rosa Weber, do Supremo Tribunal Federal (STF), anunciou ontem quarta, (09), que deixar\u00e1 a presid\u00eancia da Corte em setembro. Ela dar\u00e1 posse ao seu sucessor, Lu\u00eds Roberto Barroso, em 28 de setembro. O vice-presidente ser\u00e1 o ministro Edson Fachin. Os nomes foram confirmados hoje pela Corte por 10 votos.<\/p>\n<p>A aposentadoria compuls\u00f3ria de Rosa ser\u00e1 em 2 de outubro, quando ela completa 75 anos. H\u00e1 possibilidade, contudo, de ela antecipar a sa\u00edda ap\u00f3s deixar o cargo de presidente.<\/p>\n<p>Ap\u00f3s ser confirmado como o pr\u00f3ximo presidente da Corte, Barroso disse receber a tarefa com &#8220;imensa humildade&#8221; e afirmou ser &#8220;consciente do peso dessa responsabilidade&#8221;.<\/p>\n<p>&#8220;Pretendo dignificar a cadeira que vossa Excel\u00eancia hoje ocupa&#8221;, completou o ministro, que disse n\u00e3o ter &#8220;nenhum outro prop\u00f3sito que n\u00e3o seja fazer o Pa\u00eds maior e melhor&#8221;. O mandato de presidente do STF \u00e9 de dois anos. Depois, ele deve ser sucedido por seu vice, Fachin.<\/p>\n<p>&nbsp;<\/p>\n<p>Fonte: Estad\u00e3o Conte\u00fado<\/p>\n","protected":false},"excerpt":{"rendered":"<p>A ministra Rosa Weber, do Supremo Tribunal Federal (STF), anunciou ontem quarta, (09), que deixar\u00e1 a presid\u00eancia da Corte em setembro. Ela dar\u00e1 posse ao seu sucessor, Lu\u00eds Roberto Barroso, em 28 de setembro. O vice-presidente ser\u00e1 o ministro Edson Fachin. Os nomes foram confirmados hoje pela Corte por 10 votos. A aposentadoria compuls\u00f3ria de [&hellip;]<\/p>\n","protected":false},"author":2,"featured_media":3442,"comment_status":"open","ping_status":"open","sticky":false,"template":"","format":"standard","meta":{"om_disable_all_campaigns":false,"_monsterinsights_skip_tracking":false,"_monsterinsights_sitenote_active":false,"_monsterinsights_sitenote_note":"","_monsterinsights_sitenote_category":0,"footnotes":""},"categories":[47],"tags":[246,1058,243],"class_list":["post-5562","post","type-post","status-publish","format-standard","has-post-thumbnail","hentry","category-nacionais","tag-presidente","tag-roberto-barroso","tag-stf"],"jetpack_featured_media_url":"https:\/\/fatoelado.com\/wp-content\/uploads\/2022\/11\/070a70177e99fe677e3f9386eeee0c41.jpg","_links":{"self":[{"href":"https:\/\/fatoelado.com\/index.php?rest_route=\/wp\/v2\/posts\/5562","targetHints":{"allow":["GET"]}}],"collection":[{"href":"https:\/\/fatoelado.com\/index.php?rest_route=\/wp\/v2\/posts"}],"about":[{"href":"https:\/\/fatoelado.com\/index.php?rest_route=\/wp\/v2\/types\/post"}],"author":[{"embeddable":true,"href":"https:\/\/fatoelado.com\/index.php?rest_route=\/wp\/v2\/users\/2"}],"replies":[{"embeddable":true,"href":"https:\/\/fatoelado.com\/index.php?rest_route=%2Fwp%2Fv2%2Fcomments&post=5562"}],"version-history":[{"count":2,"href":"https:\/\/fatoelado.com\/index.php?rest_route=\/wp\/v2\/posts\/5562\/revisions"}],"predecessor-version":[{"id":5564,"href":"https:\/\/fatoelado.com\/index.php?rest_route=\/wp\/v2\/posts\/5562\/revisions\/5564"}],"wp:featuredmedia":[{"embeddable":true,"href":"https:\/\/fatoelado.com\/index.php?rest_route=\/wp\/v2\/media\/3442"}],"wp:attachment":[{"href":"https:\/\/fatoelado.com\/index.php?rest_route=%2Fwp%2Fv2%2Fmedia&parent=5562"}],"wp:term":[{"taxonomy":"category","embeddable":true,"href":"https:\/\/fatoelado.com\/index.php?rest_route=%2Fwp%2Fv2%2Fcategories&post=5562"},{"taxonomy":"post_tag","embeddable":true,"href":"https:\/\/fatoelado.com\/index.php?rest_route=%2Fwp%2Fv2%2Ftags&post=5562"}],"curies":[{"name":"wp","href":"https:\/\/api.w.org\/{rel}","templated":true}]}}