{"id":5552,"date":"2023-08-10T07:01:46","date_gmt":"2023-08-10T10:01:46","guid":{"rendered":"https:\/\/fatoelado.com\/?p=5552"},"modified":"2023-08-10T07:01:46","modified_gmt":"2023-08-10T10:01:46","slug":"grave-acidente-deixa-duas-pessoas-feridas-na-pi-477-em-pedro-ii","status":"publish","type":"post","link":"https:\/\/fatoelado.com\/?p=5552","title":{"rendered":"Grave acidente deixa duas pessoas feridas na PI-477 em Pedro II"},"content":{"rendered":"<p style=\"font-weight: 400;\">Uma grave colis\u00e3o entre duas motos deixou duas v\u00edtimas feridas por volta das 18h45min desta quarta-feira (09) nas proximidades da localidade Torre, zona rural de Pedro II.<\/p>\n<p style=\"font-weight: 400;\">As v\u00edtimas foram identificadas como Jo\u00e3o Alves de Sousa Neto, de aproximadamente 40 anos, condutor de uma moto Honda Fan vermelha, e Ivoneide Maria, de 38 anos, que pilotava uma moto Honda Biz.<\/p>\n<p style=\"font-weight: 400;\">A visibilidade comprometida devido \u00e0 fuma\u00e7a resultante de um inc\u00eandio criminoso pode ter contribu\u00eddo para o acidente.<\/p>\n<p style=\"font-weight: 400;\">Ambos os envolvidos sofreram v\u00e1rias les\u00f5es pelo corpo, inclusive com suspeitas de fraturas nos membros inferiores, a mulher queixava-se de dores intensas na perna.<\/p>\n<p style=\"font-weight: 400;\">As v\u00edtimas foram socorridas pelo SAMU e encaminhadas ao Hospital Josefina Getirana Netta, no Centro. Os Bombeiros civis atuaram para conter o inc\u00eandio e garantir a visibilidade na rodovia, enquanto a Pol\u00edcia Militar controlou o tr\u00e1fego para prevenir novos acidentes.<\/p>\n<p style=\"font-weight: 400;\">A Pol\u00edcia Civil foi acionada e est\u00e1 investigando as causas do acidente.<\/p>\n<p>Informa\u00e7\u00f5es: Portal P2<\/p>\n","protected":false},"excerpt":{"rendered":"<p>Uma grave colis\u00e3o entre duas motos deixou duas v\u00edtimas feridas por volta das 18h45min desta quarta-feira (09) nas proximidades da localidade Torre, zona rural de Pedro II. As v\u00edtimas foram identificadas como Jo\u00e3o Alves de Sousa Neto, de aproximadamente 40 anos, condutor de uma moto Honda Fan vermelha, e Ivoneide Maria, de 38 anos, que [&hellip;]<\/p>\n","protected":false},"author":2,"featured_media":5553,"comment_status":"open","ping_status":"open","sticky":false,"template":"","format":"standard","meta":{"om_disable_all_campaigns":false,"_monsterinsights_skip_tracking":false,"_monsterinsights_sitenote_active":false,"_monsterinsights_sitenote_note":"","_monsterinsights_sitenote_category":0,"footnotes":""},"categories":[33],"tags":[87,332],"class_list":["post-5552","post","type-post","status-publish","format-standard","has-post-thumbnail","hentry","category-piaui","tag-acidente","tag-moto"],"jetpack_featured_media_url":"https:\/\/fatoelado.com\/wp-content\/uploads\/2023\/08\/4f3c8d2f93be8ba2b9544a8e22f4d733-1.jpeg","_links":{"self":[{"href":"https:\/\/fatoelado.com\/index.php?rest_route=\/wp\/v2\/posts\/5552","targetHints":{"allow":["GET"]}}],"collection":[{"href":"https:\/\/fatoelado.com\/index.php?rest_route=\/wp\/v2\/posts"}],"about":[{"href":"https:\/\/fatoelado.com\/index.php?rest_route=\/wp\/v2\/types\/post"}],"author":[{"embeddable":true,"href":"https:\/\/fatoelado.com\/index.php?rest_route=\/wp\/v2\/users\/2"}],"replies":[{"embeddable":true,"href":"https:\/\/fatoelado.com\/index.php?rest_route=%2Fwp%2Fv2%2Fcomments&post=5552"}],"version-history":[{"count":2,"href":"https:\/\/fatoelado.com\/index.php?rest_route=\/wp\/v2\/posts\/5552\/revisions"}],"predecessor-version":[{"id":5555,"href":"https:\/\/fatoelado.com\/index.php?rest_route=\/wp\/v2\/posts\/5552\/revisions\/5555"}],"wp:featuredmedia":[{"embeddable":true,"href":"https:\/\/fatoelado.com\/index.php?rest_route=\/wp\/v2\/media\/5553"}],"wp:attachment":[{"href":"https:\/\/fatoelado.com\/index.php?rest_route=%2Fwp%2Fv2%2Fmedia&parent=5552"}],"wp:term":[{"taxonomy":"category","embeddable":true,"href":"https:\/\/fatoelado.com\/index.php?rest_route=%2Fwp%2Fv2%2Fcategories&post=5552"},{"taxonomy":"post_tag","embeddable":true,"href":"https:\/\/fatoelado.com\/index.php?rest_route=%2Fwp%2Fv2%2Ftags&post=5552"}],"curies":[{"name":"wp","href":"https:\/\/api.w.org\/{rel}","templated":true}]}}