{"id":5389,"date":"2023-07-27T08:10:57","date_gmt":"2023-07-27T11:10:57","guid":{"rendered":"https:\/\/fatoelado.com\/?p=5389"},"modified":"2023-07-27T08:10:57","modified_gmt":"2023-07-27T11:10:57","slug":"indigenas-pedem-medida-protetiva-por-estarem-ameacados-de-morte-no-piaui","status":"publish","type":"post","link":"https:\/\/fatoelado.com\/?p=5389","title":{"rendered":"Ind\u00edgenas pedem medida protetiva por estarem amea\u00e7ados de morte no Piau\u00ed"},"content":{"rendered":"<p>Representantes dos povos origin\u00e1rios da comunidade Akro\u00e1 Gamella, do munic\u00edpio de Currais, pediram nesta quarta-feira (26) medidas protetivas para ind\u00edgenas que est\u00e3o sendo amea\u00e7ados de morte e j\u00e1 tiveram suas casas incendiadas.<\/p>\n<p>Segundo os representantes da comunidade, homens armados est\u00e3o percorrendo a comunidade em motos com o objetivo de amedrontar os ind\u00edgenas.<\/p>\n<p>Atualmente 78 fam\u00edlias vivem no territ\u00f3rio Larajeiras, na zona rural de Currais, em uma \u00e1rea de mais de 19 mil hectares.<\/p>\n<p>Segundo os representantes da comunidade, as disputas territoriais acontecem desde a d\u00e9cada de 1980, quando a regi\u00e3o come\u00e7ou a ser utilizada pelo agroneg\u00f3cio.<\/p>\n<p>Os Akro\u00e1 Gamella cobram a demarca\u00e7\u00e3o da terra ocupada pela comunidade. As propriedades rurais tem apontado a terra onde vivem os ind\u00edgenas como \u00e1rea de reserva ambiental das propriedades, e isso tem gerado tens\u00e3o na regi\u00e3o.<\/p>\n<p>&nbsp;<\/p>\n<p><img decoding=\"async\" src=\"https:\/\/cidadeverde.com\/assets\/uploads\/noticias\/115835b9ab2d97000a67c6b31740e02c.jpg\" \/><\/p>\n<p>Salvador Alves de Sousa, l\u00edder da comunidade, relata j\u00e1 ter sofrido amea\u00e7as de morte. &#8220;Vivemos em constante perigo. Os jagun\u00e7os aparecem para nos intimidar. Somos proibidos pelos fazendeiros de cultivar na nossa pr\u00f3pria terra&#8221;, afirmou a lideran\u00e7a.<\/p>\n<p>Em Teresina , os representantes da comunidade participaram de reuni\u00e3o com o superintendente de gest\u00e3o da Secretaria de Seguran\u00e7a P\u00fablica do Estado, delegado Jetan Pinheiro.<\/p>\n<p>O delegado ouviu os problemas trazidos pela comunidade e explicou que a quest\u00e3o do lit\u00edgio deve ser resolvida no \u00e2mbito do Poder Judici\u00e1rio e, que o estado do Piau\u00ed n\u00e3o vai tolerar disputadas b\u00e9licas por terras.<\/p>\n<p>&#8220;\u00c9 nossa obriga\u00e7\u00e3o, enquanto Estado, dar garantias de seguran\u00e7a para a comunidade Akro\u00e1 Gamella e estamos fazendo isso&#8221;, salientou o delegado.<\/p>\n<p>&nbsp;<\/p>\n<p><img decoding=\"async\" src=\"https:\/\/cidadeverde.com\/assets\/uploads\/noticias\/dbc0297611386f42927c32e94474acad.jpg\" \/><\/p>\n<p>Jetan Pinheiro tamb\u00e9m explicou que em virtude da tens\u00e3o na regi\u00e3o j\u00e1 existem a\u00e7\u00f5es agendadas para acontecer na regi\u00e3o. &#8220;Tanto eu, como o secret\u00e1rio Chico Lucas, estaremos mais presentes no interior do Estado. Vamos visitar essa regi\u00e3o, agora em agosto, para ver de perto essa situa\u00e7\u00e3o&#8221;, adiantou Jetan.<\/p>\n<p>Sobre as amea\u00e7as sofridas pela comunidade, Jetan Pinheiro afirmou que ser\u00e3o investigadas. &#8220;A delegacia da regi\u00e3o vai ouvir a comunidade e identificar quem seriam as pessoas que est\u00e3o realizando essa amea\u00e7as &#8220;, frisou.<\/p>\n<p>O delegado adiantou ainda que vai aumentar a equipe de atua\u00e7\u00e3o da delegacia de Prote\u00e7\u00e3o ao Meio Ambiente na regi\u00e3o. &#8220;Vamos descontar mais um delegado para a regi\u00e3o, com uma equipe de mais cinco pessoas, entre agentes e escriv\u00e3os, para atender a comunidade e dar encaminhamento as den\u00fancia&#8221;, prometeu Jetan Pinheiro.<\/p>\n<p>De acordo com ele, haver\u00e1 uma reuni\u00e3o multisetorial.para discutir a situa\u00e7\u00e3o. &#8220;Vamos provocar o Interpi, a Semarh, o Minist\u00e9rio P\u00fablico e o Poder Judici\u00e1rio para discutir a situa\u00e7\u00e3o naquela regi\u00e3o &#8220;, finalizou Jetan Pinheiro.<\/p>\n<p>No Interpi, os representantes da comunidade Akro\u00e1 Gamella cobraram o andamento do processo de regulamenta\u00e7\u00e3o das terras ind\u00edgenas.<\/p>\n<p>&#8220;Queremos saber como est\u00e1 o processo, e quais fazendas est\u00e3o reivindicando o nosso territ\u00f3rio&#8221;, disse Salvador Alves.<\/p>\n<p>De acordo com o georeferenciamento, feito pelo Interpi, existe uma fazenda cuja \u00e1rea est\u00e1 se sobrepondo a terra ind\u00edgena. Um total de 4% do territ\u00f3rio ind\u00edgena estaria dentro deste lit\u00edgio.<\/p>\n<p><img decoding=\"async\" src=\"https:\/\/cidadeverde.com\/assets\/uploads\/noticias\/2cdcd447b10dd12e5f8358eb7bdf9d8d.jpg\" \/><\/p>\n<p>A comunidade afirmou que h\u00e1 mais de um ano solicita o acesso aos dados do georeferecimento realizado pelo Interpi na regi\u00e3o, sem sucesso.<\/p>\n<p>&#8220;Notificamos v\u00e1rias vezes via associa\u00e7\u00e3o, via advogado e o Interpi n\u00e3o nos forneceu o acesso a essa informa\u00e7\u00e3o&#8221;.<\/p>\n<p>O \u00f3rg\u00e3o explicou que as informa\u00e7\u00f5es s\u00e3o p\u00fablicas e que vai passar para a comunidade todos os dados do georeferenciamento feito pelo \u00f3rg\u00e3o.<\/p>\n<p>Durante a audi\u00eancia no Interpi, a comunidade tamb\u00e9m solicitou a realiza\u00e7\u00e3o de uma consulta pr\u00e9via, livre e esclarecida com os ind\u00edgenas Akro\u00e1 Gamella para acelerar a demarca\u00e7\u00e3o da terra ind\u00edgena junto \u00e0 Funai.<\/p>\n<p>&nbsp;<\/p>\n<p><em>Adriana Magalh\u00e3es<\/em><\/p>\n<p><em> Cidadeverde.com<\/em><\/p>\n","protected":false},"excerpt":{"rendered":"<p>Representantes dos povos origin\u00e1rios da comunidade Akro\u00e1 Gamella, do munic\u00edpio de Currais, pediram nesta quarta-feira (26) medidas protetivas para ind\u00edgenas que est\u00e3o sendo amea\u00e7ados de morte e j\u00e1 tiveram suas casas incendiadas. Segundo os representantes da comunidade, homens armados est\u00e3o percorrendo a comunidade em motos com o objetivo de amedrontar os ind\u00edgenas. Atualmente 78 fam\u00edlias [&hellip;]<\/p>\n","protected":false},"author":2,"featured_media":5390,"comment_status":"open","ping_status":"open","sticky":false,"template":"","format":"standard","meta":{"om_disable_all_campaigns":false,"_monsterinsights_skip_tracking":false,"_monsterinsights_sitenote_active":false,"_monsterinsights_sitenote_note":"","_monsterinsights_sitenote_category":0,"footnotes":""},"categories":[33,542],"tags":[860,744],"class_list":["post-5389","post","type-post","status-publish","format-standard","has-post-thumbnail","hentry","category-piaui","category-policia","tag-ameacas","tag-indios"],"jetpack_featured_media_url":"https:\/\/fatoelado.com\/wp-content\/uploads\/2023\/07\/eab151a434f8d63165123a8d3fac5534.jpg","_links":{"self":[{"href":"https:\/\/fatoelado.com\/index.php?rest_route=\/wp\/v2\/posts\/5389","targetHints":{"allow":["GET"]}}],"collection":[{"href":"https:\/\/fatoelado.com\/index.php?rest_route=\/wp\/v2\/posts"}],"about":[{"href":"https:\/\/fatoelado.com\/index.php?rest_route=\/wp\/v2\/types\/post"}],"author":[{"embeddable":true,"href":"https:\/\/fatoelado.com\/index.php?rest_route=\/wp\/v2\/users\/2"}],"replies":[{"embeddable":true,"href":"https:\/\/fatoelado.com\/index.php?rest_route=%2Fwp%2Fv2%2Fcomments&post=5389"}],"version-history":[{"count":1,"href":"https:\/\/fatoelado.com\/index.php?rest_route=\/wp\/v2\/posts\/5389\/revisions"}],"predecessor-version":[{"id":5391,"href":"https:\/\/fatoelado.com\/index.php?rest_route=\/wp\/v2\/posts\/5389\/revisions\/5391"}],"wp:featuredmedia":[{"embeddable":true,"href":"https:\/\/fatoelado.com\/index.php?rest_route=\/wp\/v2\/media\/5390"}],"wp:attachment":[{"href":"https:\/\/fatoelado.com\/index.php?rest_route=%2Fwp%2Fv2%2Fmedia&parent=5389"}],"wp:term":[{"taxonomy":"category","embeddable":true,"href":"https:\/\/fatoelado.com\/index.php?rest_route=%2Fwp%2Fv2%2Fcategories&post=5389"},{"taxonomy":"post_tag","embeddable":true,"href":"https:\/\/fatoelado.com\/index.php?rest_route=%2Fwp%2Fv2%2Ftags&post=5389"}],"curies":[{"name":"wp","href":"https:\/\/api.w.org\/{rel}","templated":true}]}}