{"id":5283,"date":"2023-07-18T08:14:27","date_gmt":"2023-07-18T11:14:27","guid":{"rendered":"https:\/\/fatoelado.com\/?p=5283"},"modified":"2023-07-18T08:14:27","modified_gmt":"2023-07-18T11:14:27","slug":"apos-censo-do-ibge-piaui-pode-perder-vagas-de-deputados-estaduais-e-federais","status":"publish","type":"post","link":"https:\/\/fatoelado.com\/?p=5283","title":{"rendered":"Ap\u00f3s censo do IBGE, Piau\u00ed pode perder vagas de deputados estaduais e federais"},"content":{"rendered":"<p>Os mais recentes dados populacionais, divulgados pelo levantamento do Censo 2022, podem alterar a representa\u00e7\u00e3o pol\u00edtica dos piauienses dentro do Estado e em n\u00edvel nacional. Pelo coeficiente, a bancada federal do Piau\u00ed passaria de 10 para 8 e, consequentemente, o n\u00famero de deputados estaduais passaria de 30 para 24.<\/p>\n<p><img loading=\"lazy\" decoding=\"async\" class=\"aligncenter size-full wp-image-95818\" src=\"https:\/\/revistaaz.com.br\/wp-content\/uploads\/2023\/07\/plenario-assembleia-do-piaui.jpg\" sizes=\"auto, (max-width: 800px) 100vw, 800px\" srcset=\"https:\/\/revistaaz.com.br\/wp-content\/uploads\/2023\/07\/plenario-assembleia-do-piaui.jpg 800w, https:\/\/revistaaz.com.br\/wp-content\/uploads\/2023\/07\/plenario-assembleia-do-piaui-494x313.jpg 494w, https:\/\/revistaaz.com.br\/wp-content\/uploads\/2023\/07\/plenario-assembleia-do-piaui-789x500.jpg 789w\" alt=\"\" width=\"800\" height=\"507\" \/><\/p>\n<p>Na avalia\u00e7\u00e3o de fonte a diminui\u00e7\u00e3o substancial na Alepi seria ainda mais prejudicial do que na bancada federal.<\/p>\n<p>A redu\u00e7\u00e3o na representa\u00e7\u00e3o federal, pode resultar em at\u00e9 R$ 100 milh\u00f5es em emendas para o Piau\u00ed. Cada deputado federal recebe R$ 32 milh\u00f5es em emendas para destinar em diversas \u00e1reas para o seu territ\u00f3rio. Alguns desses parlamentares ainda recebem completos oriundos dos partidos, elevando o valor para R$ 50 milh\u00f5es.<\/p>\n<p>A representa\u00e7\u00e3o parlamentar de cada estado \u00e9 contabilizada pela quantidade populacional dos estados em uma propor\u00e7\u00e3o de 370 mil habitantes para cada cadeira na C\u00e2mara Federal. Cada cadeira federal \u00e9 proporcional \u00e0 tr\u00eas na Assembleia Legislativa do Estado.<\/p>\n<p>A popula\u00e7\u00e3o do Piau\u00ed em 2022 foi de 3.269.200 milh\u00f5es, segundo o IBGE. Para manter a sua bancada de 10, o estado precisaria atingir o total de 3.7 milh\u00f5es de habitantes.<\/p>\n<p>&nbsp;<\/p>\n<p>Est\u00e1 n\u00e3o \u00e9 a primeira vez que a representa\u00e7\u00e3o do Piau\u00ed \u00e9 posta em xeque. A primeira vez aconteceu ainda no ano de 1994, a segunda vez no ano de 2010. Na \u00e9poca, o estado entrou com uma a\u00e7\u00e3o no Supremo Tribunal Federal (STF), quando conseguiu uma liminar para manter a sua bancada em 10.<\/p>\n<p>Fonte: cidadeverde<\/p>\n","protected":false},"excerpt":{"rendered":"<p>Os mais recentes dados populacionais, divulgados pelo levantamento do Censo 2022, podem alterar a representa\u00e7\u00e3o pol\u00edtica dos piauienses dentro do Estado e em n\u00edvel nacional. Pelo coeficiente, a bancada federal do Piau\u00ed passaria de 10 para 8 e, consequentemente, o n\u00famero de deputados estaduais passaria de 30 para 24. Na avalia\u00e7\u00e3o de fonte a diminui\u00e7\u00e3o [&hellip;]<\/p>\n","protected":false},"author":2,"featured_media":5076,"comment_status":"open","ping_status":"open","sticky":false,"template":"","format":"standard","meta":{"om_disable_all_campaigns":false,"_monsterinsights_skip_tracking":false,"_monsterinsights_sitenote_active":false,"_monsterinsights_sitenote_note":"","_monsterinsights_sitenote_category":0,"footnotes":""},"categories":[33,30],"tags":[454,1006],"class_list":["post-5283","post","type-post","status-publish","format-standard","has-post-thumbnail","hentry","category-piaui","category-politica","tag-alepi","tag-bancada"],"jetpack_featured_media_url":"https:\/\/fatoelado.com\/wp-content\/uploads\/2023\/06\/6838417adfe8fc6cd54f7aff7420264f.jpg","_links":{"self":[{"href":"https:\/\/fatoelado.com\/index.php?rest_route=\/wp\/v2\/posts\/5283","targetHints":{"allow":["GET"]}}],"collection":[{"href":"https:\/\/fatoelado.com\/index.php?rest_route=\/wp\/v2\/posts"}],"about":[{"href":"https:\/\/fatoelado.com\/index.php?rest_route=\/wp\/v2\/types\/post"}],"author":[{"embeddable":true,"href":"https:\/\/fatoelado.com\/index.php?rest_route=\/wp\/v2\/users\/2"}],"replies":[{"embeddable":true,"href":"https:\/\/fatoelado.com\/index.php?rest_route=%2Fwp%2Fv2%2Fcomments&post=5283"}],"version-history":[{"count":1,"href":"https:\/\/fatoelado.com\/index.php?rest_route=\/wp\/v2\/posts\/5283\/revisions"}],"predecessor-version":[{"id":5284,"href":"https:\/\/fatoelado.com\/index.php?rest_route=\/wp\/v2\/posts\/5283\/revisions\/5284"}],"wp:featuredmedia":[{"embeddable":true,"href":"https:\/\/fatoelado.com\/index.php?rest_route=\/wp\/v2\/media\/5076"}],"wp:attachment":[{"href":"https:\/\/fatoelado.com\/index.php?rest_route=%2Fwp%2Fv2%2Fmedia&parent=5283"}],"wp:term":[{"taxonomy":"category","embeddable":true,"href":"https:\/\/fatoelado.com\/index.php?rest_route=%2Fwp%2Fv2%2Fcategories&post=5283"},{"taxonomy":"post_tag","embeddable":true,"href":"https:\/\/fatoelado.com\/index.php?rest_route=%2Fwp%2Fv2%2Ftags&post=5283"}],"curies":[{"name":"wp","href":"https:\/\/api.w.org\/{rel}","templated":true}]}}