{"id":5084,"date":"2023-06-27T07:23:16","date_gmt":"2023-06-27T10:23:16","guid":{"rendered":"https:\/\/fatoelado.com\/?p=5084"},"modified":"2023-06-28T07:25:13","modified_gmt":"2023-06-28T10:25:13","slug":"homem-e-preso-suspeito-de-estuprar-o-proprio-filho-de-5-anos-em-jose-de-freitas","status":"publish","type":"post","link":"https:\/\/fatoelado.com\/?p=5084","title":{"rendered":"Homem \u00e9 preso suspeito de estuprar o pr\u00f3prio filho de 5 anos em Jos\u00e9 de Freitas"},"content":{"rendered":"<p>Um homem de 45 anos foi preso acusado de estuprar seu pr\u00f3prio filho, uma crian\u00e7a de apenas 5 anos, na cidade de Jos\u00e9 de Freitas, regi\u00e3o Norte do Piau\u00ed, nessa segunda-feira (26).<\/p>\n<p><img loading=\"lazy\" decoding=\"async\" class=\"aligncenter size-full wp-image-94866\" src=\"https:\/\/revistaaz.com.br\/wp-content\/uploads\/2023\/06\/homem-e-preso-suspeito-de-estuprar-o-proprio-filho-de-5-anos-em-jose-de-freitas.webp\" sizes=\"auto, (max-width: 1200px) 100vw, 1200px\" srcset=\"https:\/\/revistaaz.com.br\/wp-content\/uploads\/2023\/06\/homem-e-preso-suspeito-de-estuprar-o-proprio-filho-de-5-anos-em-jose-de-freitas.webp 1200w, https:\/\/revistaaz.com.br\/wp-content\/uploads\/2023\/06\/homem-e-preso-suspeito-de-estuprar-o-proprio-filho-de-5-anos-em-jose-de-freitas-369x313.webp 369w, https:\/\/revistaaz.com.br\/wp-content\/uploads\/2023\/06\/homem-e-preso-suspeito-de-estuprar-o-proprio-filho-de-5-anos-em-jose-de-freitas-589x500.webp 589w\" alt=\"\" width=\"1200\" height=\"1018\" \/><\/p>\n<p>De acordo com informa\u00e7\u00f5es fornecidas pela policia, a den\u00fancia foi feita \u00e0 Pol\u00edcia Civil pela m\u00e3e da v\u00edtima. Posteriormente, foi realizada uma escuta especializada com a crian\u00e7a, na presen\u00e7a de uma psic\u00f3loga.<\/p>\n<p>O abuso teria ocorrido no in\u00edcio do m\u00eas de junho. O inqu\u00e9rito policial est\u00e1 em andamento, com a coleta de provas, e a pol\u00edcia solicitou a pris\u00e3o preventiva do suspeito. Nos pr\u00f3ximos dias, o inqu\u00e9rito ser\u00e1 conclu\u00eddo e encaminhado \u00e0 Justi\u00e7a, onde o homem dever\u00e1 responder pelo crime de estupro de vulner\u00e1vel.<\/p>\n<p><em>Informa\u00e7\u00f5es:180graus<\/em><\/p>\n","protected":false},"excerpt":{"rendered":"<p>Um homem de 45 anos foi preso acusado de estuprar seu pr\u00f3prio filho, uma crian\u00e7a de apenas 5 anos, na cidade de Jos\u00e9 de Freitas, regi\u00e3o Norte do Piau\u00ed, nessa segunda-feira (26). De acordo com informa\u00e7\u00f5es fornecidas pela policia, a den\u00fancia foi feita \u00e0 Pol\u00edcia Civil pela m\u00e3e da v\u00edtima. Posteriormente, foi realizada uma escuta [&hellip;]<\/p>\n","protected":false},"author":2,"featured_media":5085,"comment_status":"open","ping_status":"open","sticky":false,"template":"","format":"standard","meta":{"om_disable_all_campaigns":false,"_monsterinsights_skip_tracking":false,"_monsterinsights_sitenote_active":false,"_monsterinsights_sitenote_note":"","_monsterinsights_sitenote_category":0,"footnotes":""},"categories":[33,542],"tags":[973],"class_list":["post-5084","post","type-post","status-publish","format-standard","has-post-thumbnail","hentry","category-piaui","category-policia","tag-estjupro"],"jetpack_featured_media_url":"https:\/\/fatoelado.com\/wp-content\/uploads\/2023\/06\/homem-e-preso-suspeito-de-estuprar-o-proprio-filho-de-5-anos-em-jose-de-freitas.webp","_links":{"self":[{"href":"https:\/\/fatoelado.com\/index.php?rest_route=\/wp\/v2\/posts\/5084","targetHints":{"allow":["GET"]}}],"collection":[{"href":"https:\/\/fatoelado.com\/index.php?rest_route=\/wp\/v2\/posts"}],"about":[{"href":"https:\/\/fatoelado.com\/index.php?rest_route=\/wp\/v2\/types\/post"}],"author":[{"embeddable":true,"href":"https:\/\/fatoelado.com\/index.php?rest_route=\/wp\/v2\/users\/2"}],"replies":[{"embeddable":true,"href":"https:\/\/fatoelado.com\/index.php?rest_route=%2Fwp%2Fv2%2Fcomments&post=5084"}],"version-history":[{"count":1,"href":"https:\/\/fatoelado.com\/index.php?rest_route=\/wp\/v2\/posts\/5084\/revisions"}],"predecessor-version":[{"id":5086,"href":"https:\/\/fatoelado.com\/index.php?rest_route=\/wp\/v2\/posts\/5084\/revisions\/5086"}],"wp:featuredmedia":[{"embeddable":true,"href":"https:\/\/fatoelado.com\/index.php?rest_route=\/wp\/v2\/media\/5085"}],"wp:attachment":[{"href":"https:\/\/fatoelado.com\/index.php?rest_route=%2Fwp%2Fv2%2Fmedia&parent=5084"}],"wp:term":[{"taxonomy":"category","embeddable":true,"href":"https:\/\/fatoelado.com\/index.php?rest_route=%2Fwp%2Fv2%2Fcategories&post=5084"},{"taxonomy":"post_tag","embeddable":true,"href":"https:\/\/fatoelado.com\/index.php?rest_route=%2Fwp%2Fv2%2Ftags&post=5084"}],"curies":[{"name":"wp","href":"https:\/\/api.w.org\/{rel}","templated":true}]}}