{"id":5081,"date":"2023-06-26T13:32:50","date_gmt":"2023-06-26T16:32:50","guid":{"rendered":"https:\/\/fatoelado.com\/?p=5081"},"modified":"2023-06-26T13:32:50","modified_gmt":"2023-06-26T16:32:50","slug":"policia-federal-incinera-drogas-apreendidas-em-operacoes-no-piaui","status":"publish","type":"post","link":"https:\/\/fatoelado.com\/?p=5081","title":{"rendered":"Pol\u00edcia Federal incinera drogas apreendidas em opera\u00e7\u00f5es no Piau\u00ed"},"content":{"rendered":"<p>Na manh\u00e3 desta segunda-feira (26), a Pol\u00edcia Federal realizou a incinera\u00e7\u00e3o de mais de 350 quilos de entorpecentes. A a\u00e7\u00e3o aconteceu em uma cer\u00e2mica localizada na zona sul de Teresina.<\/p>\n<p><img loading=\"lazy\" decoding=\"async\" class=\"aligncenter size-full wp-image-94832\" src=\"https:\/\/revistaaz.com.br\/wp-content\/uploads\/2023\/06\/policia-federal-incinera-drogas-apreendidas-em-operacoes-no-piaui-2.jpeg\" sizes=\"auto, (max-width: 1440px) 100vw, 1440px\" srcset=\"https:\/\/revistaaz.com.br\/wp-content\/uploads\/2023\/06\/policia-federal-incinera-drogas-apreendidas-em-operacoes-no-piaui-2.jpeg 1440w, https:\/\/revistaaz.com.br\/wp-content\/uploads\/2023\/06\/policia-federal-incinera-drogas-apreendidas-em-operacoes-no-piaui-2-417x313.jpeg 417w, https:\/\/revistaaz.com.br\/wp-content\/uploads\/2023\/06\/policia-federal-incinera-drogas-apreendidas-em-operacoes-no-piaui-2-667x500.jpeg 667w\" alt=\"\" width=\"1440\" height=\"1080\" \/><\/p>\n<p>Segundo a PF, o material, composto de maconha, pasta base, coca\u00edna e sint\u00e9ticos, \u00e9 resultado de parte das apreens\u00f5es realizadas em 2023, no estado, que conforme determina\u00e7\u00e3o legal j\u00e1 conta com autoriza\u00e7\u00e3o judicial para a incinera\u00e7\u00e3o.<\/p>\n<p>A a\u00e7\u00e3o acontece no Dia Internacional de Combate \u00e0s Drogas, celebrado em 26 de junho.<\/p>\n<p><img loading=\"lazy\" decoding=\"async\" class=\"aligncenter size-full wp-image-94833\" src=\"https:\/\/revistaaz.com.br\/wp-content\/uploads\/2023\/06\/policia-federal-incinera-drogas-apreendidas-em-operacoes-no-piaui-3.jpeg\" sizes=\"auto, (max-width: 1440px) 100vw, 1440px\" srcset=\"https:\/\/revistaaz.com.br\/wp-content\/uploads\/2023\/06\/policia-federal-incinera-drogas-apreendidas-em-operacoes-no-piaui-3.jpeg 1440w, https:\/\/revistaaz.com.br\/wp-content\/uploads\/2023\/06\/policia-federal-incinera-drogas-apreendidas-em-operacoes-no-piaui-3-417x313.jpeg 417w, https:\/\/revistaaz.com.br\/wp-content\/uploads\/2023\/06\/policia-federal-incinera-drogas-apreendidas-em-operacoes-no-piaui-3-667x500.jpeg 667w\" alt=\"\" width=\"1440\" height=\"1080\" \/><\/p>\n","protected":false},"excerpt":{"rendered":"<p>Na manh\u00e3 desta segunda-feira (26), a Pol\u00edcia Federal realizou a incinera\u00e7\u00e3o de mais de 350 quilos de entorpecentes. A a\u00e7\u00e3o aconteceu em uma cer\u00e2mica localizada na zona sul de Teresina. Segundo a PF, o material, composto de maconha, pasta base, coca\u00edna e sint\u00e9ticos, \u00e9 resultado de parte das apreens\u00f5es realizadas em 2023, no estado, que [&hellip;]<\/p>\n","protected":false},"author":2,"featured_media":5082,"comment_status":"open","ping_status":"open","sticky":false,"template":"","format":"standard","meta":{"om_disable_all_campaigns":false,"_monsterinsights_skip_tracking":false,"_monsterinsights_sitenote_active":false,"_monsterinsights_sitenote_note":"","_monsterinsights_sitenote_category":0,"footnotes":""},"categories":[33,542],"tags":[184,972,545],"class_list":["post-5081","post","type-post","status-publish","format-standard","has-post-thumbnail","hentry","category-piaui","category-policia","tag-drogas","tag-incinerada","tag-policia"],"jetpack_featured_media_url":"https:\/\/fatoelado.com\/wp-content\/uploads\/2023\/06\/policia-federal-incinera-drogas-apreendidas-em-operacoes-no-piaui-3.jpeg","_links":{"self":[{"href":"https:\/\/fatoelado.com\/index.php?rest_route=\/wp\/v2\/posts\/5081","targetHints":{"allow":["GET"]}}],"collection":[{"href":"https:\/\/fatoelado.com\/index.php?rest_route=\/wp\/v2\/posts"}],"about":[{"href":"https:\/\/fatoelado.com\/index.php?rest_route=\/wp\/v2\/types\/post"}],"author":[{"embeddable":true,"href":"https:\/\/fatoelado.com\/index.php?rest_route=\/wp\/v2\/users\/2"}],"replies":[{"embeddable":true,"href":"https:\/\/fatoelado.com\/index.php?rest_route=%2Fwp%2Fv2%2Fcomments&post=5081"}],"version-history":[{"count":1,"href":"https:\/\/fatoelado.com\/index.php?rest_route=\/wp\/v2\/posts\/5081\/revisions"}],"predecessor-version":[{"id":5083,"href":"https:\/\/fatoelado.com\/index.php?rest_route=\/wp\/v2\/posts\/5081\/revisions\/5083"}],"wp:featuredmedia":[{"embeddable":true,"href":"https:\/\/fatoelado.com\/index.php?rest_route=\/wp\/v2\/media\/5082"}],"wp:attachment":[{"href":"https:\/\/fatoelado.com\/index.php?rest_route=%2Fwp%2Fv2%2Fmedia&parent=5081"}],"wp:term":[{"taxonomy":"category","embeddable":true,"href":"https:\/\/fatoelado.com\/index.php?rest_route=%2Fwp%2Fv2%2Fcategories&post=5081"},{"taxonomy":"post_tag","embeddable":true,"href":"https:\/\/fatoelado.com\/index.php?rest_route=%2Fwp%2Fv2%2Ftags&post=5081"}],"curies":[{"name":"wp","href":"https:\/\/api.w.org\/{rel}","templated":true}]}}