{"id":5078,"date":"2023-06-25T11:04:34","date_gmt":"2023-06-25T14:04:34","guid":{"rendered":"https:\/\/fatoelado.com\/?p=5078"},"modified":"2023-06-25T11:04:34","modified_gmt":"2023-06-25T14:04:34","slug":"municipios-tem-ate-30-de-junho-para-cadastrar-propostas-no-ministerio-da-saude","status":"publish","type":"post","link":"https:\/\/fatoelado.com\/?p=5078","title":{"rendered":"Munic\u00edpios t\u00eam at\u00e9 30 de junho para cadastrar propostas no Minist\u00e9rio da Sa\u00fade"},"content":{"rendered":"<p>Os gestores de sa\u00fade dos munic\u00edpios piauienses tem at\u00e9 o dia 30 de junho para cadastrar propostas de estrutura\u00e7\u00e3o e custeio da Aten\u00e7\u00e3o Prim\u00e1ria \u00e0 Sa\u00fade (APS) no sistema do Minist\u00e9rio da Sa\u00fade.<\/p>\n<p>A Secretaria de Estado da Sa\u00fade (Sesapi), por meio da Ger\u00eancia de Aten\u00e7\u00e3o Prim\u00e1ria, encaminhou of\u00edcio para os munic\u00edpios piauienses, alertando sobre o final do prazo.<\/p>\n<p>No Piau\u00ed cerca de 70% dos munic\u00edpios ainda n\u00e3o cadastraram suas propostas para o Minist\u00e9rio da Sa\u00fade. Os munic\u00edpios, tamb\u00e9m, n\u00e3o encaminharam of\u00edcio para a Comiss\u00e3o Intergestores Bipartite (CIB).<\/p>\n<p>Os recursos solicitados ao Minist\u00e9rio da Sa\u00fade ser\u00e3o destinados \u00e0 estrutura\u00e7\u00e3o da Aten\u00e7\u00e3o Prim\u00e1ria como compra de equipamentos m\u00e9dicos assistenciais, equipamentos de consult\u00f3rios odontol\u00f3gicos, unidades odontol\u00f3gicas m\u00f3veis, cadeira odontol\u00f3gica port\u00e1til, computadores e demais equipamentos de inform\u00e1tica, reforma de unidades b\u00e1sicas de sa\u00fade e transporte sanit\u00e1rio eletivo.<\/p>\n<p>A portaria, tamb\u00e9m, contempla assist\u00eancia financeira emergencial para custeio de equipes multiprofissionais, equipes de sa\u00fade da fam\u00edlia, equipes de sa\u00fade bucal e Centro de Especialidades Odontol\u00f3gicas.<\/p>\n<p>\u201c\u00c9 essencial que os gestores municipais realizem esse cadastro no prazo estabelecido pelo minist\u00e9rio, e hoje estamos com 159 munic\u00edpios que n\u00e3o enviaram suas propostas, por meio do Invest SUS e Egestor. Uma vez que essas propostas ser\u00e3o essenciais para o fortalecimento da Aten\u00e7\u00e3o B\u00e1sica\u201d, explica a gerente de Aten\u00e7\u00e3o B\u00e1sica, Bh\u00e1ssia Barroso.<\/p>\n<p>Os munic\u00edpios devem enviar of\u00edcio com suas propostas para o e-mail (bipartitepi@gmail.com) da CIB at\u00e9 amanh\u00e3 (23), para que n\u00e3o haja preju\u00edzo na aprova\u00e7\u00e3o por meio do \u00f3rg\u00e3o gestor.<\/p>\n<p>\u201cO envio da proposta para a CIB \u00e9 necess\u00e1rio, pois a comiss\u00e3o analisa e aprova as propostas\u201d, lembra a superintendente de Aten\u00e7\u00e3o Prim\u00e1ria \u00e0 Sa\u00fade e Munic\u00edpios, Leila Santos.<\/p>\n","protected":false},"excerpt":{"rendered":"<p>Os gestores de sa\u00fade dos munic\u00edpios piauienses tem at\u00e9 o dia 30 de junho para cadastrar propostas de estrutura\u00e7\u00e3o e custeio da Aten\u00e7\u00e3o Prim\u00e1ria \u00e0 Sa\u00fade (APS) no sistema do Minist\u00e9rio da Sa\u00fade. A Secretaria de Estado da Sa\u00fade (Sesapi), por meio da Ger\u00eancia de Aten\u00e7\u00e3o Prim\u00e1ria, encaminhou of\u00edcio para os munic\u00edpios piauienses, alertando sobre [&hellip;]<\/p>\n","protected":false},"author":2,"featured_media":5079,"comment_status":"open","ping_status":"open","sticky":false,"template":"","format":"standard","meta":{"om_disable_all_campaigns":false,"_monsterinsights_skip_tracking":false,"_monsterinsights_sitenote_active":false,"_monsterinsights_sitenote_note":"","_monsterinsights_sitenote_category":0,"footnotes":""},"categories":[33,42],"tags":[],"class_list":["post-5078","post","type-post","status-publish","format-standard","has-post-thumbnail","hentry","category-piaui","category-saude"],"jetpack_featured_media_url":"https:\/\/fatoelado.com\/wp-content\/uploads\/2023\/06\/671e485327b820284f044bb01e2d90a1.jpg","_links":{"self":[{"href":"https:\/\/fatoelado.com\/index.php?rest_route=\/wp\/v2\/posts\/5078","targetHints":{"allow":["GET"]}}],"collection":[{"href":"https:\/\/fatoelado.com\/index.php?rest_route=\/wp\/v2\/posts"}],"about":[{"href":"https:\/\/fatoelado.com\/index.php?rest_route=\/wp\/v2\/types\/post"}],"author":[{"embeddable":true,"href":"https:\/\/fatoelado.com\/index.php?rest_route=\/wp\/v2\/users\/2"}],"replies":[{"embeddable":true,"href":"https:\/\/fatoelado.com\/index.php?rest_route=%2Fwp%2Fv2%2Fcomments&post=5078"}],"version-history":[{"count":1,"href":"https:\/\/fatoelado.com\/index.php?rest_route=\/wp\/v2\/posts\/5078\/revisions"}],"predecessor-version":[{"id":5080,"href":"https:\/\/fatoelado.com\/index.php?rest_route=\/wp\/v2\/posts\/5078\/revisions\/5080"}],"wp:featuredmedia":[{"embeddable":true,"href":"https:\/\/fatoelado.com\/index.php?rest_route=\/wp\/v2\/media\/5079"}],"wp:attachment":[{"href":"https:\/\/fatoelado.com\/index.php?rest_route=%2Fwp%2Fv2%2Fmedia&parent=5078"}],"wp:term":[{"taxonomy":"category","embeddable":true,"href":"https:\/\/fatoelado.com\/index.php?rest_route=%2Fwp%2Fv2%2Fcategories&post=5078"},{"taxonomy":"post_tag","embeddable":true,"href":"https:\/\/fatoelado.com\/index.php?rest_route=%2Fwp%2Fv2%2Ftags&post=5078"}],"curies":[{"name":"wp","href":"https:\/\/api.w.org\/{rel}","templated":true}]}}