{"id":5075,"date":"2023-06-25T10:53:26","date_gmt":"2023-06-25T13:53:26","guid":{"rendered":"https:\/\/fatoelado.com\/?p=5075"},"modified":"2023-06-25T10:53:26","modified_gmt":"2023-06-25T13:53:26","slug":"assembleia-vai-criar-policia-legislativa-e-planeja-concurso-publico-anuncia-presidente","status":"publish","type":"post","link":"https:\/\/fatoelado.com\/?p=5075","title":{"rendered":"Assembleia vai criar Pol\u00edcia Legislativa e planeja concurso p\u00fablico, anuncia presidente"},"content":{"rendered":"<p>O presidente da Assembleia Legislativa do Estado do Piau\u00ed (Alepi), deputado Franz\u00e9 Silva (PT), informou neste s\u00e1bado (24) que est\u00e1 planejando realizar concurso p\u00fablico para criar a Pol\u00edcia Legislativa, que vai atuar, exclusivamente, no \u00e2mbito da Alepi.<\/p>\n<p>O objetivo, segundo Franz\u00e9, \u00e9 fazer a devolu\u00e7\u00e3o para as ruas de Teresina dos policiais militares que, hoje, est\u00e3o \u00e0 disposi\u00e7\u00e3o da Assembleia.<\/p>\n<p>&#8220;J\u00e1 estamos fazendo a nossa parte. Devolvemos 59 policiais para as ruas e estamos organizando o concurso para a Pol\u00edcia Legislativa. Com isso, vamos colocar mais efetivo para atuar na preven\u00e7\u00e3o e repress\u00e3o ao crime, protegendo a popula\u00e7\u00e3o da capital&#8221;, pontuou Franz\u00e9, em postagem nas redes sociais<\/p>\n<p>O presidente da Assembleia Legislativa do Piau\u00ed ressalta que as a\u00e7\u00f5es que vem implementando no Legislativo para a \u00e1rea da seguran\u00e7a &#8220;contribuem com a seguran\u00e7a p\u00fablica em Teresina, dentro da pol\u00edtica p\u00fablica que vem sendo executada pelo governador Rafael Fonteles&#8221;.<\/p>\n<p>Ainda n\u00e3o h\u00e1 uma defini\u00e7\u00e3o se as vagas para Pol\u00edcia Legislativa j\u00e1 ser\u00e3o ofertadas no concurso anunciado para o segundo semestre deste ano.<\/p>\n<p>A previs\u00e3o \u00e9 que o certame conte com 400 vagas para v\u00e1rios cargos, de n\u00edvel m\u00e9dio e superior.<\/p>\n<p>O \u00faltimo concurso da Alepi foi realizado 2019. O certame foi organizado pela Universidade Federal do Piau\u00ed e ofertou 41 vagas de n\u00edvel m\u00e9dio e superior<\/p>\n<p>&nbsp;<\/p>\n<p>Da Reda\u00e7\u00e3o<\/p>\n","protected":false},"excerpt":{"rendered":"<p>O presidente da Assembleia Legislativa do Estado do Piau\u00ed (Alepi), deputado Franz\u00e9 Silva (PT), informou neste s\u00e1bado (24) que est\u00e1 planejando realizar concurso p\u00fablico para criar a Pol\u00edcia Legislativa, que vai atuar, exclusivamente, no \u00e2mbito da Alepi. O objetivo, segundo Franz\u00e9, \u00e9 fazer a devolu\u00e7\u00e3o para as ruas de Teresina dos policiais militares que, hoje, [&hellip;]<\/p>\n","protected":false},"author":2,"featured_media":5076,"comment_status":"open","ping_status":"open","sticky":false,"template":"","format":"standard","meta":{"om_disable_all_campaigns":false,"_monsterinsights_skip_tracking":false,"_monsterinsights_sitenote_active":false,"_monsterinsights_sitenote_note":"","_monsterinsights_sitenote_category":0,"footnotes":""},"categories":[33,30],"tags":[454],"class_list":["post-5075","post","type-post","status-publish","format-standard","has-post-thumbnail","hentry","category-piaui","category-politica","tag-alepi"],"jetpack_featured_media_url":"https:\/\/fatoelado.com\/wp-content\/uploads\/2023\/06\/6838417adfe8fc6cd54f7aff7420264f.jpg","_links":{"self":[{"href":"https:\/\/fatoelado.com\/index.php?rest_route=\/wp\/v2\/posts\/5075","targetHints":{"allow":["GET"]}}],"collection":[{"href":"https:\/\/fatoelado.com\/index.php?rest_route=\/wp\/v2\/posts"}],"about":[{"href":"https:\/\/fatoelado.com\/index.php?rest_route=\/wp\/v2\/types\/post"}],"author":[{"embeddable":true,"href":"https:\/\/fatoelado.com\/index.php?rest_route=\/wp\/v2\/users\/2"}],"replies":[{"embeddable":true,"href":"https:\/\/fatoelado.com\/index.php?rest_route=%2Fwp%2Fv2%2Fcomments&post=5075"}],"version-history":[{"count":1,"href":"https:\/\/fatoelado.com\/index.php?rest_route=\/wp\/v2\/posts\/5075\/revisions"}],"predecessor-version":[{"id":5077,"href":"https:\/\/fatoelado.com\/index.php?rest_route=\/wp\/v2\/posts\/5075\/revisions\/5077"}],"wp:featuredmedia":[{"embeddable":true,"href":"https:\/\/fatoelado.com\/index.php?rest_route=\/wp\/v2\/media\/5076"}],"wp:attachment":[{"href":"https:\/\/fatoelado.com\/index.php?rest_route=%2Fwp%2Fv2%2Fmedia&parent=5075"}],"wp:term":[{"taxonomy":"category","embeddable":true,"href":"https:\/\/fatoelado.com\/index.php?rest_route=%2Fwp%2Fv2%2Fcategories&post=5075"},{"taxonomy":"post_tag","embeddable":true,"href":"https:\/\/fatoelado.com\/index.php?rest_route=%2Fwp%2Fv2%2Ftags&post=5075"}],"curies":[{"name":"wp","href":"https:\/\/api.w.org\/{rel}","templated":true}]}}