{"id":5070,"date":"2023-06-24T08:42:27","date_gmt":"2023-06-24T11:42:27","guid":{"rendered":"https:\/\/fatoelado.com\/?p=5070"},"modified":"2023-06-24T08:43:08","modified_gmt":"2023-06-24T11:43:08","slug":"vaqueiro-morre-apos-colisao-entre-moto-e-carro-na-br-343-em-altos","status":"publish","type":"post","link":"https:\/\/fatoelado.com\/?p=5070","title":{"rendered":"Vaqueiro morre ap\u00f3s colis\u00e3o entre moto e carro na BR-343 em Altos"},"content":{"rendered":"<p>Uma grave colis\u00e3o entre um carro e uma motocicleta terminou com a morte de um homem identificado como Janilson de Sousa Maia. O acidente aconteceu no final da tarde desta sexta-feira (23), na BR-343, pr\u00f3ximo ao portal de entrada da cidade de Altos (PI).<\/p>\n<p>Segundo relatos de testemunhas ao Em Foco, o motorista do carro teria supostamente tentado\u00a0realizar uma ultrapassagem e colidiu frontalmente contra a motocicleta, modelo\u00a0\u00a0Honda pop, mas a pol\u00edcia n\u00e3o confirma essa vers\u00e3o.<\/p>\n<p>Com o impacto, o motociclista,\u00a0que era vaqueiro famoso da regi\u00e3o, natural da localidade Prata, na zona rural e Altos,\u00a0foi arremessado para fora da pista, vindo a \u00f3bito no local. O condutor do ve\u00edculo saiu com ferimentos leves, prestou socorro a v\u00edtima e deu negativo para o teste de alcoolemia.<\/p>\n<p>Segundo a Guarda Civil Municipal de Altos, a vitima seguia no sentido a Teresina.<\/p>\n<p>A\u00a0 PRF e Guarda Municipal estiveram presentes isolando a \u00e1rea. O SAMU foi acionado.<\/p>\n<p><img loading=\"lazy\" decoding=\"async\" src=\"https:\/\/www.campomaioremfoco.com.br\/controle\/arquivos\/imagens\/2023\/JUNHO\/Acidene_Altos.jpg\" alt=\"\" width=\"800\" height=\"545\" \/><\/p>\n<p>Fonte: campomaioremfoco<\/p>\n","protected":false},"excerpt":{"rendered":"<p>Uma grave colis\u00e3o entre um carro e uma motocicleta terminou com a morte de um homem identificado como Janilson de Sousa Maia. O acidente aconteceu no final da tarde desta sexta-feira (23), na BR-343, pr\u00f3ximo ao portal de entrada da cidade de Altos (PI). Segundo relatos de testemunhas ao Em Foco, o motorista do carro [&hellip;]<\/p>\n","protected":false},"author":2,"featured_media":5071,"comment_status":"open","ping_status":"open","sticky":false,"template":"","format":"standard","meta":{"om_disable_all_campaigns":false,"_monsterinsights_skip_tracking":false,"_monsterinsights_sitenote_active":false,"_monsterinsights_sitenote_note":"","_monsterinsights_sitenote_category":0,"footnotes":""},"categories":[33],"tags":[411,971],"class_list":["post-5070","post","type-post","status-publish","format-standard","has-post-thumbnail","hentry","category-piaui","tag-morte","tag-vaqueiro"],"jetpack_featured_media_url":"https:\/\/fatoelado.com\/wp-content\/uploads\/2023\/06\/0_23062023180754.jpeg","_links":{"self":[{"href":"https:\/\/fatoelado.com\/index.php?rest_route=\/wp\/v2\/posts\/5070","targetHints":{"allow":["GET"]}}],"collection":[{"href":"https:\/\/fatoelado.com\/index.php?rest_route=\/wp\/v2\/posts"}],"about":[{"href":"https:\/\/fatoelado.com\/index.php?rest_route=\/wp\/v2\/types\/post"}],"author":[{"embeddable":true,"href":"https:\/\/fatoelado.com\/index.php?rest_route=\/wp\/v2\/users\/2"}],"replies":[{"embeddable":true,"href":"https:\/\/fatoelado.com\/index.php?rest_route=%2Fwp%2Fv2%2Fcomments&post=5070"}],"version-history":[{"count":3,"href":"https:\/\/fatoelado.com\/index.php?rest_route=\/wp\/v2\/posts\/5070\/revisions"}],"predecessor-version":[{"id":5074,"href":"https:\/\/fatoelado.com\/index.php?rest_route=\/wp\/v2\/posts\/5070\/revisions\/5074"}],"wp:featuredmedia":[{"embeddable":true,"href":"https:\/\/fatoelado.com\/index.php?rest_route=\/wp\/v2\/media\/5071"}],"wp:attachment":[{"href":"https:\/\/fatoelado.com\/index.php?rest_route=%2Fwp%2Fv2%2Fmedia&parent=5070"}],"wp:term":[{"taxonomy":"category","embeddable":true,"href":"https:\/\/fatoelado.com\/index.php?rest_route=%2Fwp%2Fv2%2Fcategories&post=5070"},{"taxonomy":"post_tag","embeddable":true,"href":"https:\/\/fatoelado.com\/index.php?rest_route=%2Fwp%2Fv2%2Ftags&post=5070"}],"curies":[{"name":"wp","href":"https:\/\/api.w.org\/{rel}","templated":true}]}}