{"id":5046,"date":"2023-06-22T07:53:18","date_gmt":"2023-06-22T10:53:18","guid":{"rendered":"https:\/\/fatoelado.com\/?p=5046"},"modified":"2023-06-22T07:53:18","modified_gmt":"2023-06-22T10:53:18","slug":"prf-prende-homem-com-moto-roubada-ha-12-anos-na-br-222-em-batalha","status":"publish","type":"post","link":"https:\/\/fatoelado.com\/?p=5046","title":{"rendered":"PRF prende homem com moto roubada h\u00e1 12 anos na BR 222 em Batalha"},"content":{"rendered":"<p>Na tarde da \u00faltima ter\u00e7a-feira (20), a Pol\u00edcia Rodovi\u00e1ria Federal (PRF) recuperou uma motocicleta roubada h\u00e1 mais de 12 anos e prendeu um homem por recepta\u00e7\u00e3o de ve\u00edculo, desobedi\u00eancia e dire\u00e7\u00e3o perigosa, na BR 222, no munic\u00edpio de Batalha, no norte do Piau\u00ed.<\/p>\n<div id=\"attachment_94577\" class=\"wp-caption aligncenter\"><img loading=\"lazy\" decoding=\"async\" class=\"wp-image-94577 size-full\" src=\"https:\/\/revistaaz.com.br\/wp-content\/uploads\/2023\/06\/prf-prende-homem-com-moto-roubada-em-batalha.jpg\" sizes=\"auto, (max-width: 863px) 100vw, 863px\" srcset=\"https:\/\/revistaaz.com.br\/wp-content\/uploads\/2023\/06\/prf-prende-homem-com-moto-roubada-em-batalha.jpg 863w, https:\/\/revistaaz.com.br\/wp-content\/uploads\/2023\/06\/prf-prende-homem-com-moto-roubada-em-batalha-352x313.jpg 352w, https:\/\/revistaaz.com.br\/wp-content\/uploads\/2023\/06\/prf-prende-homem-com-moto-roubada-em-batalha-562x500.jpg 562w\" alt=\"\" width=\"863\" height=\"768\" aria-describedby=\"caption-attachment-94577\" \/><\/p>\n<p id=\"caption-attachment-94577\" class=\"wp-caption-text\">(Foto: Divulga\u00e7\u00e3o\/PRF-PI)<\/p>\n<\/div>\n<p>Segundo a PRF, a equipe realizava fiscaliza\u00e7\u00f5es, quando avistou um homem conduzindo uma motocicleta YAMAHA\/FACTOR sem placa de identifica\u00e7\u00e3o. Mediante a conduta, os policiais acompanharam o ve\u00edculo e deram ordem de parada ao condutor, que descumpriu, empreendeu fuga em alta velocidade e adentrou os cruzamentos da cidade, gerando riscos aos pedestres e usu\u00e1rios das ruas.<\/p>\n<p>De acordo com a PRF, ap\u00f3s acompanhamento t\u00e1tico bem-sucedido, os agentes abordaram o homem, que, conforme resultado de pesquisas aos sistemas, n\u00e3o possu\u00eda habilita\u00e7\u00e3o. Al\u00e9m disso, ele tamb\u00e9m n\u00e3o portava a vers\u00e3o impressa do Certificado de Registro e Licenciamento do Ve\u00edculo (CRLV-e) e a motocicleta estava sem o primeiro registro\/emplacamento.<\/p>\n<p>Ainda conforme a PRF, questionado sobre a origem do ve\u00edculo, o homem de 27 anos, de forma tr\u00eamula e nervosa, afirmou que havia adquirido o bem por meio de um terceiro, sem recibo de compra e venda, pelo valor de R$3.000,00 mil.<\/p>\n<p>Perante a situa\u00e7\u00e3o suspeita, a equipe realizou uma averigua\u00e7\u00e3o detalhada dos elementos identificadores da motocicleta, ocasi\u00e3o que foi identificado o ve\u00edculo original, que possu\u00eda registro de roubo em Teresina, no ano de 2011.<\/p>\n<p>Diante dos expostos, a motocicleta e o homem foram encaminhados \u00e0 Delegacia de Pol\u00edcia Civil de Batalha para que as medidas cab\u00edveis fossem tomadas. Ele responder\u00e1, a princ\u00edpio, pelo crime de recepta\u00e7\u00e3o de ve\u00edculo e por conduzir sem CNH, gerando perigo de dano.<\/p>\n","protected":false},"excerpt":{"rendered":"<p>Na tarde da \u00faltima ter\u00e7a-feira (20), a Pol\u00edcia Rodovi\u00e1ria Federal (PRF) recuperou uma motocicleta roubada h\u00e1 mais de 12 anos e prendeu um homem por recepta\u00e7\u00e3o de ve\u00edculo, desobedi\u00eancia e dire\u00e7\u00e3o perigosa, na BR 222, no munic\u00edpio de Batalha, no norte do Piau\u00ed. (Foto: Divulga\u00e7\u00e3o\/PRF-PI) Segundo a PRF, a equipe realizava fiscaliza\u00e7\u00f5es, quando avistou um [&hellip;]<\/p>\n","protected":false},"author":2,"featured_media":5047,"comment_status":"open","ping_status":"open","sticky":false,"template":"","format":"standard","meta":{"om_disable_all_campaigns":false,"_monsterinsights_skip_tracking":false,"_monsterinsights_sitenote_active":false,"_monsterinsights_sitenote_note":"","_monsterinsights_sitenote_category":0,"footnotes":""},"categories":[33,542],"tags":[332,134,189],"class_list":["post-5046","post","type-post","status-publish","format-standard","has-post-thumbnail","hentry","category-piaui","category-policia","tag-moto","tag-prf","tag-prisao"],"jetpack_featured_media_url":"https:\/\/fatoelado.com\/wp-content\/uploads\/2023\/06\/prf-prende-homem-com-moto-roubada-em-batalha.jpg","_links":{"self":[{"href":"https:\/\/fatoelado.com\/index.php?rest_route=\/wp\/v2\/posts\/5046","targetHints":{"allow":["GET"]}}],"collection":[{"href":"https:\/\/fatoelado.com\/index.php?rest_route=\/wp\/v2\/posts"}],"about":[{"href":"https:\/\/fatoelado.com\/index.php?rest_route=\/wp\/v2\/types\/post"}],"author":[{"embeddable":true,"href":"https:\/\/fatoelado.com\/index.php?rest_route=\/wp\/v2\/users\/2"}],"replies":[{"embeddable":true,"href":"https:\/\/fatoelado.com\/index.php?rest_route=%2Fwp%2Fv2%2Fcomments&post=5046"}],"version-history":[{"count":2,"href":"https:\/\/fatoelado.com\/index.php?rest_route=\/wp\/v2\/posts\/5046\/revisions"}],"predecessor-version":[{"id":5049,"href":"https:\/\/fatoelado.com\/index.php?rest_route=\/wp\/v2\/posts\/5046\/revisions\/5049"}],"wp:featuredmedia":[{"embeddable":true,"href":"https:\/\/fatoelado.com\/index.php?rest_route=\/wp\/v2\/media\/5047"}],"wp:attachment":[{"href":"https:\/\/fatoelado.com\/index.php?rest_route=%2Fwp%2Fv2%2Fmedia&parent=5046"}],"wp:term":[{"taxonomy":"category","embeddable":true,"href":"https:\/\/fatoelado.com\/index.php?rest_route=%2Fwp%2Fv2%2Fcategories&post=5046"},{"taxonomy":"post_tag","embeddable":true,"href":"https:\/\/fatoelado.com\/index.php?rest_route=%2Fwp%2Fv2%2Ftags&post=5046"}],"curies":[{"name":"wp","href":"https:\/\/api.w.org\/{rel}","templated":true}]}}