{"id":5006,"date":"2023-06-15T07:30:39","date_gmt":"2023-06-15T10:30:39","guid":{"rendered":"https:\/\/fatoelado.com\/?p=5006"},"modified":"2023-06-15T07:30:39","modified_gmt":"2023-06-15T10:30:39","slug":"brasil-tem-53-registros-de-febre-maculosa-em-2023-com-8-mortes-confirmadas","status":"publish","type":"post","link":"https:\/\/fatoelado.com\/?p=5006","title":{"rendered":"Brasil tem 53 registros de febre maculosa em 2023, com 8 mortes confirmadas"},"content":{"rendered":"<p>O Minist\u00e9rio da Sa\u00fade atualizou para 53 o n\u00famero de casos de febre maculosa confirmados este ano no pa\u00eds, com oito mortes registradas. Todos os \u00f3bitos ocorreram na Regi\u00e3o Sudeste \u2014 seis em S\u00e3o Paulo, um em Minas Gerais e um no Rio de Janeiro. Quanto ao n\u00famero de casos, a maior concentra\u00e7\u00e3o de ocorr\u00eancias \u00e9 verificada nas regi\u00f5es Sudeste (30) e Sul (17).<\/p>\n<p>Segundo a pasta, no geral, os casos aparecem de maneira espor\u00e1dica. A transmiss\u00e3o da febre maculosa ocorre somente por meio do contato com o carrapato estrela infectado pela bact\u00e9ria do g\u00eanero Rickettsia. N\u00e3o h\u00e1, portanto, transmiss\u00e3o de pessoa para pessoa. \u201cO tratamento oportuno \u00e9 essencial para evitar formas mais graves da doen\u00e7a e \u00f3bitos\u201d, alerta o minist\u00e9rio.<\/p>\n<p>De acordo com a pasta, assim que surgem os primeiros sintomas, o paciente deve procurar as unidades de sa\u00fade para avalia\u00e7\u00e3o m\u00e9dica e tratamento dispon\u00edvel no Sistema \u00danico de Sa\u00fade (SUS). O minist\u00e9rio informa que tem promovido a\u00e7\u00f5es recorrentes de capacita\u00e7\u00e3o direcionadas \u00e0s vigil\u00e2ncias estaduais e municipais, envolvendo profissionais da vigil\u00e2ncia e da aten\u00e7\u00e3o \u00e0 sa\u00fade.<\/p>\n<p>Em nota, a pasta informa que est\u00e1 sendo usado um medicamento antimicrobiano para tratar a febre maculosa e que todas as unidades federativas est\u00e3o abastecidas com os rem\u00e9dios priorit\u00e1rios para o tratar a doen\u00e7a, incluindo S\u00e3o Paulo. A nota diz ainda que disp\u00f5e de estoque estrat\u00e9gico para envio de novas remessas aos estados que precisarem.<\/p>\n<p><strong>Campinas<\/strong><\/p>\n<p>Sobre o surto de febre maculosa em Campinas, interior de S\u00e3o Paulo, o minist\u00e9rio diz que mant\u00e9m contato com o estado para acompanhamento das a\u00e7\u00f5es de vigil\u00e2ncia e assist\u00eancia. Segundo a pasta, o munic\u00edpio \u00e9 \u00e1rea end\u00eamica, e o per\u00edodo sazonal para a doen\u00e7a vai de maio a setembro.<\/p>\n<p>Para \u00e1reas consideradas de risco, o minist\u00e9rio recomenda o uso de roupas que cubram todo o corpo, priorizando cal\u00e7as, blusas ou camisetas com mangas compridas e sapatos fechados. Al\u00e9m disso, s\u00e3o indicadas roupas de cores claras para que os carrapatos sejam vistos com mais facilidade pelo corpo.<\/p>\n<p>\u201cExamine o corpo com frequ\u00eancia \u2014 quanto mais r\u00e1pido os carrapatos forem retirados, menores as chances de infec\u00e7\u00f5es. Caso um animal esteja infestado por carrapatos, procure orienta\u00e7\u00e3o de um m\u00e9dico veterin\u00e1rio\u201d, diz a nota.<\/p>\n<p><strong>Febre<\/strong><\/p>\n<p>A febre maculosa \u00e9 uma doen\u00e7a infecciosa causada por uma bact\u00e9ria transmitida pela picada do carrapato estrela, que na fase adulta \u00e9 marrom e tem o tamanho de um feij\u00e3o verde. O parasita depende de sangue de outros seres para sobreviver. Seus hospedeiros podem variar de regi\u00e3o para regi\u00e3o, podendo ser encontrado em cachorros, gatos, cavalos, bois e capivaras, que s\u00e3o os mais comuns.<\/p>\n<p>A doen\u00e7a n\u00e3o \u00e9 transmitida diretamente de pessoa para pessoa pelo contato, e seus sintomas podem ser facilmente confundidos com outras doen\u00e7as que causam febre alta. Em humanos, a enfermidade caracteriza-se por febre e m\u00e1culas (manchas) vermelhas no corpo. Al\u00e9m disso, h\u00e1 sinais de fraqueza, dor de cabe\u00e7a, muscular e nas articula\u00e7\u00f5es, tudo de in\u00edcio s\u00fabito.<\/p>\n<p>Se n\u00e3o for tratada, a doen\u00e7a pode levar \u00e0 morte rapidamente. Se diagnosticada rapidamente e tratada com antibi\u00f3tico nos tr\u00eas dias iniciais de manifesta\u00e7\u00f5es cl\u00ednicas, a doen\u00e7a tem cura. Por\u00e9m, depois que a bact\u00e9ria se espalha pelas c\u00e9lulas que formam os vasos sangu\u00edneos, o caso pode se tornar irrevers\u00edvel.<\/p>\n<p><em>Informa\u00e7\u00f5es da Ag\u00eancia Brasil<\/em><\/p>\n","protected":false},"excerpt":{"rendered":"<p>O Minist\u00e9rio da Sa\u00fade atualizou para 53 o n\u00famero de casos de febre maculosa confirmados este ano no pa\u00eds, com oito mortes registradas. Todos os \u00f3bitos ocorreram na Regi\u00e3o Sudeste \u2014 seis em S\u00e3o Paulo, um em Minas Gerais e um no Rio de Janeiro. Quanto ao n\u00famero de casos, a maior concentra\u00e7\u00e3o de ocorr\u00eancias [&hellip;]<\/p>\n","protected":false},"author":2,"featured_media":5007,"comment_status":"open","ping_status":"open","sticky":false,"template":"","format":"standard","meta":{"om_disable_all_campaigns":false,"_monsterinsights_skip_tracking":false,"_monsterinsights_sitenote_active":false,"_monsterinsights_sitenote_note":"","_monsterinsights_sitenote_category":0,"footnotes":""},"categories":[47],"tags":[962],"class_list":["post-5006","post","type-post","status-publish","format-standard","has-post-thumbnail","hentry","category-nacionais","tag-febre-maculosa"],"jetpack_featured_media_url":"https:\/\/fatoelado.com\/wp-content\/uploads\/2023\/06\/carrapato.jpg","_links":{"self":[{"href":"https:\/\/fatoelado.com\/index.php?rest_route=\/wp\/v2\/posts\/5006","targetHints":{"allow":["GET"]}}],"collection":[{"href":"https:\/\/fatoelado.com\/index.php?rest_route=\/wp\/v2\/posts"}],"about":[{"href":"https:\/\/fatoelado.com\/index.php?rest_route=\/wp\/v2\/types\/post"}],"author":[{"embeddable":true,"href":"https:\/\/fatoelado.com\/index.php?rest_route=\/wp\/v2\/users\/2"}],"replies":[{"embeddable":true,"href":"https:\/\/fatoelado.com\/index.php?rest_route=%2Fwp%2Fv2%2Fcomments&post=5006"}],"version-history":[{"count":1,"href":"https:\/\/fatoelado.com\/index.php?rest_route=\/wp\/v2\/posts\/5006\/revisions"}],"predecessor-version":[{"id":5008,"href":"https:\/\/fatoelado.com\/index.php?rest_route=\/wp\/v2\/posts\/5006\/revisions\/5008"}],"wp:featuredmedia":[{"embeddable":true,"href":"https:\/\/fatoelado.com\/index.php?rest_route=\/wp\/v2\/media\/5007"}],"wp:attachment":[{"href":"https:\/\/fatoelado.com\/index.php?rest_route=%2Fwp%2Fv2%2Fmedia&parent=5006"}],"wp:term":[{"taxonomy":"category","embeddable":true,"href":"https:\/\/fatoelado.com\/index.php?rest_route=%2Fwp%2Fv2%2Fcategories&post=5006"},{"taxonomy":"post_tag","embeddable":true,"href":"https:\/\/fatoelado.com\/index.php?rest_route=%2Fwp%2Fv2%2Ftags&post=5006"}],"curies":[{"name":"wp","href":"https:\/\/api.w.org\/{rel}","templated":true}]}}