{"id":4617,"date":"2023-05-09T07:03:05","date_gmt":"2023-05-09T10:03:05","guid":{"rendered":"https:\/\/fatoelado.com\/?p=4617"},"modified":"2023-05-09T07:03:05","modified_gmt":"2023-05-09T10:03:05","slug":"soldado-da-pm-pi-e-preso-suspeito-de-abusar-de-enteada-adolescente","status":"publish","type":"post","link":"https:\/\/fatoelado.com\/?p=4617","title":{"rendered":"Soldado da PM-PI \u00e9 preso suspeito de abusar de enteada adolescente"},"content":{"rendered":"<p>Um soldado da reserva remunerada da Pol\u00edcia Militar do Piau\u00ed foi preso nesta segunda-feira (08) suspeito de abusar sexualmente de sua enteada, uma adolescente de 16 anos. A pris\u00e3o aconteceu em Timon, no Maranh\u00e3o, em uma oficina mec\u00e2nica.<\/p>\n<p><img loading=\"lazy\" decoding=\"async\" class=\"aligncenter size-full wp-image-92393\" src=\"https:\/\/revistaaz.com.br\/wp-content\/uploads\/2023\/05\/viatura-policia-militar-piaui.jpeg\" sizes=\"auto, (max-width: 974px) 100vw, 974px\" srcset=\"https:\/\/revistaaz.com.br\/wp-content\/uploads\/2023\/05\/viatura-policia-militar-piaui.jpeg 974w, https:\/\/revistaaz.com.br\/wp-content\/uploads\/2023\/05\/viatura-policia-militar-piaui-438x313.jpeg 438w, https:\/\/revistaaz.com.br\/wp-content\/uploads\/2023\/05\/viatura-policia-militar-piaui-700x500.jpeg 700w\" alt=\"\" width=\"974\" height=\"696\" \/><\/p>\n<p>A delegada Rosa Chaib, da Delegacia de Prote\u00e7\u00e3o \u00e0 Crian\u00e7a e ao Adolescente (DPCA), informou \u00e0 imprensa, que o suspeito era investigado pelo crime de estupro de vulner\u00e1vel. Os crimes teriam acontecido entre os anos de 2019 e 2021. Os abusos foram descobertos quando a m\u00e3e da menina, que era companheira do suspeito, flagrou ele abusando da menina na sala de sua casa; depois disso ela buscou \u00e0 pol\u00edcia e denunciou o caso.<\/p>\n<p>De acordo com a delegada, a menina vinha apresentando sintomas de ansiedade e recebeu auxilio m\u00e9dico. O suspeito foi capturado e preso e dever\u00e1 passar por aus\u00eancia de cust\u00f3dia.<\/p>\n<hr \/>\n<p><em>*As informa\u00e7\u00f5es s\u00e3o do portal A10+<\/em><\/p>\n","protected":false},"excerpt":{"rendered":"<p>Um soldado da reserva remunerada da Pol\u00edcia Militar do Piau\u00ed foi preso nesta segunda-feira (08) suspeito de abusar sexualmente de sua enteada, uma adolescente de 16 anos. A pris\u00e3o aconteceu em Timon, no Maranh\u00e3o, em uma oficina mec\u00e2nica. A delegada Rosa Chaib, da Delegacia de Prote\u00e7\u00e3o \u00e0 Crian\u00e7a e ao Adolescente (DPCA), informou \u00e0 imprensa, [&hellip;]<\/p>\n","protected":false},"author":2,"featured_media":4465,"comment_status":"open","ping_status":"open","sticky":false,"template":"","format":"standard","meta":{"om_disable_all_campaigns":false,"_monsterinsights_skip_tracking":false,"_monsterinsights_sitenote_active":false,"_monsterinsights_sitenote_note":"","_monsterinsights_sitenote_category":0,"footnotes":""},"categories":[33,542],"tags":[252],"class_list":["post-4617","post","type-post","status-publish","format-standard","has-post-thumbnail","hentry","category-piaui","category-policia","tag-policial"],"jetpack_featured_media_url":"https:\/\/fatoelado.com\/wp-content\/uploads\/2023\/04\/policia-militar-do-piaui.jpeg","_links":{"self":[{"href":"https:\/\/fatoelado.com\/index.php?rest_route=\/wp\/v2\/posts\/4617","targetHints":{"allow":["GET"]}}],"collection":[{"href":"https:\/\/fatoelado.com\/index.php?rest_route=\/wp\/v2\/posts"}],"about":[{"href":"https:\/\/fatoelado.com\/index.php?rest_route=\/wp\/v2\/types\/post"}],"author":[{"embeddable":true,"href":"https:\/\/fatoelado.com\/index.php?rest_route=\/wp\/v2\/users\/2"}],"replies":[{"embeddable":true,"href":"https:\/\/fatoelado.com\/index.php?rest_route=%2Fwp%2Fv2%2Fcomments&post=4617"}],"version-history":[{"count":1,"href":"https:\/\/fatoelado.com\/index.php?rest_route=\/wp\/v2\/posts\/4617\/revisions"}],"predecessor-version":[{"id":4618,"href":"https:\/\/fatoelado.com\/index.php?rest_route=\/wp\/v2\/posts\/4617\/revisions\/4618"}],"wp:featuredmedia":[{"embeddable":true,"href":"https:\/\/fatoelado.com\/index.php?rest_route=\/wp\/v2\/media\/4465"}],"wp:attachment":[{"href":"https:\/\/fatoelado.com\/index.php?rest_route=%2Fwp%2Fv2%2Fmedia&parent=4617"}],"wp:term":[{"taxonomy":"category","embeddable":true,"href":"https:\/\/fatoelado.com\/index.php?rest_route=%2Fwp%2Fv2%2Fcategories&post=4617"},{"taxonomy":"post_tag","embeddable":true,"href":"https:\/\/fatoelado.com\/index.php?rest_route=%2Fwp%2Fv2%2Ftags&post=4617"}],"curies":[{"name":"wp","href":"https:\/\/api.w.org\/{rel}","templated":true}]}}