{"id":4035,"date":"2023-02-10T07:43:35","date_gmt":"2023-02-10T10:43:35","guid":{"rendered":"https:\/\/fatoelado.com\/?p=4035"},"modified":"2023-02-10T07:43:35","modified_gmt":"2023-02-10T10:43:35","slug":"gessivaldo-isaias-toma-posse-na-alepi-em-solenidade-nesta-sexta","status":"publish","type":"post","link":"https:\/\/fatoelado.com\/?p=4035","title":{"rendered":"Gessivaldo Isa\u00edas toma posse na Alepi em solenidade nesta sexta"},"content":{"rendered":"<p>Com a sa\u00edda de Jeov\u00e1 Alencar (Republicanos) da Assembleia Legislativa do Piau\u00ed (Alepi), o deputado estadual Gessivaldo Isa\u00edas (Republicanos) tomar\u00e1 posse do cargo em solenidade realizada nesta sexta-feira (10), na Sala de Reuni\u00f5es da Presid\u00eancia.<\/p>\n<p>O Republicano Jeov\u00e1 Alencar deixou o cargo para assumir a Superintend\u00eancia das A\u00e7\u00f5es Administrativas Descentralizadas Sul (SAAD Sul), ap\u00f3s convite do prefeito de Teresina, Dr. Pessoa.<\/p>\n<p>Gessivaldo Isa\u00edas agradeceu seus apoiadores atrav\u00e9s das redes socais e destacou que ser\u00e1 atuante nas pautas sociais, marca da sua legislatura. \u201cEstou aqui na Assembleia Legislativa e quero neste momento agradecer a Deus em primeiro lugar e ao povo do Estado do Piau\u00ed que confiou seu voto a minha pessoa. Eu tenho aqui uma grande miss\u00e3o de continuar trabalhando pelas causas sociais, pelas pessoas menos favorecidas, pelas pessoas necessitadas, vou continuar com o mesmo foco que tive no mandato passado. Estarei ajudando, estendendo as m\u00e3os e estando junto com nossa popula\u00e7\u00e3o piauiense\u201d, afirma<\/p>\n<p>Outros parlamentares tamb\u00e9m se afastaram para Alepi para assumir cargos p\u00fablicos, como Pablo Santos (MDB) que ser\u00e1 secret\u00e1rio Estadual do Turismo, em seu lugar assumiu o deputado Ziza Carvalho.<\/p>\n<p>Informa\u00e7\u00f5es: Viagora<\/p>\n","protected":false},"excerpt":{"rendered":"<p>Com a sa\u00edda de Jeov\u00e1 Alencar (Republicanos) da Assembleia Legislativa do Piau\u00ed (Alepi), o deputado estadual Gessivaldo Isa\u00edas (Republicanos) tomar\u00e1 posse do cargo em solenidade realizada nesta sexta-feira (10), na Sala de Reuni\u00f5es da Presid\u00eancia. O Republicano Jeov\u00e1 Alencar deixou o cargo para assumir a Superintend\u00eancia das A\u00e7\u00f5es Administrativas Descentralizadas Sul (SAAD Sul), ap\u00f3s convite [&hellip;]<\/p>\n","protected":false},"author":2,"featured_media":4036,"comment_status":"open","ping_status":"open","sticky":false,"template":"","format":"standard","meta":{"om_disable_all_campaigns":false,"_monsterinsights_skip_tracking":false,"_monsterinsights_sitenote_active":false,"_monsterinsights_sitenote_note":"","_monsterinsights_sitenote_category":0,"footnotes":""},"categories":[33,30],"tags":[454,226],"class_list":["post-4035","post","type-post","status-publish","format-standard","has-post-thumbnail","hentry","category-piaui","category-politica","tag-alepi","tag-posse"],"jetpack_featured_media_url":"https:\/\/fatoelado.com\/wp-content\/uploads\/2023\/02\/5bce7d9b-04c0-45bc-8cf5-b135d14a802d.jpeg","_links":{"self":[{"href":"https:\/\/fatoelado.com\/index.php?rest_route=\/wp\/v2\/posts\/4035","targetHints":{"allow":["GET"]}}],"collection":[{"href":"https:\/\/fatoelado.com\/index.php?rest_route=\/wp\/v2\/posts"}],"about":[{"href":"https:\/\/fatoelado.com\/index.php?rest_route=\/wp\/v2\/types\/post"}],"author":[{"embeddable":true,"href":"https:\/\/fatoelado.com\/index.php?rest_route=\/wp\/v2\/users\/2"}],"replies":[{"embeddable":true,"href":"https:\/\/fatoelado.com\/index.php?rest_route=%2Fwp%2Fv2%2Fcomments&post=4035"}],"version-history":[{"count":1,"href":"https:\/\/fatoelado.com\/index.php?rest_route=\/wp\/v2\/posts\/4035\/revisions"}],"predecessor-version":[{"id":4037,"href":"https:\/\/fatoelado.com\/index.php?rest_route=\/wp\/v2\/posts\/4035\/revisions\/4037"}],"wp:featuredmedia":[{"embeddable":true,"href":"https:\/\/fatoelado.com\/index.php?rest_route=\/wp\/v2\/media\/4036"}],"wp:attachment":[{"href":"https:\/\/fatoelado.com\/index.php?rest_route=%2Fwp%2Fv2%2Fmedia&parent=4035"}],"wp:term":[{"taxonomy":"category","embeddable":true,"href":"https:\/\/fatoelado.com\/index.php?rest_route=%2Fwp%2Fv2%2Fcategories&post=4035"},{"taxonomy":"post_tag","embeddable":true,"href":"https:\/\/fatoelado.com\/index.php?rest_route=%2Fwp%2Fv2%2Ftags&post=4035"}],"curies":[{"name":"wp","href":"https:\/\/api.w.org\/{rel}","templated":true}]}}