{"id":3848,"date":"2023-01-17T14:13:16","date_gmt":"2023-01-17T17:13:16","guid":{"rendered":"https:\/\/fatoelado.com\/?p=3848"},"modified":"2023-01-17T14:13:16","modified_gmt":"2023-01-17T17:13:16","slug":"brasilministro-da-educacao-anuncia-reajuste-de-quase-15-no-piso-salarial-dos-professores","status":"publish","type":"post","link":"https:\/\/fatoelado.com\/?p=3848","title":{"rendered":"BRASILMinistro da Educa\u00e7\u00e3o anuncia reajuste de quase 15% no piso salarial dos professores"},"content":{"rendered":"<p>O ministro da Educa\u00e7\u00e3o, Camilo Santana, anunciou nesta segunda-feira (16.jan) um reajuste de quase 15% no piso salarial dos professores, que passar\u00e1 de R$ 3.845,63 para R$ 4.420,55.<\/p>\n<p>Segundo o MEC, a portaria que estabelece o novo piso vai ser publicada ainda nesta semana no \u201cDi\u00e1rio Oficial da Uni\u00e3o\u201d.<\/p>\n<p>A lei do piso salarial dos professores, sancionada em 2008, estabelece que o reajuste deve ser feito anualmente, no m\u00eas de janeiro.<\/p>\n<p>Em 2022, o reajuste para os professores foi de 33,24%, passando de R$ 2.886 para R$ 3.845,63.<\/p>\n<p>O piso salarial \u00e9 definido pelo governo federal, mas os sal\u00e1rios da educa\u00e7\u00e3o b\u00e1sica s\u00e3o pagos pelas prefeituras e pelos governos estaduais.<\/p>\n<p>&nbsp;<\/p>\n","protected":false},"excerpt":{"rendered":"<p>O ministro da Educa\u00e7\u00e3o, Camilo Santana, anunciou nesta segunda-feira (16.jan) um reajuste de quase 15% no piso salarial dos professores, que passar\u00e1 de R$ 3.845,63 para R$ 4.420,55. Segundo o MEC, a portaria que estabelece o novo piso vai ser publicada ainda nesta semana no \u201cDi\u00e1rio Oficial da Uni\u00e3o\u201d. A lei do piso salarial dos [&hellip;]<\/p>\n","protected":false},"author":2,"featured_media":3849,"comment_status":"open","ping_status":"open","sticky":false,"template":"","format":"standard","meta":{"om_disable_all_campaigns":false,"_monsterinsights_skip_tracking":false,"_monsterinsights_sitenote_active":false,"_monsterinsights_sitenote_note":"","_monsterinsights_sitenote_category":0,"footnotes":""},"categories":[32,47],"tags":[732,733,206],"class_list":["post-3848","post","type-post","status-publish","format-standard","has-post-thumbnail","hentry","category-educacao","category-nacionais","tag-fundeb","tag-piso","tag-professor"],"jetpack_featured_media_url":"https:\/\/fatoelado.com\/wp-content\/uploads\/2023\/01\/camilo-santana.jpg","_links":{"self":[{"href":"https:\/\/fatoelado.com\/index.php?rest_route=\/wp\/v2\/posts\/3848","targetHints":{"allow":["GET"]}}],"collection":[{"href":"https:\/\/fatoelado.com\/index.php?rest_route=\/wp\/v2\/posts"}],"about":[{"href":"https:\/\/fatoelado.com\/index.php?rest_route=\/wp\/v2\/types\/post"}],"author":[{"embeddable":true,"href":"https:\/\/fatoelado.com\/index.php?rest_route=\/wp\/v2\/users\/2"}],"replies":[{"embeddable":true,"href":"https:\/\/fatoelado.com\/index.php?rest_route=%2Fwp%2Fv2%2Fcomments&post=3848"}],"version-history":[{"count":1,"href":"https:\/\/fatoelado.com\/index.php?rest_route=\/wp\/v2\/posts\/3848\/revisions"}],"predecessor-version":[{"id":3850,"href":"https:\/\/fatoelado.com\/index.php?rest_route=\/wp\/v2\/posts\/3848\/revisions\/3850"}],"wp:featuredmedia":[{"embeddable":true,"href":"https:\/\/fatoelado.com\/index.php?rest_route=\/wp\/v2\/media\/3849"}],"wp:attachment":[{"href":"https:\/\/fatoelado.com\/index.php?rest_route=%2Fwp%2Fv2%2Fmedia&parent=3848"}],"wp:term":[{"taxonomy":"category","embeddable":true,"href":"https:\/\/fatoelado.com\/index.php?rest_route=%2Fwp%2Fv2%2Fcategories&post=3848"},{"taxonomy":"post_tag","embeddable":true,"href":"https:\/\/fatoelado.com\/index.php?rest_route=%2Fwp%2Fv2%2Ftags&post=3848"}],"curies":[{"name":"wp","href":"https:\/\/api.w.org\/{rel}","templated":true}]}}