{"id":3691,"date":"2022-12-29T16:12:58","date_gmt":"2022-12-29T19:12:58","guid":{"rendered":"https:\/\/fatoelado.com\/?p=3691"},"modified":"2022-12-29T16:12:58","modified_gmt":"2022-12-29T19:12:58","slug":"idoso-e-preso-acusado-de-estupro-de-vulneravel-em-joaquim-pires","status":"publish","type":"post","link":"https:\/\/fatoelado.com\/?p=3691","title":{"rendered":"Idoso \u00e9 preso acusado de estupro de vulner\u00e1vel em Joaquim Pires"},"content":{"rendered":"<p>A Pol\u00edcia Civil do Piau\u00ed, por meio da delegacia de Luzil\u00e2ndia, cumpriu mandado de pris\u00e3o tempor\u00e1ria em desfavor de um idoso identificado pelas indiciais R.C.R, de 65 anos, acusado de estupro de vulner\u00e1vel no vizinho munic\u00edpio de Joaquim Pires.<\/p>\n<p>De acordo com o delegado Ant\u00f4nio Alves, o homem \u00e9 investigado pelo crime de estupro de vulner\u00e1vel cometido contra uma menina de apenas nove anos. Ele foi preso na \u00faltima ter\u00e7a-feira (27.dez), no povoado Vila Suvenir em Joaquim Pires.<\/p>\n<p>O idoso foi levado para o DP de Luzil\u00e2ndia, para os procedimentos cab\u00edveis ao caso, onde est\u00e1 \u00e0 disposi\u00e7\u00e3o do Poder Judici\u00e1rio. A pris\u00e3o contou com o apoio do Grupamento da Pol\u00edcia Militar (GPM) de Joaquim Pires.<\/p>\n","protected":false},"excerpt":{"rendered":"<p>A Pol\u00edcia Civil do Piau\u00ed, por meio da delegacia de Luzil\u00e2ndia, cumpriu mandado de pris\u00e3o tempor\u00e1ria em desfavor de um idoso identificado pelas indiciais R.C.R, de 65 anos, acusado de estupro de vulner\u00e1vel no vizinho munic\u00edpio de Joaquim Pires. De acordo com o delegado Ant\u00f4nio Alves, o homem \u00e9 investigado pelo crime de estupro de [&hellip;]<\/p>\n","protected":false},"author":2,"featured_media":3692,"comment_status":"open","ping_status":"open","sticky":false,"template":"","format":"standard","meta":{"om_disable_all_campaigns":false,"_monsterinsights_skip_tracking":false,"_monsterinsights_sitenote_active":false,"_monsterinsights_sitenote_note":"","_monsterinsights_sitenote_category":0,"footnotes":""},"categories":[33,542],"tags":[250,433,400],"class_list":["post-3691","post","type-post","status-publish","format-standard","has-post-thumbnail","hentry","category-piaui","category-policia","tag-estupro","tag-idoso","tag-preso"],"jetpack_featured_media_url":"https:\/\/fatoelado.com\/wp-content\/uploads\/2022\/12\/idoso-preso-joaquim-pires.jpg","_links":{"self":[{"href":"https:\/\/fatoelado.com\/index.php?rest_route=\/wp\/v2\/posts\/3691","targetHints":{"allow":["GET"]}}],"collection":[{"href":"https:\/\/fatoelado.com\/index.php?rest_route=\/wp\/v2\/posts"}],"about":[{"href":"https:\/\/fatoelado.com\/index.php?rest_route=\/wp\/v2\/types\/post"}],"author":[{"embeddable":true,"href":"https:\/\/fatoelado.com\/index.php?rest_route=\/wp\/v2\/users\/2"}],"replies":[{"embeddable":true,"href":"https:\/\/fatoelado.com\/index.php?rest_route=%2Fwp%2Fv2%2Fcomments&post=3691"}],"version-history":[{"count":1,"href":"https:\/\/fatoelado.com\/index.php?rest_route=\/wp\/v2\/posts\/3691\/revisions"}],"predecessor-version":[{"id":3693,"href":"https:\/\/fatoelado.com\/index.php?rest_route=\/wp\/v2\/posts\/3691\/revisions\/3693"}],"wp:featuredmedia":[{"embeddable":true,"href":"https:\/\/fatoelado.com\/index.php?rest_route=\/wp\/v2\/media\/3692"}],"wp:attachment":[{"href":"https:\/\/fatoelado.com\/index.php?rest_route=%2Fwp%2Fv2%2Fmedia&parent=3691"}],"wp:term":[{"taxonomy":"category","embeddable":true,"href":"https:\/\/fatoelado.com\/index.php?rest_route=%2Fwp%2Fv2%2Fcategories&post=3691"},{"taxonomy":"post_tag","embeddable":true,"href":"https:\/\/fatoelado.com\/index.php?rest_route=%2Fwp%2Fv2%2Ftags&post=3691"}],"curies":[{"name":"wp","href":"https:\/\/api.w.org\/{rel}","templated":true}]}}