{"id":3398,"date":"2022-11-21T08:52:03","date_gmt":"2022-11-21T11:52:03","guid":{"rendered":"https:\/\/fatoelado.com\/?p=3398"},"modified":"2022-11-21T08:52:03","modified_gmt":"2022-11-21T11:52:03","slug":"bloqueios-com-terra-em-rodovias-federais-causam-pelo-menos-dois-acidentes","status":"publish","type":"post","link":"https:\/\/fatoelado.com\/?p=3398","title":{"rendered":"Bloqueios com terra em rodovias federais causam pelo menos dois acidentes"},"content":{"rendered":"<p>Barreiras de terra montadas de maneira irregular causaram pelo menos dois acidentes em rodovias federais desde a noite de sexta-feira (18).<\/p>\n<p>As ocorr\u00eancias foram verificadas em estradas do Paran\u00e1 e do Mato Grosso que tiveram registros de atos antidemocr\u00e1ticos no final de semana contra o resultado das elei\u00e7\u00f5es presidenciais.<\/p>\n<p>Um dos acidentes ocorreu por volta de 1h20 de s\u00e1bado (19) no km 466 da BR-153, no munic\u00edpio paranaense de Uni\u00e3o da Vit\u00f3ria (a cerca de 230 quil\u00f4metros de Curitiba).<\/p>\n<p>Segundo a PRF (Pol\u00edcia Rodovi\u00e1ria Federal), uma van se deslocava de Palmas, tamb\u00e9m no Paran\u00e1, para Balne\u00e1rio Cambori\u00fa, em Santa Catarina, quando bateu em uma barreira de terra colocada na rodovia.<\/p>\n<p>O ve\u00edculo transportava 12 estudantes e tr\u00eas professores, al\u00e9m do motorista. Tr\u00eas alunos -dois garotos e uma garota- tiveram ferimentos leves.<\/p>\n<p>Eles foram socorridos pelo Samu (Servi\u00e7o de Atendimento M\u00f3vel de Urg\u00eancia) e encaminhados para um hospital de Uni\u00e3o da Vit\u00f3ria, conforme a PRF.<\/p>\n<p>A institui\u00e7\u00e3o afirmou que montes de terra foram colocados sobre a BR-153 momentos antes do acidente.<\/p>\n<p>&#8220;As barreiras foram retiradas ainda na madrugada e a PRF est\u00e1 fazendo levantamentos a fim de identificar quem colocou as barreiras para que os autores sejam responsabilizados&#8221;, indicou.<\/p>\n<p>Em balan\u00e7o divulgado no Twitter, a PRF do Paran\u00e1 informou por volta das 4h20 de s\u00e1bado -tr\u00eas horas ap\u00f3s o registro do acidente- que manifestantes bloqueavam os dois sentidos da pista da BR-153 na altura do km 466.<\/p>\n<p>A divulga\u00e7\u00e3o do caso ganhou repercuss\u00e3o nas redes sociais ap\u00f3s uma publica\u00e7\u00e3o feita no s\u00e1bado pelo APP Sindicato, entidade que representa professores paranaenses.<\/p>\n<p>&#8220;Uma van que transportava 12 estudantes do 9\u00ba ano e tr\u00eas professoras de Palmas, no interior do Paran\u00e1, em excurs\u00e3o para o Beto Carrero [em SC], colidiu de frente com uma barreira de terra n\u00e3o sinalizada erguida na calada da noite por manifestantes que pedem a volta da ditadura militar&#8221;, afirmou o sindicato.<\/p>\n<p>&#8220;Gra\u00e7as \u00e0 per\u00edcia do motorista, os ferimentos registrados s\u00e3o superficiais, mas as consequ\u00eancias da irresponsabilidade poderiam ser muito mais graves&#8221;, completou.<\/p>\n<p>Carretas colidem no MT Durante a noite de sexta-feira (18), outro acidente ocorreu no km 582 da BR-163, em Nova Mutum, no interior do Mato Grosso (a cerca de 240 quil\u00f4metros de Cuiab\u00e1).<\/p>\n<p>Um engavetamento envolveu tr\u00eas carretas no local. O acidente teve origem ap\u00f3s um dos ve\u00edculos atingir um monte de terra colocado na pista, segundo a concession\u00e1ria Rota do Oeste, que administra o trecho.<\/p>\n<p>A empresa afirma que foi acionada \u00e0s 21h21 para o atendimento do caso. &#8220;A equipe de resgate da Rota do Oeste esteve no local, mas todos os envolvidos sa\u00edram ilesos e assinaram termo de recusa de encaminhamento m\u00e9dico&#8221;, disse.<\/p>\n<p>Ainda segundo a concession\u00e1ria, manifestantes despejaram terra no trecho para impedir a passagem dos ve\u00edculos, mas n\u00e3o estavam presentes na hora do acidente.<\/p>\n<p>Por volta das 13h deste domingo (20), um balan\u00e7o da PRF informou no Twitter que a BR-163 tinha nove pontos de interdi\u00e7\u00e3o no Mato Grosso, nos munic\u00edpios de Lucas do Rio Verde (quatro), Sorriso (tr\u00eas), Sinop (um) e Matup\u00e1 (um). Oito desses atos bloqueavam completamente o tr\u00e2nsito.<\/p>\n<p>A onda de manifesta\u00e7\u00f5es antidemocr\u00e1ticas em rodovias do pa\u00eds ganhou forma ap\u00f3s a vit\u00f3ria de Luiz In\u00e1cio Lula da Silva (PT) no segundo turno das elei\u00e7\u00f5es, que ocorreu em 30 de outubro.<\/p>\n<p>O petista, que vai para seu terceiro mandato, superou o presidente Jair Bolsonaro (PL) na vota\u00e7\u00e3o. Grupos que apoiam Bolsonaro contestam, sem provas, o resultado das urnas.<\/p>\n<p>&nbsp;<\/p>\n<p><em>Fonte: Folhapress (Leonardo Vieceli)\u00a0<\/em><\/p>\n","protected":false},"excerpt":{"rendered":"<p>Barreiras de terra montadas de maneira irregular causaram pelo menos dois acidentes em rodovias federais desde a noite de sexta-feira (18). As ocorr\u00eancias foram verificadas em estradas do Paran\u00e1 e do Mato Grosso que tiveram registros de atos antidemocr\u00e1ticos no final de semana contra o resultado das elei\u00e7\u00f5es presidenciais. Um dos acidentes ocorreu por volta [&hellip;]<\/p>\n","protected":false},"author":2,"featured_media":3399,"comment_status":"open","ping_status":"open","sticky":false,"template":"","format":"standard","meta":{"om_disable_all_campaigns":false,"_monsterinsights_skip_tracking":false,"_monsterinsights_sitenote_active":false,"_monsterinsights_sitenote_note":"","_monsterinsights_sitenote_category":0,"footnotes":""},"categories":[47],"tags":[87,620],"class_list":["post-3398","post","type-post","status-publish","format-standard","has-post-thumbnail","hentry","category-nacionais","tag-acidente","tag-bloqueios"],"jetpack_featured_media_url":"https:\/\/fatoelado.com\/wp-content\/uploads\/2022\/11\/3b23e439dbac0120a6bb1f4a4fe08b40.jpg","_links":{"self":[{"href":"https:\/\/fatoelado.com\/index.php?rest_route=\/wp\/v2\/posts\/3398","targetHints":{"allow":["GET"]}}],"collection":[{"href":"https:\/\/fatoelado.com\/index.php?rest_route=\/wp\/v2\/posts"}],"about":[{"href":"https:\/\/fatoelado.com\/index.php?rest_route=\/wp\/v2\/types\/post"}],"author":[{"embeddable":true,"href":"https:\/\/fatoelado.com\/index.php?rest_route=\/wp\/v2\/users\/2"}],"replies":[{"embeddable":true,"href":"https:\/\/fatoelado.com\/index.php?rest_route=%2Fwp%2Fv2%2Fcomments&post=3398"}],"version-history":[{"count":1,"href":"https:\/\/fatoelado.com\/index.php?rest_route=\/wp\/v2\/posts\/3398\/revisions"}],"predecessor-version":[{"id":3400,"href":"https:\/\/fatoelado.com\/index.php?rest_route=\/wp\/v2\/posts\/3398\/revisions\/3400"}],"wp:featuredmedia":[{"embeddable":true,"href":"https:\/\/fatoelado.com\/index.php?rest_route=\/wp\/v2\/media\/3399"}],"wp:attachment":[{"href":"https:\/\/fatoelado.com\/index.php?rest_route=%2Fwp%2Fv2%2Fmedia&parent=3398"}],"wp:term":[{"taxonomy":"category","embeddable":true,"href":"https:\/\/fatoelado.com\/index.php?rest_route=%2Fwp%2Fv2%2Fcategories&post=3398"},{"taxonomy":"post_tag","embeddable":true,"href":"https:\/\/fatoelado.com\/index.php?rest_route=%2Fwp%2Fv2%2Ftags&post=3398"}],"curies":[{"name":"wp","href":"https:\/\/api.w.org\/{rel}","templated":true}]}}