{"id":3395,"date":"2022-11-20T17:43:11","date_gmt":"2022-11-20T20:43:11","guid":{"rendered":"https:\/\/fatoelado.com\/?p=3395"},"modified":"2022-11-21T08:48:12","modified_gmt":"2022-11-21T11:48:12","slug":"forca-tarefa-prende-dupla-acusada-de-homicidio-que-fugiu-de-presidio-em-altos","status":"publish","type":"post","link":"https:\/\/fatoelado.com\/?p=3395","title":{"rendered":"For\u00e7a Tarefa prende dupla acusada de homic\u00eddio que fugiu de pres\u00eddio em Altos"},"content":{"rendered":"<p>Dois homens acusados de homic\u00eddio foram presos pela For\u00e7a Tarefa da Secretaria de Seguran\u00e7a P\u00fablica do Piau\u00ed (SSP-PI) foram presos neste domingo (20) em uma resid\u00eancia localizada no bairro Santa Luzia, na zona Sul de Teresina.<\/p>\n<p>De acordo com o major Audivan Nunes, coordenador da For\u00e7a Tarefa, a dupla estava foragida do sistema prisional piauiense ap\u00f3s ter fugido da Penitenci\u00e1ria de Altos. &#8220;S\u00e3o indiv\u00edduos de alta periculosidade\u201d, enfatizou.<\/p>\n<p>A captura, que contou com apoio da Pol\u00edcia Civil, aconteceu ap\u00f3s monitoramento da equipe de intelig\u00eancia. Segundo o coordenador, um dos presos identificado apenas como \u201cbolacha\u201d, \u00e9 um membro de fac\u00e7\u00e3o que responde a mais de dez processos por homic\u00eddios.<\/p>\n<p>\u201c\u00c9 faccionado. Agora ele vai voltar para o sistema penitenci\u00e1rio, um local de onde n\u00e3o devia ter sa\u00eddo. Segundo informa\u00e7\u00f5es do nosso servi\u00e7o de intelig\u00eancia ele estava planejando outros homic\u00eddios aqui na zona Sul de Teresina\u201d, completou Audivan Nunes.<\/p>\n<p>Ap\u00f3s a pris\u00e3o os acusados foram levados para a Central de Flagrantes da capital, onde ser\u00e3o submetidos aos procedimentos legais.<\/p>\n<p>Fonte: cidadeverde<\/p>\n","protected":false},"excerpt":{"rendered":"<p>Dois homens acusados de homic\u00eddio foram presos pela For\u00e7a Tarefa da Secretaria de Seguran\u00e7a P\u00fablica do Piau\u00ed (SSP-PI) foram presos neste domingo (20) em uma resid\u00eancia localizada no bairro Santa Luzia, na zona Sul de Teresina. De acordo com o major Audivan Nunes, coordenador da For\u00e7a Tarefa, a dupla estava foragida do sistema prisional piauiense [&hellip;]<\/p>\n","protected":false},"author":2,"featured_media":3396,"comment_status":"open","ping_status":"open","sticky":false,"template":"","format":"standard","meta":{"om_disable_all_campaigns":false,"_monsterinsights_skip_tracking":false,"_monsterinsights_sitenote_active":false,"_monsterinsights_sitenote_note":"","_monsterinsights_sitenote_category":0,"footnotes":""},"categories":[33,542],"tags":[619,400],"class_list":["post-3395","post","type-post","status-publish","format-standard","has-post-thumbnail","hentry","category-piaui","category-policia","tag-foragidos","tag-preso"],"jetpack_featured_media_url":"https:\/\/fatoelado.com\/wp-content\/uploads\/2022\/11\/0199.jpg","_links":{"self":[{"href":"https:\/\/fatoelado.com\/index.php?rest_route=\/wp\/v2\/posts\/3395","targetHints":{"allow":["GET"]}}],"collection":[{"href":"https:\/\/fatoelado.com\/index.php?rest_route=\/wp\/v2\/posts"}],"about":[{"href":"https:\/\/fatoelado.com\/index.php?rest_route=\/wp\/v2\/types\/post"}],"author":[{"embeddable":true,"href":"https:\/\/fatoelado.com\/index.php?rest_route=\/wp\/v2\/users\/2"}],"replies":[{"embeddable":true,"href":"https:\/\/fatoelado.com\/index.php?rest_route=%2Fwp%2Fv2%2Fcomments&post=3395"}],"version-history":[{"count":1,"href":"https:\/\/fatoelado.com\/index.php?rest_route=\/wp\/v2\/posts\/3395\/revisions"}],"predecessor-version":[{"id":3397,"href":"https:\/\/fatoelado.com\/index.php?rest_route=\/wp\/v2\/posts\/3395\/revisions\/3397"}],"wp:featuredmedia":[{"embeddable":true,"href":"https:\/\/fatoelado.com\/index.php?rest_route=\/wp\/v2\/media\/3396"}],"wp:attachment":[{"href":"https:\/\/fatoelado.com\/index.php?rest_route=%2Fwp%2Fv2%2Fmedia&parent=3395"}],"wp:term":[{"taxonomy":"category","embeddable":true,"href":"https:\/\/fatoelado.com\/index.php?rest_route=%2Fwp%2Fv2%2Fcategories&post=3395"},{"taxonomy":"post_tag","embeddable":true,"href":"https:\/\/fatoelado.com\/index.php?rest_route=%2Fwp%2Fv2%2Ftags&post=3395"}],"curies":[{"name":"wp","href":"https:\/\/api.w.org\/{rel}","templated":true}]}}