{"id":3362,"date":"2022-11-15T07:51:56","date_gmt":"2022-11-15T10:51:56","guid":{"rendered":"https:\/\/fatoelado.com\/?p=3362"},"modified":"2022-11-15T07:51:56","modified_gmt":"2022-11-15T10:51:56","slug":"ministerio-da-saude-recomenda-uso-de-mascara-apos-avanco-de-casos-de-covid","status":"publish","type":"post","link":"https:\/\/fatoelado.com\/?p=3362","title":{"rendered":"Minist\u00e9rio da Sa\u00fade recomenda uso de m\u00e1scara ap\u00f3s avan\u00e7o de casos de covid"},"content":{"rendered":"<p>A Secretaria de Vigil\u00e2ncia em Sa\u00fade do Minist\u00e9rio da Sa\u00fade publicou nota t\u00e9cnica em que recomenda o uso de m\u00e1scara pela popula\u00e7\u00e3o e a ado\u00e7\u00e3o de outras medidas, como amplia\u00e7\u00e3o da vigil\u00e2ncia gen\u00f4mica, por Estados e munic\u00edpios. O documento foi motivado pelo avan\u00e7o recente de casos de covid-19 no Pa\u00eds.<\/p>\n<p>Conforme a secretaria, entre os dias 6 e 11 deste m\u00eas, foram notificados 57,8 mil casos de covid pelas Secretarias Estaduais de Sa\u00fade ao Minist\u00e9rio da Sa\u00fade. Com isso, a m\u00e9dia m\u00f3vel dos \u00faltimos sete dias subiu para 8,5 mil casos di\u00e1rios, o que representa aumento de 120% em rela\u00e7\u00e3o ao \u00edndice da semana anterior (3,8 mil).<\/p>\n<p>No caso das mortes por covid, foram 314, tamb\u00e9m entre os dias 6 e 11 deste m\u00eas. Nesse per\u00edodo, a m\u00e9dia m\u00f3vel di\u00e1ria de \u00f3bitos pela doen\u00e7a, calculada em rela\u00e7\u00e3o aos \u00faltimos sete dias, saltou para 46, o que equivale um aumento de 28% em compara\u00e7\u00e3o com a semana anterior (36).<\/p>\n<p>A nota t\u00e9cnica, segundo a secretaria, trata-se de um alerta &#8220;acerca do aumento do n\u00famero de casos de covid-19 e circula\u00e7\u00e3o de novas linhagens da Variante de Preocupa\u00e7\u00e3o (VOC) \u00d4micron&#8221;, com \u00eanfase nas sublinhagens BQ.1 e BA.5.3.1.<\/p>\n<p>O \u00f3rg\u00e3o t\u00e9cnico complementa que, neste momento, n\u00e3o h\u00e1 dados epidemiol\u00f3gicos que indicam aumento na gravidade da doen\u00e7a. &#8220;O impacto das altera\u00e7\u00f5es imunol\u00f3gicas observadas no escape da vacina ainda n\u00e3o foi estabelecido&#8221;, afirma a nota t\u00e9cnica.<\/p>\n<p>Ainda assim, diante do aumento de casos de covid, a pasta orienta \u00e0s vigil\u00e2ncias epidemiol\u00f3gicas estaduais e municipais uma s\u00e9rie de medidas. Entre elas, destacam-se a recomenda\u00e7\u00e3o de intensifica\u00e7\u00e3o da vigil\u00e2ncia gen\u00f4mica, enviando amostragem de exames com RT-PCR detect\u00e1veis para sequenciamento, e tamb\u00e9m o alerta \u00e0 popula\u00e7\u00e3o quanto \u00e0 situa\u00e7\u00e3o da pandemia.<\/p>\n<p>A secretaria recomenda que a popula\u00e7\u00e3o seja orientada a fazer higieniza\u00e7\u00e3o frequente das m\u00e3os com \u00e1lcool 70% ou \u00e1gua e sab\u00e3o e que adote o uso de m\u00e1scaras de prote\u00e7\u00e3o facial, especialmente em locais fechados. A orienta\u00e7\u00e3o vale sobretudo para indiv\u00edduos com fatores de risco e pessoas que tiveram contato pr\u00f3ximo com casos confirmados de covid.<\/p>\n<p>O documento tamb\u00e9m refor\u00e7a a necessidade de se fazer o isolamento de casos suspeitos e confirmados para covid-19 e tamb\u00e9m de se buscar completar o esquema vacinal, &#8220;com especial aten\u00e7\u00e3o \u00e0s doses de refor\u00e7o&#8221;. Como mostrou o Estad\u00e3o h\u00e1 alguns dias, somente o Estado de S\u00e3o Paulo tem cerca de 9 milh\u00f5es de pessoas com terceiras doses atrasadas.<\/p>\n<p>Diretor da Sociedade Brasileira de Imuniza\u00e7\u00f5es (SBIm), o m\u00e9dico Renato Kfouri destaca que, toda vez que h\u00e1 aumento de circula\u00e7\u00e3o de doen\u00e7as respirat\u00f3rias em geral, o uso de m\u00e1scara cumpre fun\u00e7\u00e3o importante de prote\u00e7\u00e3o. &#8220;Usar m\u00e1scara sempre em ambientes fechados, onde \u00e9 inevit\u00e1vel a aglomera\u00e7\u00e3o, \u00e9 fundamental&#8221;, afirma.<\/p>\n<p>O m\u00e9dico refor\u00e7a que, por mais que o Pa\u00eds n\u00e3o esteja mais em um momento de obrigatoriedade, a orienta\u00e7\u00e3o do uso \u00e9 bem-vinda. &#8220;Completar a vacina\u00e7\u00e3o, incluir crian\u00e7as (na campanha de imuniza\u00e7\u00e3o), usar m\u00e1caras e propiciar tratamentos para aqueles que n\u00e3o respondem \u00e0s vacinas&#8221; s\u00e3o algumas das medidas importantes de serem adotadas neste momento, destaca Kfouri.<\/p>\n<p><strong><a href=\"https:\/\/cidadeverde.com\/claudiabrandao\/120563\/ministerio-da-saude-volta-a-recomendar-o-uso-de-mascaras\">Coluna da Cl\u00e1udia Brand\u00e3o destaca a volta do uso da m\u00e1scara; leia aqui\u00a0<\/a><\/strong><\/p>\n<p>&nbsp;<\/p>\n<p>Fonte: Estad\u00e3o Conte\u00fado<\/p>\n","protected":false},"excerpt":{"rendered":"<p>A Secretaria de Vigil\u00e2ncia em Sa\u00fade do Minist\u00e9rio da Sa\u00fade publicou nota t\u00e9cnica em que recomenda o uso de m\u00e1scara pela popula\u00e7\u00e3o e a ado\u00e7\u00e3o de outras medidas, como amplia\u00e7\u00e3o da vigil\u00e2ncia gen\u00f4mica, por Estados e munic\u00edpios. O documento foi motivado pelo avan\u00e7o recente de casos de covid-19 no Pa\u00eds. Conforme a secretaria, entre os [&hellip;]<\/p>\n","protected":false},"author":2,"featured_media":2939,"comment_status":"open","ping_status":"open","sticky":false,"template":"","format":"standard","meta":{"om_disable_all_campaigns":false,"_monsterinsights_skip_tracking":false,"_monsterinsights_sitenote_active":false,"_monsterinsights_sitenote_note":"","_monsterinsights_sitenote_category":0,"footnotes":""},"categories":[1,47],"tags":[76,193],"class_list":["post-3362","post","type-post","status-publish","format-standard","has-post-thumbnail","hentry","category-covid19","category-nacionais","tag-covid-19","tag-mascaras"],"jetpack_featured_media_url":"https:\/\/fatoelado.com\/wp-content\/uploads\/2022\/09\/naom-618f9d53011d7-1641341079.jpg","_links":{"self":[{"href":"https:\/\/fatoelado.com\/index.php?rest_route=\/wp\/v2\/posts\/3362","targetHints":{"allow":["GET"]}}],"collection":[{"href":"https:\/\/fatoelado.com\/index.php?rest_route=\/wp\/v2\/posts"}],"about":[{"href":"https:\/\/fatoelado.com\/index.php?rest_route=\/wp\/v2\/types\/post"}],"author":[{"embeddable":true,"href":"https:\/\/fatoelado.com\/index.php?rest_route=\/wp\/v2\/users\/2"}],"replies":[{"embeddable":true,"href":"https:\/\/fatoelado.com\/index.php?rest_route=%2Fwp%2Fv2%2Fcomments&post=3362"}],"version-history":[{"count":1,"href":"https:\/\/fatoelado.com\/index.php?rest_route=\/wp\/v2\/posts\/3362\/revisions"}],"predecessor-version":[{"id":3363,"href":"https:\/\/fatoelado.com\/index.php?rest_route=\/wp\/v2\/posts\/3362\/revisions\/3363"}],"wp:featuredmedia":[{"embeddable":true,"href":"https:\/\/fatoelado.com\/index.php?rest_route=\/wp\/v2\/media\/2939"}],"wp:attachment":[{"href":"https:\/\/fatoelado.com\/index.php?rest_route=%2Fwp%2Fv2%2Fmedia&parent=3362"}],"wp:term":[{"taxonomy":"category","embeddable":true,"href":"https:\/\/fatoelado.com\/index.php?rest_route=%2Fwp%2Fv2%2Fcategories&post=3362"},{"taxonomy":"post_tag","embeddable":true,"href":"https:\/\/fatoelado.com\/index.php?rest_route=%2Fwp%2Fv2%2Ftags&post=3362"}],"curies":[{"name":"wp","href":"https:\/\/api.w.org\/{rel}","templated":true}]}}