{"id":3164,"date":"2022-10-18T09:58:54","date_gmt":"2022-10-18T12:58:54","guid":{"rendered":"https:\/\/fatoelado.com\/?p=3164"},"modified":"2022-10-18T09:58:54","modified_gmt":"2022-10-18T12:58:54","slug":"concurso-do-corpo-de-bombeiros-tera-100-vagas-e-sai-ate-inicio-de-novembro","status":"publish","type":"post","link":"https:\/\/fatoelado.com\/?p=3164","title":{"rendered":"Concurso do Corpo de Bombeiros ter\u00e1 100 vagas e sai at\u00e9 in\u00edcio de novembro"},"content":{"rendered":"<p>Ap\u00f3s ter sido anunciado para os meses de junho e agosto, finalmente, o edital do concurso do Corpo de Bombeiros do Piau\u00ed deve ser publicado, no m\u00e1ximo, em 15 dias.\u00a0 A\u00a0 informa\u00e7\u00e3o foi repassada nesta segunda-feira (17), pelo coronel Jos\u00e9 Veloso, rela\u00e7\u00f5es p\u00fablicas da corpora\u00e7\u00e3o, que adiantou ainda que o n\u00famero de vagas foi ampliado para 100 mais cadastro de reserva com o mesmo quantitativo.<\/p>\n<p>&#8220;Foi aprovado, autorizado e podemos dizer que estamos no &#8216;ajuste fino&#8217;. Mas no m\u00e1ximo em 15 dias, vamos ter o lan\u00e7amento do edital. J\u00e1 est\u00e1 praticamente tudo definido&#8221;, adianta o coronel Veloso.<\/p>\n<p>A banca organizadora do certame ser\u00e1 o N\u00facleo de Concursos e Promo\u00e7\u00e3o de Eventos (Nucepe). As 100 vagas ser\u00e3o para o cargo de soldado com\u00a0 sal\u00e1rio inicial em m\u00e9dia d\u00a0 R$ 3.294.<\/p>\n<p>O concurso deve contar com vagas para a Capital e interior do estado.<\/p>\n<p><img loading=\"lazy\" decoding=\"async\" class=\"alignnone wp-image-3165 size-full\" src=\"http:\/\/fatoelado.com\/wp-content\/uploads\/2022\/10\/854e76e1c6c4d3dfcc9c28940584ec7c.jpg\" alt=\"\" width=\"790\" height=\"527\" srcset=\"https:\/\/fatoelado.com\/wp-content\/uploads\/2022\/10\/854e76e1c6c4d3dfcc9c28940584ec7c.jpg 790w, https:\/\/fatoelado.com\/wp-content\/uploads\/2022\/10\/854e76e1c6c4d3dfcc9c28940584ec7c-300x200.jpg 300w, https:\/\/fatoelado.com\/wp-content\/uploads\/2022\/10\/854e76e1c6c4d3dfcc9c28940584ec7c-768x512.jpg 768w\" sizes=\"auto, (max-width: 790px) 100vw, 790px\" \/><\/p>\n<p>Fonte: cidadeverde.com<\/p>\n","protected":false},"excerpt":{"rendered":"<p>Ap\u00f3s ter sido anunciado para os meses de junho e agosto, finalmente, o edital do concurso do Corpo de Bombeiros do Piau\u00ed deve ser publicado, no m\u00e1ximo, em 15 dias.\u00a0 A\u00a0 informa\u00e7\u00e3o foi repassada nesta segunda-feira (17), pelo coronel Jos\u00e9 Veloso, rela\u00e7\u00f5es p\u00fablicas da corpora\u00e7\u00e3o, que adiantou ainda que o n\u00famero de vagas foi ampliado [&hellip;]<\/p>\n","protected":false},"author":2,"featured_media":3165,"comment_status":"open","ping_status":"open","sticky":false,"template":"","format":"standard","meta":{"om_disable_all_campaigns":false,"_monsterinsights_skip_tracking":false,"_monsterinsights_sitenote_active":false,"_monsterinsights_sitenote_note":"","_monsterinsights_sitenote_category":0,"footnotes":""},"categories":[33],"tags":[486,154],"class_list":["post-3164","post","type-post","status-publish","format-standard","has-post-thumbnail","hentry","category-piaui","tag-bombeiros","tag-concurso"],"jetpack_featured_media_url":"https:\/\/fatoelado.com\/wp-content\/uploads\/2022\/10\/854e76e1c6c4d3dfcc9c28940584ec7c.jpg","_links":{"self":[{"href":"https:\/\/fatoelado.com\/index.php?rest_route=\/wp\/v2\/posts\/3164","targetHints":{"allow":["GET"]}}],"collection":[{"href":"https:\/\/fatoelado.com\/index.php?rest_route=\/wp\/v2\/posts"}],"about":[{"href":"https:\/\/fatoelado.com\/index.php?rest_route=\/wp\/v2\/types\/post"}],"author":[{"embeddable":true,"href":"https:\/\/fatoelado.com\/index.php?rest_route=\/wp\/v2\/users\/2"}],"replies":[{"embeddable":true,"href":"https:\/\/fatoelado.com\/index.php?rest_route=%2Fwp%2Fv2%2Fcomments&post=3164"}],"version-history":[{"count":1,"href":"https:\/\/fatoelado.com\/index.php?rest_route=\/wp\/v2\/posts\/3164\/revisions"}],"predecessor-version":[{"id":3166,"href":"https:\/\/fatoelado.com\/index.php?rest_route=\/wp\/v2\/posts\/3164\/revisions\/3166"}],"wp:featuredmedia":[{"embeddable":true,"href":"https:\/\/fatoelado.com\/index.php?rest_route=\/wp\/v2\/media\/3165"}],"wp:attachment":[{"href":"https:\/\/fatoelado.com\/index.php?rest_route=%2Fwp%2Fv2%2Fmedia&parent=3164"}],"wp:term":[{"taxonomy":"category","embeddable":true,"href":"https:\/\/fatoelado.com\/index.php?rest_route=%2Fwp%2Fv2%2Fcategories&post=3164"},{"taxonomy":"post_tag","embeddable":true,"href":"https:\/\/fatoelado.com\/index.php?rest_route=%2Fwp%2Fv2%2Ftags&post=3164"}],"curies":[{"name":"wp","href":"https:\/\/api.w.org\/{rel}","templated":true}]}}