{"id":2897,"date":"2022-09-17T09:16:41","date_gmt":"2022-09-17T12:16:41","guid":{"rendered":"https:\/\/fatoelado.com\/?p=2897"},"modified":"2022-09-17T09:16:41","modified_gmt":"2022-09-17T12:16:41","slug":"ensino-medio-teve-347-mil-matriculas-a-menos-em-2022-mostram-dados-do-censo-escolar","status":"publish","type":"post","link":"https:\/\/fatoelado.com\/?p=2897","title":{"rendered":"Ensino m\u00e9dio teve 347 mil matr\u00edculas a menos em 2022, mostram dados do Censo Escolar"},"content":{"rendered":"<p>O n\u00famero de matr\u00edculas no ensino m\u00e9dio em 2022 foi 5,3% menor do que em 2021, indicam os dados preliminares do Censo Escolar da Educa\u00e7\u00e3o B\u00e1sica divulgados nesta sexta-feira (16).<\/p>\n<p>Ao todo, 6.217.486 alunos estavam matriculados neste ano, o que representa uma queda de mais de 347 mil matr\u00edculas em rela\u00e7\u00e3o \u00e0s informa\u00e7\u00f5es preliminares do ano anterior.<\/p>\n<p>Os dados s\u00e3o significativos, j\u00e1 que a vers\u00e3o final do Censo Escolar de 2021 registrou um aumento de 3% no n\u00famero de alunos no ensino m\u00e9dio em compara\u00e7\u00e3o com 2020.<\/p>\n<p>Apesar da queda no total de matr\u00edculas em 2022, o n\u00famero de alunos matriculados em escolas de tempo integral aumentou cerca de 10,5%, o que pode ser um reflexo da implanta\u00e7\u00e3o do novo ensino m\u00e9dio no pa\u00eds.<\/p>\n<p>O ensino b\u00e1sico como um todo \u2014 da creche ao ensino m\u00e9dio, incluindo a educa\u00e7\u00e3o de jovens e adultos \u2014 somou 35.760.081 matr\u00edculas.<\/p>\n<p>O n\u00famero \u00e9 2,07% menor se comparado ao Censo preliminar de 2021. S\u00e3o 758.005 matr\u00edculas a menos na rede p\u00fablica, que em 2021 tinha 36.518.086 estudantes.<\/p>\n<p>Os dados sobre matr\u00edculas s\u00e3o importantes para a distribui\u00e7\u00e3o de recursos do Fundo de Manuten\u00e7\u00e3o e Desenvolvimento da Educa\u00e7\u00e3o B\u00e1sica (Fundeb) e para a execu\u00e7\u00e3o de programas na \u00e1rea da educa\u00e7\u00e3o.<\/p>\n<p>A vers\u00e3o final do Censo est\u00e1 prevista para dezembro.<\/p>\n","protected":false},"excerpt":{"rendered":"<p>O n\u00famero de matr\u00edculas no ensino m\u00e9dio em 2022 foi 5,3% menor do que em 2021, indicam os dados preliminares do Censo Escolar da Educa\u00e7\u00e3o B\u00e1sica divulgados nesta sexta-feira (16). Ao todo, 6.217.486 alunos estavam matriculados neste ano, o que representa uma queda de mais de 347 mil matr\u00edculas em rela\u00e7\u00e3o \u00e0s informa\u00e7\u00f5es preliminares do [&hellip;]<\/p>\n","protected":false},"author":2,"featured_media":2898,"comment_status":"open","ping_status":"open","sticky":false,"template":"","format":"standard","meta":{"om_disable_all_campaigns":false,"_monsterinsights_skip_tracking":false,"_monsterinsights_sitenote_active":false,"_monsterinsights_sitenote_note":"","_monsterinsights_sitenote_category":0,"footnotes":""},"categories":[32,47],"tags":[491],"class_list":["post-2897","post","type-post","status-publish","format-standard","has-post-thumbnail","hentry","category-educacao","category-nacionais","tag-ensino-medio"],"jetpack_featured_media_url":"https:\/\/fatoelado.com\/wp-content\/uploads\/2022\/09\/ensino.jpeg","_links":{"self":[{"href":"https:\/\/fatoelado.com\/index.php?rest_route=\/wp\/v2\/posts\/2897","targetHints":{"allow":["GET"]}}],"collection":[{"href":"https:\/\/fatoelado.com\/index.php?rest_route=\/wp\/v2\/posts"}],"about":[{"href":"https:\/\/fatoelado.com\/index.php?rest_route=\/wp\/v2\/types\/post"}],"author":[{"embeddable":true,"href":"https:\/\/fatoelado.com\/index.php?rest_route=\/wp\/v2\/users\/2"}],"replies":[{"embeddable":true,"href":"https:\/\/fatoelado.com\/index.php?rest_route=%2Fwp%2Fv2%2Fcomments&post=2897"}],"version-history":[{"count":1,"href":"https:\/\/fatoelado.com\/index.php?rest_route=\/wp\/v2\/posts\/2897\/revisions"}],"predecessor-version":[{"id":2899,"href":"https:\/\/fatoelado.com\/index.php?rest_route=\/wp\/v2\/posts\/2897\/revisions\/2899"}],"wp:featuredmedia":[{"embeddable":true,"href":"https:\/\/fatoelado.com\/index.php?rest_route=\/wp\/v2\/media\/2898"}],"wp:attachment":[{"href":"https:\/\/fatoelado.com\/index.php?rest_route=%2Fwp%2Fv2%2Fmedia&parent=2897"}],"wp:term":[{"taxonomy":"category","embeddable":true,"href":"https:\/\/fatoelado.com\/index.php?rest_route=%2Fwp%2Fv2%2Fcategories&post=2897"},{"taxonomy":"post_tag","embeddable":true,"href":"https:\/\/fatoelado.com\/index.php?rest_route=%2Fwp%2Fv2%2Ftags&post=2897"}],"curies":[{"name":"wp","href":"https:\/\/api.w.org\/{rel}","templated":true}]}}