{"id":2859,"date":"2022-09-15T09:34:57","date_gmt":"2022-09-15T12:34:57","guid":{"rendered":"https:\/\/fatoelado.com\/?p=2859"},"modified":"2022-09-15T09:34:57","modified_gmt":"2022-09-15T12:34:57","slug":"governo-do-piaui-garante-repasse-de-60-do-precatorio-do-fundef-para-professores","status":"publish","type":"post","link":"https:\/\/fatoelado.com\/?p=2859","title":{"rendered":"Governo do Piau\u00ed garante repasse de 60% do precat\u00f3rio do Fundef para professores"},"content":{"rendered":"<div>O secret\u00e1rio de Estado da Educa\u00e7\u00e3o, Ellen Gera, informou que a governadora do Piau\u00ed, Regina Sousa, j\u00e1 garantiu ao Sindicato dos Trabalhadores da Educa\u00e7\u00e3o (Sinte-PI) que ir\u00e1 repassar 60% dos precat\u00f3rios do Fundo de Manuten\u00e7\u00e3o e Desenvolvimento do Ensino Fundamental e de Valoriza\u00e7\u00e3o do Magist\u00e9rio (Fundef) aos professores do Estado.<\/div>\n<div><\/div>\n<div>O Governo do Piau\u00ed ingressou em 2017 com uma a\u00e7\u00e3o contra a Uni\u00e3o, para que fosse realizado o pagamento dos recursos do Fundef que n\u00e3o foram repassados de forma correta para os cofres p\u00fablicos. O Estado chegou a receber uma parcela de R$ 1,6 bilh\u00e3o, mas questionou na Justi\u00e7a que o valor devido pela Uni\u00e3o era maior. A Justi\u00e7a Federal deu ganho de causa ao Piau\u00ed, que aguarda que os repasses de fato sejam efetivados ao Tesouro Estadual.<\/div>\n<div><\/div>\n<div>&#8220;Em rela\u00e7\u00e3o a essas novas parcelas do precat\u00f3rio, a governadora j\u00e1 determinou que seja elaborado um projeto de lei para garantir e orientar o repasse de 60% aos profissionais do magist\u00e9rio, seguindo emenda constitucional e lei federal vigentes&#8221;, afirma o secret\u00e1rio Ellen Gera.<\/div>\n<div><\/div>\n<div>Sobre os precat\u00f3rios do Fundef j\u00e1 recebidos em 2020 pelo Piau\u00ed, Ellen Gera explica que quando o Estado recebeu os recursos, o que estava valendo era o ac\u00f3rd\u00e3o do Tribunal de Contas da Uni\u00e3o (TCU), que vetava o uso de recursos dos precat\u00f3rios para o pagamento de sal\u00e1rios e passivos trabalhistas de professores, por acreditar que esse dinheiro \u00e9 extraordin\u00e1rio e n\u00e3o pode ser destinado a despesas permanentes.<\/div>\n<div><\/div>\n<div>&#8220;A lei que permite o repasse do Fundef para os professores s\u00f3 foi sancionada em 2021 e s\u00f3 vale para os recursos que forem pagos aos estados ap\u00f3s a lei. Agora, pela lei aprovada, os professores ter\u00e3o direito a esse recurso que falta o Piau\u00ed receber&#8221;, detalha.<\/div>\n<div><\/div>\n<div>Segundo o secret\u00e1rio, para pagar os professores, \u00e9 preciso que para que, ent\u00e3o, possa ser transferido para a conta espec\u00edfica aberta pelo Governo do Piau\u00ed para receber o recurso.<\/div>\n<div><\/div>\n<div>&#8220;Esses novos valores do precat\u00f3rio do Fundef deveriam ter entrado na conta do Estado em julho, mas at\u00e9 agora, n\u00e3o recebemos nada. Mesmo assim, o Governo j\u00e1 est\u00e1 trabalhando um projeto de lei para definir as regras e crit\u00e9rios de rateio, para que assim que o recurso chegue, seja distribu\u00eddo para aqueles profissionais que t\u00eam direito&#8221;, frisou.<\/div>\n<div><\/div>\n","protected":false},"excerpt":{"rendered":"<p>O secret\u00e1rio de Estado da Educa\u00e7\u00e3o, Ellen Gera, informou que a governadora do Piau\u00ed, Regina Sousa, j\u00e1 garantiu ao Sindicato dos Trabalhadores da Educa\u00e7\u00e3o (Sinte-PI) que ir\u00e1 repassar 60% dos precat\u00f3rios do Fundo de Manuten\u00e7\u00e3o e Desenvolvimento do Ensino Fundamental e de Valoriza\u00e7\u00e3o do Magist\u00e9rio (Fundef) aos professores do Estado. O Governo do Piau\u00ed ingressou [&hellip;]<\/p>\n","protected":false},"author":2,"featured_media":2860,"comment_status":"open","ping_status":"open","sticky":false,"template":"","format":"standard","meta":{"om_disable_all_campaigns":false,"_monsterinsights_skip_tracking":false,"_monsterinsights_sitenote_active":false,"_monsterinsights_sitenote_note":"","_monsterinsights_sitenote_category":0,"footnotes":""},"categories":[32,33],"tags":[],"class_list":["post-2859","post","type-post","status-publish","format-standard","has-post-thumbnail","hentry","category-educacao","category-piaui"],"jetpack_featured_media_url":"https:\/\/fatoelado.com\/wp-content\/uploads\/2022\/09\/ellen-gera-coordenador-seduc-415724586911598710766.jpg","_links":{"self":[{"href":"https:\/\/fatoelado.com\/index.php?rest_route=\/wp\/v2\/posts\/2859","targetHints":{"allow":["GET"]}}],"collection":[{"href":"https:\/\/fatoelado.com\/index.php?rest_route=\/wp\/v2\/posts"}],"about":[{"href":"https:\/\/fatoelado.com\/index.php?rest_route=\/wp\/v2\/types\/post"}],"author":[{"embeddable":true,"href":"https:\/\/fatoelado.com\/index.php?rest_route=\/wp\/v2\/users\/2"}],"replies":[{"embeddable":true,"href":"https:\/\/fatoelado.com\/index.php?rest_route=%2Fwp%2Fv2%2Fcomments&post=2859"}],"version-history":[{"count":1,"href":"https:\/\/fatoelado.com\/index.php?rest_route=\/wp\/v2\/posts\/2859\/revisions"}],"predecessor-version":[{"id":2861,"href":"https:\/\/fatoelado.com\/index.php?rest_route=\/wp\/v2\/posts\/2859\/revisions\/2861"}],"wp:featuredmedia":[{"embeddable":true,"href":"https:\/\/fatoelado.com\/index.php?rest_route=\/wp\/v2\/media\/2860"}],"wp:attachment":[{"href":"https:\/\/fatoelado.com\/index.php?rest_route=%2Fwp%2Fv2%2Fmedia&parent=2859"}],"wp:term":[{"taxonomy":"category","embeddable":true,"href":"https:\/\/fatoelado.com\/index.php?rest_route=%2Fwp%2Fv2%2Fcategories&post=2859"},{"taxonomy":"post_tag","embeddable":true,"href":"https:\/\/fatoelado.com\/index.php?rest_route=%2Fwp%2Fv2%2Ftags&post=2859"}],"curies":[{"name":"wp","href":"https:\/\/api.w.org\/{rel}","templated":true}]}}