{"id":24878,"date":"2026-09-06T16:22:36","date_gmt":"2026-09-06T19:22:36","guid":{"rendered":"https:\/\/fatoelado.com\/?p=24878"},"modified":"2026-09-06T16:22:36","modified_gmt":"2026-09-06T19:22:36","slug":"tre-pi-intensifica-preparacao-de-equipes-para-as-eleicoes-2026","status":"publish","type":"post","link":"https:\/\/fatoelado.com\/?p=24878","title":{"rendered":"TRE-PI intensifica prepara\u00e7\u00e3o de equipes para as Elei\u00e7\u00f5es 2026"},"content":{"rendered":"<p><img decoding=\"async\" class=\"aligncenter\" src=\"https:\/\/cidadeverde.com\/assets\/uploads\/colecoes\/2\/2026\/06\/tre-_pi_tribunal_reginal_eleitoral_3.jpeg\" alt=\"tre-_pi_tribunal_reginal_eleitoral_3.jpeg\" \/><\/p>\n<p>O Tribunal Regional Eleitoral do Piau\u00ed (TRE-PI) intensificou a prepara\u00e7\u00e3o das equipes que v\u00e3o atuar nas Elei\u00e7\u00f5es 2026. Nesta semana, chefes de cart\u00f3rio participam de treinamento presencial e, em setembro, ser\u00e1 a vez dos ju\u00edzes eleitorais passarem por capacita\u00e7\u00e3o antes do pleito.<\/p>\n<p>Segundo o presidente do TRE-PI, desembargador Jos\u00e9 Wilson Ferreira de Ara\u00fajo J\u00fanior, os chefes de cart\u00f3rio j\u00e1 participaram de treinamento virtual e agora ter\u00e3o uma nova etapa presencial. Depois, eles ser\u00e3o respons\u00e1veis pela prepara\u00e7\u00e3o dos mes\u00e1rios nas zonas eleitorais de todo o estado.<\/p>\n<blockquote><p>&#8220;Todas as etapas foram cumpridas e est\u00e3o sendo cumpridas. Esta semana, amanh\u00e3 e na quinta-feira, n\u00f3s temos aqui o treinamento presencial dos chefes de cart\u00f3rio. N\u00f3s j\u00e1 fizemos um treinamento virtual e agora vamos fazer o treinamento presencial, porque esses chefes de cart\u00f3rio, por sua vez, fazem o treinamento dos mes\u00e1rios nas zonas eleitorais de todo o Piau\u00ed&#8221;, afirmou Jos\u00e9 Wilson.<\/p><\/blockquote>\n<p>A prepara\u00e7\u00e3o tamb\u00e9m envolve os magistrados respons\u00e1veis pela condu\u00e7\u00e3o das elei\u00e7\u00f5es. O TRE-PI marcou para 17 de setembro um encontro com os ju\u00edzes eleitorais. A capacita\u00e7\u00e3o ter\u00e1 dura\u00e7\u00e3o de um dia e meio e contar\u00e1 com palestras e orienta\u00e7\u00f5es sobre os procedimentos para o pleito.<\/p>\n<p>&#8220;Todos os ju\u00edzes eleitorais estar\u00e3o aqui tamb\u00e9m fazendo um treinamento de um dia e meio, inclusive com palestrante que n\u00f3s estamos trazendo de fora, que \u00e9 o Dr. Diogo Rais, e outras pratas da casa que n\u00f3s temos aqui, servidores inclusive. Ent\u00e3o tudo isso faz parte desses preparativos para as elei\u00e7\u00f5es&#8221;, afirmou o presidente.<\/p>\n<h2><strong>Energia nos locais de vota\u00e7\u00e3o<\/strong><\/h2>\n<p>Outra medida adotada pelo TRE-PI \u00e9 a prepara\u00e7\u00e3o para poss\u00edveis problemas no fornecimento de energia el\u00e9trica durante a vota\u00e7\u00e3o. O Tribunal j\u00e1 solicitou \u00e0 Equatorial um refor\u00e7o das equipes de atendimento para o dia da elei\u00e7\u00e3o.<\/p>\n<p>Segundo Jos\u00e9 Wilson, o objetivo \u00e9 manter profissionais de prontid\u00e3o para atender rapidamente ocorr\u00eancias de falta ou oscila\u00e7\u00e3o de energia nos locais de vota\u00e7\u00e3o.<\/p>\n<p>&#8220;N\u00f3s j\u00e1 fizemos esse pedido. Esse pedido \u00e9 sempre feito e h\u00e1 um ajuste com a Equatorial de refor\u00e7o de equipes para que, eventualmente, nos problemas de oscila\u00e7\u00e3o e falta de energia el\u00e9trica, a gente consiga equipes de prontid\u00e3o para reparos imediatos. Ent\u00e3o isso j\u00e1 foi alinhado tamb\u00e9m&#8221;, afirmou Jos\u00e9 Wilson.<\/p>\n<p>O TRE-PI tamb\u00e9m j\u00e1 iniciou etapas da log\u00edstica dos equipamentos que ser\u00e3o utilizados na elei\u00e7\u00e3o. Segundo o presidente, o planejamento segue dentro do cronograma estabelecido pela Justi\u00e7a Eleitoral.<\/p>\n<p>&#8220;Est\u00e1 tudo sob encaminhamento, tudo sendo providenciado&#8221;, afirmou Jos\u00e9 Wilson.<\/p>\n<p>&nbsp;<\/p>\n<p>Fonte: Portal CidadeVerde.<br \/>\nConfira esta e outras mat\u00e9rias na \u00edntegra pelo link: https:\/\/cidadeverde.com\/ultimas\/462044\/tre-pi-intensifica-preparacao-de-equipes-para-as-eleicoes-2026<\/p>\n","protected":false},"excerpt":{"rendered":"<p>O Tribunal Regional Eleitoral do Piau\u00ed (TRE-PI) intensificou a prepara\u00e7\u00e3o das equipes que v\u00e3o atuar nas Elei\u00e7\u00f5es 2026. Nesta semana, chefes de cart\u00f3rio participam de treinamento presencial e, em setembro, ser\u00e1 a vez dos ju\u00edzes eleitorais passarem por capacita\u00e7\u00e3o antes do pleito. Segundo o presidente do TRE-PI, desembargador Jos\u00e9 Wilson Ferreira de Ara\u00fajo J\u00fanior, os [&hellip;]<\/p>\n","protected":false},"author":3,"featured_media":24879,"comment_status":"open","ping_status":"open","sticky":false,"template":"","format":"standard","meta":{"om_disable_all_campaigns":false,"_monsterinsights_skip_tracking":false,"_monsterinsights_sitenote_active":false,"_monsterinsights_sitenote_note":"","_monsterinsights_sitenote_category":0,"footnotes":""},"categories":[33],"tags":[],"class_list":["post-24878","post","type-post","status-publish","format-standard","has-post-thumbnail","hentry","category-piaui"],"jetpack_featured_media_url":"https:\/\/fatoelado.com\/wp-content\/uploads\/2026\/09\/tre-_pi_tribunal_reginal_eleitoral_3.jpeg","_links":{"self":[{"href":"https:\/\/fatoelado.com\/index.php?rest_route=\/wp\/v2\/posts\/24878","targetHints":{"allow":["GET"]}}],"collection":[{"href":"https:\/\/fatoelado.com\/index.php?rest_route=\/wp\/v2\/posts"}],"about":[{"href":"https:\/\/fatoelado.com\/index.php?rest_route=\/wp\/v2\/types\/post"}],"author":[{"embeddable":true,"href":"https:\/\/fatoelado.com\/index.php?rest_route=\/wp\/v2\/users\/3"}],"replies":[{"embeddable":true,"href":"https:\/\/fatoelado.com\/index.php?rest_route=%2Fwp%2Fv2%2Fcomments&post=24878"}],"version-history":[{"count":1,"href":"https:\/\/fatoelado.com\/index.php?rest_route=\/wp\/v2\/posts\/24878\/revisions"}],"predecessor-version":[{"id":24880,"href":"https:\/\/fatoelado.com\/index.php?rest_route=\/wp\/v2\/posts\/24878\/revisions\/24880"}],"wp:featuredmedia":[{"embeddable":true,"href":"https:\/\/fatoelado.com\/index.php?rest_route=\/wp\/v2\/media\/24879"}],"wp:attachment":[{"href":"https:\/\/fatoelado.com\/index.php?rest_route=%2Fwp%2Fv2%2Fmedia&parent=24878"}],"wp:term":[{"taxonomy":"category","embeddable":true,"href":"https:\/\/fatoelado.com\/index.php?rest_route=%2Fwp%2Fv2%2Fcategories&post=24878"},{"taxonomy":"post_tag","embeddable":true,"href":"https:\/\/fatoelado.com\/index.php?rest_route=%2Fwp%2Fv2%2Ftags&post=24878"}],"curies":[{"name":"wp","href":"https:\/\/api.w.org\/{rel}","templated":true}]}}