{"id":24875,"date":"2026-09-06T16:21:43","date_gmt":"2026-09-06T19:21:43","guid":{"rendered":"https:\/\/fatoelado.com\/?p=24875"},"modified":"2026-09-06T16:21:43","modified_gmt":"2026-09-06T19:21:43","slug":"corpo-de-bombeiros-combate-incendio-em-vegetacao-em-valenca-do-piaui","status":"publish","type":"post","link":"https:\/\/fatoelado.com\/?p=24875","title":{"rendered":"Corpo de Bombeiros combate inc\u00eandio em vegeta\u00e7\u00e3o em Valen\u00e7a do Piau\u00ed"},"content":{"rendered":"<p><img decoding=\"async\" class=\"aligncenter\" src=\"https:\/\/cidadeverde.com\/assets\/uploads\/colecoes\/2\/2026\/09\/23194eb9-792d-45cd-8aa8-8cf66e64f55d.jpg\" alt=\"incendio em valen\u00e7a\" \/><\/p>\n<p class=\"isSelectedEnd\">Um inc\u00eandio em uma \u00e1rea de vegeta\u00e7\u00e3o mobilizou equipes do Corpo de Bombeiros Militar do Piau\u00ed (CBMEPI) na manh\u00e3 deste domingo (6), em Valen\u00e7a do Piau\u00ed. Segundo a corpora\u00e7\u00e3o, as chamas se aproximavam de resid\u00eancias.<\/p>\n<p class=\"isSelectedEnd\">Para chegar aos pontos atingidos pelo fogo, os bombeiros precisaram avan\u00e7ar pela \u00e1rea de vegeta\u00e7\u00e3o. Durante o combate, foram utilizadas quatro mangueiras, al\u00e9m de um Auto Bomba Tanque (ABT).<\/p>\n<p class=\"isSelectedEnd\">A opera\u00e7\u00e3o durou cerca de uma hora. De acordo com o CBMEPI, as equipes conseguiram controlar as chamas e impedir que o inc\u00eandio se propagasse em dire\u00e7\u00e3o \u00e0s \u00e1reas residenciais.<\/p>\n<p class=\"isSelectedEnd\">N\u00e3o h\u00e1 informa\u00e7\u00f5es sobre pessoas feridas ou im\u00f3veis atingidos. As causas do inc\u00eandio tamb\u00e9m n\u00e3o foram informadas.<\/p>\n<h2><strong>Per\u00edodo seco aumenta risco de queimadas<\/strong><\/h2>\n<p class=\"isSelectedEnd\">Durante o per\u00edodo seco, a baixa umidade e a vegeta\u00e7\u00e3o ressecada favorecem o in\u00edcio e a propaga\u00e7\u00e3o de inc\u00eandios. Nessas condi\u00e7\u00f5es, as chamas podem avan\u00e7ar rapidamente e atingir \u00e1reas pr\u00f3ximas a resid\u00eancias, estradas e propriedades rurais.<\/p>\n<p>O Corpo de Bombeiros orienta a popula\u00e7\u00e3o a evitar o uso do fogo para limpeza de terrenos e queima de lixo ou vegeta\u00e7\u00e3o. Em caso de inc\u00eandio, a recomenda\u00e7\u00e3o \u00e9 acionar a corpora\u00e7\u00e3o e evitar tentativas de combate \u00e0s chamas sem equipamentos adequados.<\/p>\n<p>&nbsp;<\/p>\n<p>Fonte: Portal CidadeVerde.<br \/>\nConfira esta e outras mat\u00e9rias na \u00edntegra pelo link: https:\/\/cidadeverde.com\/ultimas\/462397\/corpo-de-bombeiros-combate-incendio-em-vegetacao-em-valenca-do-piaui<\/p>\n","protected":false},"excerpt":{"rendered":"<p>Um inc\u00eandio em uma \u00e1rea de vegeta\u00e7\u00e3o mobilizou equipes do Corpo de Bombeiros Militar do Piau\u00ed (CBMEPI) na manh\u00e3 deste domingo (6), em Valen\u00e7a do Piau\u00ed. Segundo a corpora\u00e7\u00e3o, as chamas se aproximavam de resid\u00eancias. Para chegar aos pontos atingidos pelo fogo, os bombeiros precisaram avan\u00e7ar pela \u00e1rea de vegeta\u00e7\u00e3o. Durante o combate, foram utilizadas [&hellip;]<\/p>\n","protected":false},"author":3,"featured_media":24876,"comment_status":"open","ping_status":"open","sticky":false,"template":"","format":"standard","meta":{"om_disable_all_campaigns":false,"_monsterinsights_skip_tracking":false,"_monsterinsights_sitenote_active":false,"_monsterinsights_sitenote_note":"","_monsterinsights_sitenote_category":0,"footnotes":""},"categories":[33],"tags":[],"class_list":["post-24875","post","type-post","status-publish","format-standard","has-post-thumbnail","hentry","category-piaui"],"jetpack_featured_media_url":"https:\/\/fatoelado.com\/wp-content\/uploads\/2026\/09\/23194eb9-792d-45cd-8aa8-8cf66e64f55d.jpg","_links":{"self":[{"href":"https:\/\/fatoelado.com\/index.php?rest_route=\/wp\/v2\/posts\/24875","targetHints":{"allow":["GET"]}}],"collection":[{"href":"https:\/\/fatoelado.com\/index.php?rest_route=\/wp\/v2\/posts"}],"about":[{"href":"https:\/\/fatoelado.com\/index.php?rest_route=\/wp\/v2\/types\/post"}],"author":[{"embeddable":true,"href":"https:\/\/fatoelado.com\/index.php?rest_route=\/wp\/v2\/users\/3"}],"replies":[{"embeddable":true,"href":"https:\/\/fatoelado.com\/index.php?rest_route=%2Fwp%2Fv2%2Fcomments&post=24875"}],"version-history":[{"count":1,"href":"https:\/\/fatoelado.com\/index.php?rest_route=\/wp\/v2\/posts\/24875\/revisions"}],"predecessor-version":[{"id":24877,"href":"https:\/\/fatoelado.com\/index.php?rest_route=\/wp\/v2\/posts\/24875\/revisions\/24877"}],"wp:featuredmedia":[{"embeddable":true,"href":"https:\/\/fatoelado.com\/index.php?rest_route=\/wp\/v2\/media\/24876"}],"wp:attachment":[{"href":"https:\/\/fatoelado.com\/index.php?rest_route=%2Fwp%2Fv2%2Fmedia&parent=24875"}],"wp:term":[{"taxonomy":"category","embeddable":true,"href":"https:\/\/fatoelado.com\/index.php?rest_route=%2Fwp%2Fv2%2Fcategories&post=24875"},{"taxonomy":"post_tag","embeddable":true,"href":"https:\/\/fatoelado.com\/index.php?rest_route=%2Fwp%2Fv2%2Ftags&post=24875"}],"curies":[{"name":"wp","href":"https:\/\/api.w.org\/{rel}","templated":true}]}}