{"id":24858,"date":"2026-09-05T13:21:27","date_gmt":"2026-09-05T16:21:27","guid":{"rendered":"https:\/\/fatoelado.com\/?p=24858"},"modified":"2026-09-05T13:21:27","modified_gmt":"2026-09-05T16:21:27","slug":"feriado-prolongado-no-piaui-tera-40c-umidade-baixa-e-chuva-isolada-no-sudoeste","status":"publish","type":"post","link":"https:\/\/fatoelado.com\/?p=24858","title":{"rendered":"Feriado prolongado no Piau\u00ed ter\u00e1 40\u00b0C, umidade baixa e chuva isolada no sudoeste"},"content":{"rendered":"<p><img decoding=\"async\" class=\"aligncenter\" src=\"https:\/\/cidadeverde.com\/assets\/uploads\/colecoes\/2\/2026\/07\/whatsapp_image_2026-07-13_at_10_43_14_1.jpeg\" alt=\"sol calor bandeiras piau\u00ed brasil\" \/><\/p>\n<p dir=\"ltr\"><strong>Quem vai pegar a estrada no feriado prolongado do 7 de Setembro encontra um Piau\u00ed de volta aos 40\u00b0C.<\/strong>\u00a0Depois de dois dias de chuva pontual no sudoeste do estado, que deram uma tr\u00e9gua nas temperaturas, a previs\u00e3o da Secretaria do Meio Ambiente e Recursos H\u00eddricos (SEMARH) \u00e9 de retomada do calor a partir deste domingo (6), incluindo a segunda-feira do feriado.<\/p>\n<blockquote>\n<p dir=\"ltr\">&#8220;Mesmo durante esse fim de semana, mais precisamente talvez no domingo e at\u00e9 para o feriado do dia 7, as temperaturas dever\u00e3o novamente se elevar, chegando ao patamar dos 40 graus&#8221;, afirma a meteorologista S\u00f4nia Feitosa, da Sala de Monitoramento e Previs\u00e3o de Eventos Clim\u00e1ticos Extremos (SAMPECE), \u00f3rg\u00e3o da SEMARH.<\/p>\n<\/blockquote>\n<h2 dir=\"ltr\"><strong>O que esperar em cada regi\u00e3o<\/strong><\/h2>\n<p dir=\"ltr\">Para este s\u00e1bado (5), o boletim da SAMPECE prev\u00ea m\u00e1ximas de 39\u00b0C no norte e no sudoeste do estado e 40\u00b0C no centro-norte e no sudeste.\u00a0<strong>A umidade do ar segue abaixo de 20% na maior parte do Piau\u00ed e chega a 15% no sudoeste<\/strong>. Em Teresina, a m\u00e1xima fica em 39\u00b0C, com 29% de umidade.<\/p>\n<p dir=\"ltr\">No domingo, o quadro se inverte no mapa: o norte, incluindo o litoral, sobe para 40\u00b0C, e o sudoeste tamb\u00e9m. Centro-norte e sudeste ficam em 39\u00b0C. A capital repete os 39\u00b0C.<\/p>\n<p dir=\"ltr\">Para a segunda-feira do feriado, o boletim di\u00e1rio ainda n\u00e3o traz n\u00fameros por regi\u00e3o, mas a tend\u00eancia divulgada pela SEMARH para o per\u00edodo de 4 a 10 de setembro \u00e9 de temperaturas pr\u00f3ximas ou superiores a 40\u00b0C em algumas \u00e1reas, com umidade abaixo de 20%.<\/p>\n<table border=\"1\" cellspacing=\"1\" cellpadding=\"1\">\n<tbody>\n<tr>\n<td><\/td>\n<td><strong>S\u00c1BADO (5)<\/strong><\/td>\n<td><strong>DOMINGO (6)<\/strong><\/td>\n<\/tr>\n<tr>\n<td>Norte (litoral)<\/td>\n<td>39\u00b0C<\/td>\n<td>40\u00b0C<\/td>\n<\/tr>\n<tr>\n<td>Centro-Norte<\/td>\n<td>40\u00b0C<\/td>\n<td>40\u00b0C<\/td>\n<\/tr>\n<tr>\n<td>Teresina<\/td>\n<td>39\u00b0C<\/td>\n<td>39\u00b0C<\/td>\n<\/tr>\n<tr>\n<td>Sudeste<\/td>\n<td>40\u00b0C<\/td>\n<td>39\u00b0C<\/td>\n<\/tr>\n<tr>\n<td>Sudoeste<\/td>\n<td>39\u00b0C<\/td>\n<td>40\u00b0C<\/td>\n<\/tr>\n<\/tbody>\n<\/table>\n<p>&nbsp;<\/p>\n<h2 dir=\"ltr\"><strong>Alerta vale nos tr\u00eas dias<\/strong><\/h2>\n<p>&nbsp;<\/p>\n<p dir=\"ltr\"><strong>O Instituto Nacional de Meteorologia (INMET) tem aviso de baixa umidade em vigor para s\u00e1bado, domingo e a segunda-feira do feriado, sempre a partir das 10h.<\/strong>\u00a0\u00c9 o grau de perigo potencial, o mais brando da escala, com umidade prevista entre 30% e 20% e baixo risco de inc\u00eandio florestal e \u00e0 sa\u00fade.<\/p>\n<p dir=\"ltr\">O alcance muda a cada dia. Neste s\u00e1bado e na segunda-feira, o aviso cobre o centro-norte, o sudeste e o sudoeste piauienses. No domingo, ele se estende tamb\u00e9m ao norte do estado, ou seja, \u00e0 faixa do litoral, justamente o destino mais procurado no feriado.<\/p>\n<p dir=\"ltr\">Nas orienta\u00e7\u00f5es, o instituto pede que se beba bastante l\u00edquido e que se evite esfor\u00e7o f\u00edsico e exposi\u00e7\u00e3o ao sol nas horas mais quentes e secas. Em caso de d\u00favida ou ocorr\u00eancia, os contatos s\u00e3o a Defesa Civil, no 199, e o Corpo de Bombeiros, no 193.<\/p>\n<h2 dir=\"ltr\"><strong>Onde pode chover<\/strong><\/h2>\n<p><em>Foto: Reprodu\u00e7\u00e3o \/ Inmet<\/em><\/p>\n<p><img decoding=\"async\" class=\"aligncenter\" src=\"https:\/\/cidadeverde.com\/assets\/uploads\/colecoes\/2\/2026\/09\/chuva_04_05_06.jpg\" alt=\"chuva_04_05_06.jpg\" \/><\/p>\n<p dir=\"ltr\">A chuva do feriado deve ficar concentrada no sudoeste. A SEMARH emitiu\u00a0<strong>aviso meteorol\u00f3gico com previs\u00e3o de chuva para os territ\u00f3rios Chapada das Mangabeiras, Tabuleiros do Alto Parna\u00edba e Vale dos Rios Piau\u00ed e Itaueira, com possibilidade tamb\u00e9m em Picos e munic\u00edpios vizinhos<\/strong>.<\/p>\n<p dir=\"ltr\">Para domingo, o boletim cita ainda\u00a0<strong>Ribeiro Gon\u00e7alves, Uru\u00e7u\u00ed e Baixa Grande do Ribeiro.<\/strong><\/p>\n<p dir=\"ltr\">N\u00e3o \u00e9 uma virada no tempo. A explica\u00e7\u00e3o est\u00e1 numa frente fria que atuava no Sudeste e no Centro-Oeste do pa\u00eds e empurrou umidade at\u00e9 o Tocantins e o oeste da Bahia. Como o sudoeste piauiense faz divisa com essa \u00e1rea, parte dessa umidade atravessou.<\/p>\n<blockquote>\n<p dir=\"ltr\">&#8220;Essa combina\u00e7\u00e3o de umidade com temperatura favoreceu a forma\u00e7\u00e3o de nebulosidade prop\u00edcia \u00e0 ocorr\u00eancia de chuvas&#8221;, explica a meteorologista.<\/p>\n<\/blockquote>\n<p dir=\"ltr\"><strong>O efeito, por\u00e9m, \u00e9 local e passageiro: onde chove, a temperatura cai um pouco e a umidade sobe, mas o calor e o ar seco continuam predominando no restante do estado.<\/strong><\/p>\n<p dir=\"ltr\">O que aconteceu na quinta-feira (3) d\u00e1 a medida. Enquanto Oeiras marcava 41\u00b0C e 14% de umidade, a maior temperatura e o ar mais seco do estado, choveu 18 mm em Baixa Grande do Ribeiro, 14 mm em Uru\u00e7u\u00ed, 9,5 mm em Guadalupe e 5 mm em Bom Jesus.<\/p>\n<p dir=\"ltr\">Para quem estiver na regi\u00e3o sudoeste, o aviso da SEMARH pede aten\u00e7\u00e3o com as rajadas de vento que acompanham essas chuvas: n\u00e3o se abrigar debaixo de \u00e1rvores, pelo risco de queda e de descargas el\u00e9tricas, e n\u00e3o estacionar ve\u00edculos perto de torres de transmiss\u00e3o e placas de propaganda.<\/p>\n<h2 dir=\"ltr\"><strong>Nas estradas<\/strong><\/h2>\n<p dir=\"ltr\"><strong><iframe loading=\"lazy\" src=\"https:\/\/www.youtube.com\/embed\/WN4zNFwvim0?start=1\" width=\"640\" height=\"360\" frameborder=\"0\" allowfullscreen=\"allowfullscreen\" data-mce-fragment=\"1\"><\/iframe><\/strong><\/p>\n<p dir=\"ltr\">A Pol\u00edcia Rodovi\u00e1ria Federal deu in\u00edcio na sexta-feira (4) \u00e0 Opera\u00e7\u00e3o Independ\u00eancia 2026 no Piau\u00ed, que segue at\u00e9 as 23h59 da segunda-feira (7). O refor\u00e7o vale para todo o estado, com equipes nos pontos de atendimento de Teresina, Campo Maior, Piripiri, Parna\u00edba, Picos, Alegrete, Valen\u00e7a, Floriano e Bom Jesus.<\/p>\n<p dir=\"ltr\">A expectativa \u00e9 de fluxo maior na BR-343, principal rota de acesso ao litoral piauiense. A fiscaliza\u00e7\u00e3o ter\u00e1 como foco a condu\u00e7\u00e3o por pessoas n\u00e3o habilitadas, o excesso de velocidade, as ultrapassagens em local proibido, a falta de cinto e de capacete e a combina\u00e7\u00e3o de \u00e1lcool e dire\u00e7\u00e3o.<\/p>\n<p dir=\"ltr\">Antes de sair, a recomenda\u00e7\u00e3o da PRF \u00e9 revisar pneus, freios, n\u00edvel do \u00f3leo, l\u00e2mpadas e far\u00f3is.<\/p>\n<h2 dir=\"ltr\"><strong>Cuidados com o calor na viagem<\/strong><\/h2>\n<ul dir=\"ltr\">\n<li>Levar \u00e1gua no carro e beber ao longo do trajeto, sem esperar a sede<\/li>\n<li>Evitar os hor\u00e1rios entre 10h e 16h para trechos longos, quando o calor e o cansa\u00e7o se somam<\/li>\n<li>Redobrar a aten\u00e7\u00e3o com crian\u00e7as e idosos dentro do ve\u00edculo, e nunca deixar ningu\u00e9m no carro parado ao sol<\/li>\n<li>Usar protetor solar em passeios ao ar livre, mesmo em dias de c\u00e9u parcialmente nublado<\/li>\n<li>N\u00e3o jogar bituca de cigarro pela janela \u2014 a vegeta\u00e7\u00e3o \u00e0s margens das rodovias est\u00e1 seca e o boletim da SEMARH mant\u00e9m alerta para risco de queimadas<\/li>\n<\/ul>\n<p>&nbsp;<\/p>\n<p>Fonte: Portal CidadeVerde.<br \/>\nConfira esta e outras mat\u00e9rias na \u00edntegra pelo link: https:\/\/cidadeverde.com\/ultimas\/462347\/feriado-prolongado-no-piaui-tera-40c-umidade-baixa-e-chuva-isolada-no-sudoeste<\/p>\n","protected":false},"excerpt":{"rendered":"<p>Quem vai pegar a estrada no feriado prolongado do 7 de Setembro encontra um Piau\u00ed de volta aos 40\u00b0C.\u00a0Depois de dois dias de chuva pontual no sudoeste do estado, que deram uma tr\u00e9gua nas temperaturas, a previs\u00e3o da Secretaria do Meio Ambiente e Recursos H\u00eddricos (SEMARH) \u00e9 de retomada do calor a partir deste domingo [&hellip;]<\/p>\n","protected":false},"author":3,"featured_media":24859,"comment_status":"open","ping_status":"open","sticky":false,"template":"","format":"standard","meta":{"om_disable_all_campaigns":false,"_monsterinsights_skip_tracking":false,"_monsterinsights_sitenote_active":false,"_monsterinsights_sitenote_note":"","_monsterinsights_sitenote_category":0,"footnotes":""},"categories":[33],"tags":[],"class_list":["post-24858","post","type-post","status-publish","format-standard","has-post-thumbnail","hentry","category-piaui"],"jetpack_featured_media_url":"https:\/\/fatoelado.com\/wp-content\/uploads\/2026\/09\/whatsapp_image_2026-07-13_at_10_43_14_1.jpeg","_links":{"self":[{"href":"https:\/\/fatoelado.com\/index.php?rest_route=\/wp\/v2\/posts\/24858","targetHints":{"allow":["GET"]}}],"collection":[{"href":"https:\/\/fatoelado.com\/index.php?rest_route=\/wp\/v2\/posts"}],"about":[{"href":"https:\/\/fatoelado.com\/index.php?rest_route=\/wp\/v2\/types\/post"}],"author":[{"embeddable":true,"href":"https:\/\/fatoelado.com\/index.php?rest_route=\/wp\/v2\/users\/3"}],"replies":[{"embeddable":true,"href":"https:\/\/fatoelado.com\/index.php?rest_route=%2Fwp%2Fv2%2Fcomments&post=24858"}],"version-history":[{"count":1,"href":"https:\/\/fatoelado.com\/index.php?rest_route=\/wp\/v2\/posts\/24858\/revisions"}],"predecessor-version":[{"id":24860,"href":"https:\/\/fatoelado.com\/index.php?rest_route=\/wp\/v2\/posts\/24858\/revisions\/24860"}],"wp:featuredmedia":[{"embeddable":true,"href":"https:\/\/fatoelado.com\/index.php?rest_route=\/wp\/v2\/media\/24859"}],"wp:attachment":[{"href":"https:\/\/fatoelado.com\/index.php?rest_route=%2Fwp%2Fv2%2Fmedia&parent=24858"}],"wp:term":[{"taxonomy":"category","embeddable":true,"href":"https:\/\/fatoelado.com\/index.php?rest_route=%2Fwp%2Fv2%2Fcategories&post=24858"},{"taxonomy":"post_tag","embeddable":true,"href":"https:\/\/fatoelado.com\/index.php?rest_route=%2Fwp%2Fv2%2Ftags&post=24858"}],"curies":[{"name":"wp","href":"https:\/\/api.w.org\/{rel}","templated":true}]}}