{"id":24837,"date":"2026-09-04T16:11:58","date_gmt":"2026-09-04T19:11:58","guid":{"rendered":"https:\/\/fatoelado.com\/?p=24837"},"modified":"2026-09-04T16:11:58","modified_gmt":"2026-09-04T19:11:58","slug":"desfile-de-7-de-setembro-veja-as-ruas-que-serao-interditadas-em-teresina","status":"publish","type":"post","link":"https:\/\/fatoelado.com\/?p=24837","title":{"rendered":"Desfile de 7 de Setembro: veja as ruas que ser\u00e3o interditadas em Teresina"},"content":{"rendered":"<h2 class=\"article-subtitle\" style=\"text-align: center;\">A estrutura ter\u00e1 arquibancadas, banheiros qu\u00edmicos e \u00e1reas para o p\u00fablico delimitadas por gradis. Sete ambul\u00e2ncias tamb\u00e9m ficar\u00e3o posicionadas ao longo do trajeto<\/h2>\n<p>&nbsp;<\/p>\n<div class=\"article-image-featured\" style=\"text-align: center;\"><img decoding=\"async\" class=\"i-amphtml-fill-content i-amphtml-replaced-content aligncenter\" src=\"https:\/\/www.meionews.com\/uploads\/imagens\/2026\/9\/4\/desfile-de-7-de-setembro--d2af30c71cd6ad93.jpg\" alt=\"Desfile de 7 de Setembro | Foto: Divulga\u00e7\u00e3o\/PMPI\" data-amp-loading=\"lazy\" \/><small>Desfile de 7 de Setembro | Foto: Divulga\u00e7\u00e3o\/PMPI<\/small><\/div>\n<div class=\"g-news\"><a class=\"g-news-preferencial\" href=\"https:\/\/google.com\/preferences\/source?q=https:\/\/www.meionews.com\/\" target=\"_blank\" rel=\"noopener\"><img decoding=\"async\" class=\"i-amphtml-intrinsic-sizer\" role=\"presentation\" src=\"data:;base64,<svg height=\"35px\" width=\"160px\" xmlns=\"http:\/\/www.w3.org\/2000\/svg\" version=\"1.1\"\/>&#8221; alt=&#8221;&#8221; aria-hidden=&#8221;true&#8221; \/><\/a><\/div>\n<div class=\"article-html\">\n<div class=\"article-html-more\">\n<p>O desfile c\u00edvico-militar de\u00a0<strong>7 de Setembro<\/strong>\u00a0ser\u00e1 realizado na segunda-feira (7), a partir das 7h, na Avenida Marechal Castelo Branco, em Teresina. A organiza\u00e7\u00e3o estima p\u00fablico de\u00a0<strong>40 mil pessoas<\/strong>. Cerca de\u00a0<strong>160 policiais militares<\/strong> ser\u00e3o mobilizados para o policiamento no percurso, que vai da rotat\u00f3ria do Cefap at\u00e9 a Ponte Estaiada.<\/p>\n<p>A estrutura ter\u00e1 arquibancadas, banheiros qu\u00edmicos e \u00e1reas para o p\u00fablico delimitadas por gradis.\u00a0<strong>Sete ambul\u00e2ncias<\/strong>\u00a0tamb\u00e9m ficar\u00e3o posicionadas ao longo do trajeto. O desfile ser\u00e1 formado por\u00a0<strong>seis grupamentos<\/strong>, com participa\u00e7\u00e3o de militares, escolas, entidades e outros participantes.<\/p>\n<p>&nbsp;<\/p>\n<h2>Tr\u00e2nsito<\/h2>\n<p>O planejamento inclui a\u00e7\u00f5es espec\u00edficas para o controle do tr\u00e2nsito.\u00a0<strong>Cerca de 70 profissionais, entre policiais do Batalh\u00e3o de Policiamento de Tr\u00e2nsito (BPTran) e agentes da Superintend\u00eancia Municipal de Transportes e Tr\u00e2nsito (Strans)<\/strong>, atuar\u00e3o nos pontos de bloqueio e na organiza\u00e7\u00e3o do fluxo de ve\u00edculos antes, durante e ap\u00f3s o desfile. As interdi\u00e7\u00f5es ter\u00e3o in\u00edcio a partir das 5h30 da manh\u00e3 da segunda.<\/p>\n<p>&nbsp;<\/p>\n<h2>Pontos de bloqueio<\/h2>\n<ul>\n<li><strong>Ponte Wall Ferraz:<\/strong>\u00a0acesso para a Avenida Padre Flor\u00eancio Lecchi, no sentido Oeste\/Leste, e al\u00e7a de acesso \u00e0 Avenida Higino Cunha, no sentido Leste\/Oeste;<\/li>\n<li><strong>Avenida Padre Flor\u00eancio Lecchi:<\/strong>\u00a0al\u00e7a de acesso \u00e0 Avenida Higino Cunha;<\/li>\n<li><strong>Rotat\u00f3ria do CEFAP;<\/strong><\/li>\n<li><strong>Avenida Higino Cunha:<\/strong>\u00a0cruzamento com a Avenida Marechal Castelo Branco;<\/li>\n<li><strong>Avenida Bar\u00e3o de Castelo Branco:\u00a0<\/strong>antes do acesso ao viaduto, no sentido Sul\/Norte;<\/li>\n<li><strong>Avenida Frei Serafim:\u00a0<\/strong>cruzamento com a Rua Acre, com acesso ao Hospital Unimed, e cruzamento com a Rua Goi\u00e1s, pr\u00f3ximo \u00e0 Drogaria Globo;<\/li>\n<li><strong>Ponte JK:\u00a0<\/strong>bloqueio sob a ponte; al\u00e7a Oeste\/Leste pr\u00f3xima \u00e0 Rua Acre, no lado do C\u00edrculo Militar; e al\u00e7a Leste\/Oeste, no lado da Agespisa;<\/li>\n<li><strong>Rua Acre:<\/strong>\u00a0cruzamento com a Rua Josefa Lopes de Ara\u00fajo, pr\u00f3ximo \u00e0 Sasc;<\/li>\n<li><strong>Rua Juliano Moreira:\u00a0<\/strong>cruzamento com a Rua Mato Grosso;<\/li>\n<li><strong>Rua Padre Tom\u00e1s Rego:<\/strong>\u00a0cruzamento com a Rua Francisco Ara\u00fajo Fortes;<\/li>\n<li><strong>Avenida Marechal Castelo Branco:<\/strong>\u00a0haver\u00e1 bloqueios nos cruzamentos com as ruas Jarbas Martins, Santa Luzia, Solange \u00c1rea Le\u00e3o, Eliseu Franco, Jos\u00e9 Ol\u00edmpio Melo, Taumaturgo de Azevedo, Olavo Bilac, S\u00e3o Pedro, Heitor Castelo Branco e Monsenhor Gil;<\/li>\n<li><strong>Acesso \u00e0 Avenida Frei Serafim (Agespisa):\u00a0<\/strong>sentido Norte\/Sul;<\/li>\n<li><strong>Pra\u00e7a Edgar Nogueira:\u00a0<\/strong>cruzamento pr\u00f3ximo ao Tribunal Regional Eleitoral (TRE) e \u00e0 Assembleia Legislativa do Piau\u00ed (Alepi);<\/li>\n<li><strong>Rua Acre:\u00a0<\/strong>cruzamento pr\u00f3ximo ao Centro de Conven\u00e7\u00f5es;<\/li>\n<li><strong>Avenida Marechal Castelo Branco:<\/strong>\u00a0cruzamentos com as ruas Francisco Ara\u00fajo Fortes, Juliano Moreira, Francisco Mendes, Jacob Almendra e Amazonas, com fechamento total da avenida;<\/li>\n<li><strong>Contorno do Shopping Rio Poty:<\/strong>\u00a0sa\u00edda.<\/li>\n<\/ul>\n<p>&nbsp;<\/p>\n<h2>Ruas interditadas para acomoda\u00e7\u00e3o dos pelot\u00f5es<\/h2>\n<p>As ruas S\u00e3o Pedro, Heitor Castelo Branco e Monsenhor Gil, no trecho entre a Av. Marechal Castelo Branco e a Rua Goi\u00e1s, ser\u00e3o temporariamente interditadas para a acomoda\u00e7\u00e3o das tropas participantes.<\/p>\n<p>O trecho da Av. Marechal Castelo Branco entre a Rua Francisco Mendes e a Rua Jacob Almendra funcionar\u00e1 como \u00e1rea de dispers\u00e3o dos pelot\u00f5es do Ex\u00e9rcito Brasileiro. Vale ressaltar que os pontos de bloqueio poder\u00e3o ser remanejados ou redistribu\u00eddos conforme a necessidade do tr\u00e2nsito.<\/p>\n<p>&nbsp;<\/p>\n<h2>Orienta\u00e7\u00f5es ao p\u00fablico<\/h2>\n<p>A organiza\u00e7\u00e3o orienta o p\u00fablico a chegar cedo para garantir um bom local para acompanhar a programa\u00e7\u00e3o. Devido ao forte calor caracter\u00edstico deste per\u00edodo, a recomenda\u00e7\u00e3o \u00e9 que os espectadores levem garrafinhas de \u00e1gua e mantenham a hidrata\u00e7\u00e3o durante o evento.<\/p>\n<p>Para garantir maior seguran\u00e7a \u00e0s crian\u00e7as, os respons\u00e1veis tamb\u00e9m s\u00e3o orientados a utilizar pulseiras de identifica\u00e7\u00e3o, facilitando a localiza\u00e7\u00e3o em caso de eventual desencontro.<\/p>\n<p>O esquema integrado entre a Pol\u00edcia Militar, os \u00f3rg\u00e3os de tr\u00e2nsito e demais institui\u00e7\u00f5es envolvidas tem como objetivo garantir que o desfile de 7 de Setembro ocorra com seguran\u00e7a, organiza\u00e7\u00e3o e tranquilidade para o p\u00fablico.<\/p>\n<p class=\"ads\">\n<div><\/div>\n<div class=\"article-more\">\n<div class=\"more-news\">Fonte: Portal MeioNews.<br \/>\nConfira esta e outras mat\u00e9rias na \u00edntegra pelo link: https:\/\/www.meionews.com\/piaui\/desfile-de-7-de-setembro-veja-as-ruas-que-serao-interditadas-em-teresina-574408<\/div>\n<\/div>\n<\/div>\n<\/div>\n","protected":false},"excerpt":{"rendered":"<p>A estrutura ter\u00e1 arquibancadas, banheiros qu\u00edmicos e \u00e1reas para o p\u00fablico delimitadas por gradis. Sete ambul\u00e2ncias tamb\u00e9m ficar\u00e3o posicionadas ao longo do trajeto &nbsp; Desfile de 7 de Setembro | Foto: Divulga\u00e7\u00e3o\/PMPI<\/p>\n","protected":false},"author":3,"featured_media":24838,"comment_status":"open","ping_status":"open","sticky":false,"template":"","format":"standard","meta":{"om_disable_all_campaigns":false,"_monsterinsights_skip_tracking":false,"_monsterinsights_sitenote_active":false,"_monsterinsights_sitenote_note":"","_monsterinsights_sitenote_category":0,"footnotes":""},"categories":[33],"tags":[],"class_list":["post-24837","post","type-post","status-publish","format-standard","has-post-thumbnail","hentry","category-piaui"],"jetpack_featured_media_url":"https:\/\/fatoelado.com\/wp-content\/uploads\/2026\/09\/desfile-de-7-de-setembro-d2af30c71cd6ad93.jpg","_links":{"self":[{"href":"https:\/\/fatoelado.com\/index.php?rest_route=\/wp\/v2\/posts\/24837","targetHints":{"allow":["GET"]}}],"collection":[{"href":"https:\/\/fatoelado.com\/index.php?rest_route=\/wp\/v2\/posts"}],"about":[{"href":"https:\/\/fatoelado.com\/index.php?rest_route=\/wp\/v2\/types\/post"}],"author":[{"embeddable":true,"href":"https:\/\/fatoelado.com\/index.php?rest_route=\/wp\/v2\/users\/3"}],"replies":[{"embeddable":true,"href":"https:\/\/fatoelado.com\/index.php?rest_route=%2Fwp%2Fv2%2Fcomments&post=24837"}],"version-history":[{"count":1,"href":"https:\/\/fatoelado.com\/index.php?rest_route=\/wp\/v2\/posts\/24837\/revisions"}],"predecessor-version":[{"id":24839,"href":"https:\/\/fatoelado.com\/index.php?rest_route=\/wp\/v2\/posts\/24837\/revisions\/24839"}],"wp:featuredmedia":[{"embeddable":true,"href":"https:\/\/fatoelado.com\/index.php?rest_route=\/wp\/v2\/media\/24838"}],"wp:attachment":[{"href":"https:\/\/fatoelado.com\/index.php?rest_route=%2Fwp%2Fv2%2Fmedia&parent=24837"}],"wp:term":[{"taxonomy":"category","embeddable":true,"href":"https:\/\/fatoelado.com\/index.php?rest_route=%2Fwp%2Fv2%2Fcategories&post=24837"},{"taxonomy":"post_tag","embeddable":true,"href":"https:\/\/fatoelado.com\/index.php?rest_route=%2Fwp%2Fv2%2Ftags&post=24837"}],"curies":[{"name":"wp","href":"https:\/\/api.w.org\/{rel}","templated":true}]}}