{"id":24830,"date":"2026-09-04T16:08:23","date_gmt":"2026-09-04T19:08:23","guid":{"rendered":"https:\/\/fatoelado.com\/?p=24830"},"modified":"2026-09-04T16:08:23","modified_gmt":"2026-09-04T19:08:23","slug":"setembro-amarelo-veja-onde-buscar-apoio-psicologico-no-piaui","status":"publish","type":"post","link":"https:\/\/fatoelado.com\/?p=24830","title":{"rendered":"Setembro Amarelo: veja onde buscar apoio psicol\u00f3gico no Piau\u00ed"},"content":{"rendered":"<p><img decoding=\"async\" class=\"aligncenter\" src=\"https:\/\/cidadeverde.com\/assets\/uploads\/colecoes\/2\/2026\/01\/WhatsApp_Image_2026-01-12_at_08_27_331.jpeg\" alt=\"sa\u00fade mental. jpeg\" \/><\/p>\n<p>Durante o Setembro Amarelo, per\u00edodo dedicado \u00e0 conscientiza\u00e7\u00e3o sobre a preven\u00e7\u00e3o do suic\u00eddio e \u00e0 promo\u00e7\u00e3o da sa\u00fade mental, a rede p\u00fablica de sa\u00fade refor\u00e7a a import\u00e2ncia da busca por apoio especializado e orienta a popula\u00e7\u00e3o sobre os servi\u00e7os dispon\u00edveis.<\/p>\n<p>Entre os servi\u00e7os de suporte emocional est\u00e1 o Minutos pela Vida, desenvolvido pela Secretaria de Estado da Sa\u00fade do Piau\u00ed (Sesapi) e destinado a adolescentes, adultos e idosos que estejam passando por situa\u00e7\u00f5es de sofrimento ps\u00edquico. O atendimento \u00e9 realizado por profissionais de psicologia, que oferecem escuta qualificada, orienta\u00e7\u00e3o e, quando necess\u00e1rio, encaminhamento para a rede de sa\u00fade.<\/p>\n<p>O atendimento pode ser realizado pelo n\u00famero 0800 280 2882. Tamb\u00e9m \u00e9 poss\u00edvel entrar em contato pelo WhatsApp, pelo n\u00famero (86) 9 9442-5010. O servi\u00e7o funciona de segunda a sexta-feira, exceto feriados, das 7h30 \u00e0s 19h30.<\/p>\n<p>A orienta\u00e7\u00e3o \u00e9 que pessoas em situa\u00e7\u00e3o de sofrimento emocional procurem ajuda e n\u00e3o enfrentem esses momentos sozinhas. O cuidado com a sa\u00fade mental deve ser cont\u00ednuo e pode envolver o acompanhamento de profissionais e a utiliza\u00e7\u00e3o dos servi\u00e7os dispon\u00edveis na rede de sa\u00fade.<\/p>\n<p>Durante o Setembro Amarelo, tamb\u00e9m s\u00e3o realizadas a\u00e7\u00f5es de conscientiza\u00e7\u00e3o, capacita\u00e7\u00f5es para profissionais e atividades de orienta\u00e7\u00e3o voltadas \u00e0 popula\u00e7\u00e3o. As iniciativas t\u00eam como objetivo ampliar o acesso \u00e0 informa\u00e7\u00e3o sobre sa\u00fade mental e orientar sobre os servi\u00e7os dispon\u00edveis.<\/p>\n<p>Nesta sexta-feira (4), foi realizada uma atividade com servidores do Centro Administrativo, em Teresina, com abordagem sobre bem-estar e sa\u00fade mental no ambiente de trabalho. A programa\u00e7\u00e3o tamb\u00e9m contou com a oferta de servi\u00e7os de sa\u00fade.<\/p>\n<p>As atividades do per\u00edodo incluem ainda treinamentos presenciais e on-line voltados ao atendimento em sa\u00fade mental, al\u00e9m de a\u00e7\u00f5es de orienta\u00e7\u00e3o em espa\u00e7os p\u00fablicos, com informa\u00e7\u00f5es sobre a import\u00e2ncia da busca por assist\u00eancia e sobre pr\u00e1ticas de autocuidado.<\/p>\n<p>O Minutos pela Vida integra a rede de servi\u00e7os de suporte psicol\u00f3gico dispon\u00edveis \u00e0 popula\u00e7\u00e3o. A iniciativa oferece atendimento especializado e orienta\u00e7\u00e3o diante de situa\u00e7\u00f5es de sofrimento emocional, contribuindo para ampliar o acesso ao cuidado em sa\u00fade mental.<\/p>\n<p>&nbsp;<\/p>\n<p>Fonte: Portal CidadeVerde.<br \/>\nConfira esta e outras mat\u00e9rias na \u00edntegra pelo link: https:\/\/cidadeverde.com\/ultimas\/462312\/setembro-amarelo-veja-onde-buscar-apoio-psicologico-no-piaui<\/p>\n","protected":false},"excerpt":{"rendered":"<p>Durante o Setembro Amarelo, per\u00edodo dedicado \u00e0 conscientiza\u00e7\u00e3o sobre a preven\u00e7\u00e3o do suic\u00eddio e \u00e0 promo\u00e7\u00e3o da sa\u00fade mental, a rede p\u00fablica de sa\u00fade refor\u00e7a a import\u00e2ncia da busca por apoio especializado e orienta a popula\u00e7\u00e3o sobre os servi\u00e7os dispon\u00edveis. Entre os servi\u00e7os de suporte emocional est\u00e1 o Minutos pela Vida, desenvolvido pela Secretaria de [&hellip;]<\/p>\n","protected":false},"author":3,"featured_media":24832,"comment_status":"open","ping_status":"open","sticky":false,"template":"","format":"standard","meta":{"om_disable_all_campaigns":false,"_monsterinsights_skip_tracking":false,"_monsterinsights_sitenote_active":false,"_monsterinsights_sitenote_note":"","_monsterinsights_sitenote_category":0,"footnotes":""},"categories":[42],"tags":[],"class_list":["post-24830","post","type-post","status-publish","format-standard","has-post-thumbnail","hentry","category-saude"],"jetpack_featured_media_url":"https:\/\/fatoelado.com\/wp-content\/uploads\/2026\/09\/WhatsApp_Image_2026-01-12_at_08_27_331-2.jpeg","_links":{"self":[{"href":"https:\/\/fatoelado.com\/index.php?rest_route=\/wp\/v2\/posts\/24830","targetHints":{"allow":["GET"]}}],"collection":[{"href":"https:\/\/fatoelado.com\/index.php?rest_route=\/wp\/v2\/posts"}],"about":[{"href":"https:\/\/fatoelado.com\/index.php?rest_route=\/wp\/v2\/types\/post"}],"author":[{"embeddable":true,"href":"https:\/\/fatoelado.com\/index.php?rest_route=\/wp\/v2\/users\/3"}],"replies":[{"embeddable":true,"href":"https:\/\/fatoelado.com\/index.php?rest_route=%2Fwp%2Fv2%2Fcomments&post=24830"}],"version-history":[{"count":1,"href":"https:\/\/fatoelado.com\/index.php?rest_route=\/wp\/v2\/posts\/24830\/revisions"}],"predecessor-version":[{"id":24833,"href":"https:\/\/fatoelado.com\/index.php?rest_route=\/wp\/v2\/posts\/24830\/revisions\/24833"}],"wp:featuredmedia":[{"embeddable":true,"href":"https:\/\/fatoelado.com\/index.php?rest_route=\/wp\/v2\/media\/24832"}],"wp:attachment":[{"href":"https:\/\/fatoelado.com\/index.php?rest_route=%2Fwp%2Fv2%2Fmedia&parent=24830"}],"wp:term":[{"taxonomy":"category","embeddable":true,"href":"https:\/\/fatoelado.com\/index.php?rest_route=%2Fwp%2Fv2%2Fcategories&post=24830"},{"taxonomy":"post_tag","embeddable":true,"href":"https:\/\/fatoelado.com\/index.php?rest_route=%2Fwp%2Fv2%2Ftags&post=24830"}],"curies":[{"name":"wp","href":"https:\/\/api.w.org\/{rel}","templated":true}]}}