{"id":24822,"date":"2026-09-04T16:06:23","date_gmt":"2026-09-04T19:06:23","guid":{"rendered":"https:\/\/fatoelado.com\/?p=24822"},"modified":"2026-09-04T16:06:23","modified_gmt":"2026-09-04T19:06:23","slug":"dia-da-independencia-veja-o-que-funciona-e-fecha-em-teresina-no-feriado","status":"publish","type":"post","link":"https:\/\/fatoelado.com\/?p=24822","title":{"rendered":"Dia da Independ\u00eancia: veja o que funciona e fecha em Teresina no feriado"},"content":{"rendered":"<p><img decoding=\"async\" class=\"aligncenter\" src=\"https:\/\/cidadeverde.com\/assets\/uploads\/colecoes\/14021\/2025\/05\/WhatsApp_Image_2025-05-08_at_10_32_29.jpeg\" alt=\"COM\u00c9RCIO\" \/><\/p>\n<p>Na segunda-feira (7), \u00e9 celebrado o<strong>\u00a0Dia da Independ\u00eancia do Brasil<\/strong>, feriado nacional que marca a separa\u00e7\u00e3o do pa\u00eds de Portugal, ocorrida em 1822. Por conta disso, o funcionamento de \u00f3rg\u00e3os p\u00fablicos, bancos, com\u00e9rcio e supermercados ser\u00e1 alterado.<\/p>\n<p>De acordo com o Sindicato dos Lojistas do Com\u00e9rcio do Piau\u00ed (Sindilojas), as lojas do Centro, dos bairros e dos shoppings de Teresina ter\u00e3o funcionamento regular.<\/p>\n<p>No Centro de Teresina, o com\u00e9rcio deve permanecer aberto at\u00e9 \u00e0s 18h, com jornada de seis horas e pagamento de 100% de horas extras, al\u00e9m de ajuda de custo de R$ 20. Nos bairros, o funcionamento do com\u00e9rcio ser\u00e1 at\u00e9 \u00e0s 18h, com jornadas de seis e oito horas e pagamento de 100% de horas extras, al\u00e9m de ajuda de custo de R$ 20.<\/p>\n<h2><strong>Shoppings<\/strong><\/h2>\n<p>Nos shoppings, o funcionamento ser\u00e1 normal, com pagamento de 100% de horas extras, al\u00e9m de ajuda de custo de R$ 20. Os shoppings da capital divulgaram os hor\u00e1rios de funcionamento. Confira:<\/p>\n<p><strong>Teresina Shopping<\/strong><\/p>\n<ul>\n<li>Lojas sat\u00e9lites: funcionar\u00e3o das 10h \u00e0s 22h.<\/li>\n<li>Espa\u00e7o Fam\u00edlia: funcionar\u00e1 das 12h \u00e0s 20h.<\/li>\n<li>Lojas de alimenta\u00e7\u00e3o: funcionar\u00e3o das 10h \u00e0s 22h.<\/li>\n<li>Cafeterias: poder\u00e3o funcionar das 10h \u00e0s 22h.<\/li>\n<li>Cinemas: abertura da bilheteria \u00e0s 13h30.<\/li>\n<li>Smart Fit: funcionar\u00e1 das 8h \u00e0s 17h.<\/li>\n<li>Tudo \u00e9 Festa: funcionar\u00e1 das 10h \u00e0s 22h.<\/li>\n<\/ul>\n<p>&nbsp;<\/p>\n<h3><strong>Rio Poty Shopping<\/strong><\/h3>\n<ul>\n<li>Lojas, quiosques e cafeterias: das 10h \u00e0s 22h.<\/li>\n<li>Pra\u00e7a de alimenta\u00e7\u00e3o e farm\u00e1cias: das 10h \u00e0s 22h.<\/li>\n<li>Carvalho Super: funcionar\u00e1 das 7h \u00e0s 22h.<\/li>\n<li>Bio An\u00e1lise: das 6h30 \u00e0s 18h30.<\/li>\n<li>Academia Bodytech: das 9h \u00e0s 14h.<\/li>\n<li>Lot\u00e9rica: estar\u00e1 aberta das 12h \u00e0s 18h.<\/li>\n<li>Espa\u00e7o Gourmet: das 11h30 \u00e0 meia-noite.<\/li>\n<li>Cinema: funcionar\u00e1 das 13h \u00e0s 22h30.<\/li>\n<li>Parques: das 12h \u00e0s 22h.<\/li>\n<li>Unidade da Pol\u00edcia Federal: fechada.<\/li>\n<\/ul>\n<p>&nbsp;<\/p>\n<h3><strong>Riverside Shopping<\/strong><\/h3>\n<ul>\n<li>Lojas e quiosques: das 14h \u00e0s 20h.<\/li>\n<li>Pra\u00e7a de alimenta\u00e7\u00e3o e parque infantil: das 10h \u00e0s 22h.<\/li>\n<li>Supermercado: das 8h \u00e0s 22h.<\/li>\n<li>Panificadora: das 7h \u00e0s 22h.<\/li>\n<li>Academia: das 8h \u00e0s 18h.<\/li>\n<li>Cl\u00ednicas m\u00e9dicas e odontol\u00f3gicas: fechadas.<\/li>\n<\/ul>\n<p>&nbsp;<\/p>\n<h2><strong>\u00d3rg\u00e3os p\u00fablicos<\/strong><\/h2>\n<p><em>Foto: Francisco Jos\u00e9\/TV Cidade Verde<\/em><\/p>\n<p><img decoding=\"async\" class=\"aligncenter\" src=\"https:\/\/cidadeverde.com\/assets\/uploads\/colecoes\/2\/2026\/04\/whatsapp_image_2026-04-21_at_17_05_57.jpeg\" alt=\"visita-karnak-torres-sagradas\" \/><\/p>\n<p>Por se tratar de um feriado nacional, os \u00f3rg\u00e3os estaduais, municipais e federais ficar\u00e3o fechados na segunda-feira. Permanecer\u00e3o em funcionamento apenas os servi\u00e7os considerados essenciais, como por exemplo, os atendimentos de urg\u00eancia e emerg\u00eancia na \u00e1rea da sa\u00fade e os servi\u00e7os de seguran\u00e7a p\u00fablica.<\/p>\n<p>&nbsp;<\/p>\n<h2><strong>Supermercados<\/strong><\/h2>\n<h3><strong>Assa\u00ed<\/strong><\/h3>\n<ul>\n<li>Todas as unidades do Assa\u00ed no estado do Piau\u00ed ter\u00e3o funcionamento normal, das 7h \u00e0s 22h.<\/li>\n<\/ul>\n<h3><strong>P\u00e3o de A\u00e7\u00facar<\/strong><\/h3>\n<ul>\n<li>As unidades funcionar\u00e3o nos seguintes hor\u00e1rios: Frei Serafim, das 7h \u00e0s 20h; S\u00e3o Crist\u00f3v\u00e3o e Jockey, das 7h \u00e0s 21h; e Dom Severino, das 7h \u00e0s 22h.<\/li>\n<\/ul>\n<h3><strong>Carvalho Super e Mercad\u00e3o<\/strong><\/h3>\n<ul>\n<li>Todas as unidades funcionar\u00e3o normalmente.<\/li>\n<\/ul>\n<h3><strong>R Carvalho<\/strong><\/h3>\n<ul>\n<li>A maioria das unidades funcionar\u00e3o normalmente em hor\u00e1rio diferenciado. As \u00fanicas fechadas ser\u00e3o Rzinho Rio Branco, Felix Pacheco, Campo Sales, Dom de Casa e Rzinho CD. Confira os hor\u00e1rios:<\/li>\n<\/ul>\n<p><img decoding=\"async\" src=\"https:\/\/cidadeverde.com\/assets\/uploads\/colecoes\/2\/2026\/09\/1_opa.jpg\" alt=\"1_opa.jpg\" \/><\/p>\n<p><img decoding=\"async\" class=\"aligncenter\" src=\"https:\/\/cidadeverde.com\/assets\/uploads\/colecoes\/2\/2026\/09\/2_opa.jpg\" alt=\"2_opa.jpg\" \/><\/p>\n<h2><strong>Bancos<\/strong><\/h2>\n<p>As ag\u00eancias banc\u00e1rias\u00a0<strong>n\u00e3o estar\u00e3o abertas para atendimento presencial ao p\u00fablico nesta segunda-feira<\/strong>. As compensa\u00e7\u00f5es banc\u00e1rias n\u00e3o ser\u00e3o efetivadas nessa data, incluindo a TED. J\u00e1 o Pix, que funciona 24 horas por dia, inclusive em feriados, poder\u00e1 ser realizado normalmente.<\/p>\n<p>Na ter\u00e7a-feira (8), o atendimento ao p\u00fablico seguir\u00e1 normalmente nas localidades onde n\u00e3o houver feriado estadual ou municipal ou ponto facultativo.<\/p>\n<p>Boletos de cobran\u00e7a e contas de consumo, como \u00e1gua, energia e telefone, com vencimento no feriado (7) poder\u00e3o ser pagos, sem acr\u00e9scimo, no pr\u00f3ximo dia \u00fatil.<\/p>\n<h2><strong>INSS<\/strong><\/h2>\n<p>As Ag\u00eancias da Previd\u00eancia Social (APS) em todo o pa\u00eds permanecer\u00e3o fechadas. As unidades do INSS retomar\u00e3o o funcionamento normal na ter\u00e7a-feira (8).<\/p>\n<p>O atendimento humano da Central 135 tamb\u00e9m ser\u00e1 suspenso durante o feriado e retomado na ter\u00e7a-feira. O atendimento eletr\u00f4nico seguir\u00e1 funcionando normalmente.<\/p>\n<p>Os cidad\u00e3os poder\u00e3o acessar os servi\u00e7os do INSS a qualquer hora pelo site e aplicativo Meu INSS ou pelos servi\u00e7os eletr\u00f4nicos da Central 135, que funcionam 24 horas por dia.<\/p>\n<p>&nbsp;<\/p>\n<p>&nbsp;<\/p>\n<p>Fonte: Portal CidadeVerde.<br \/>\nConfira esta e outras mat\u00e9rias na \u00edntegra pelo link: https:\/\/cidadeverde.com\/ultimas\/462296\/dia-da-independencia-veja-o-que-funciona-e-fecha-em-teresina-no-feriado<\/p>\n","protected":false},"excerpt":{"rendered":"<p>Na segunda-feira (7), \u00e9 celebrado o\u00a0Dia da Independ\u00eancia do Brasil, feriado nacional que marca a separa\u00e7\u00e3o do pa\u00eds de Portugal, ocorrida em 1822. Por conta disso, o funcionamento de \u00f3rg\u00e3os p\u00fablicos, bancos, com\u00e9rcio e supermercados ser\u00e1 alterado. De acordo com o Sindicato dos Lojistas do Com\u00e9rcio do Piau\u00ed (Sindilojas), as lojas do Centro, dos bairros [&hellip;]<\/p>\n","protected":false},"author":3,"featured_media":24824,"comment_status":"open","ping_status":"open","sticky":false,"template":"","format":"standard","meta":{"om_disable_all_campaigns":false,"_monsterinsights_skip_tracking":false,"_monsterinsights_sitenote_active":false,"_monsterinsights_sitenote_note":"","_monsterinsights_sitenote_category":0,"footnotes":""},"categories":[33],"tags":[],"class_list":["post-24822","post","type-post","status-publish","format-standard","has-post-thumbnail","hentry","category-piaui"],"jetpack_featured_media_url":"https:\/\/fatoelado.com\/wp-content\/uploads\/2026\/09\/WhatsApp_Image_2025-05-08_at_10_32_29-2.jpeg","_links":{"self":[{"href":"https:\/\/fatoelado.com\/index.php?rest_route=\/wp\/v2\/posts\/24822","targetHints":{"allow":["GET"]}}],"collection":[{"href":"https:\/\/fatoelado.com\/index.php?rest_route=\/wp\/v2\/posts"}],"about":[{"href":"https:\/\/fatoelado.com\/index.php?rest_route=\/wp\/v2\/types\/post"}],"author":[{"embeddable":true,"href":"https:\/\/fatoelado.com\/index.php?rest_route=\/wp\/v2\/users\/3"}],"replies":[{"embeddable":true,"href":"https:\/\/fatoelado.com\/index.php?rest_route=%2Fwp%2Fv2%2Fcomments&post=24822"}],"version-history":[{"count":1,"href":"https:\/\/fatoelado.com\/index.php?rest_route=\/wp\/v2\/posts\/24822\/revisions"}],"predecessor-version":[{"id":24825,"href":"https:\/\/fatoelado.com\/index.php?rest_route=\/wp\/v2\/posts\/24822\/revisions\/24825"}],"wp:featuredmedia":[{"embeddable":true,"href":"https:\/\/fatoelado.com\/index.php?rest_route=\/wp\/v2\/media\/24824"}],"wp:attachment":[{"href":"https:\/\/fatoelado.com\/index.php?rest_route=%2Fwp%2Fv2%2Fmedia&parent=24822"}],"wp:term":[{"taxonomy":"category","embeddable":true,"href":"https:\/\/fatoelado.com\/index.php?rest_route=%2Fwp%2Fv2%2Fcategories&post=24822"},{"taxonomy":"post_tag","embeddable":true,"href":"https:\/\/fatoelado.com\/index.php?rest_route=%2Fwp%2Fv2%2Ftags&post=24822"}],"curies":[{"name":"wp","href":"https:\/\/api.w.org\/{rel}","templated":true}]}}