{"id":24819,"date":"2026-09-04T09:33:17","date_gmt":"2026-09-04T12:33:17","guid":{"rendered":"https:\/\/fatoelado.com\/?p=24819"},"modified":"2026-09-04T09:33:17","modified_gmt":"2026-09-04T12:33:17","slug":"ancelotti-prepara-renovacao-da-selecao-brasileira-de-olho-na-copa-de-2030","status":"publish","type":"post","link":"https:\/\/fatoelado.com\/?p=24819","title":{"rendered":"Ancelotti prepara renova\u00e7\u00e3o da Sele\u00e7\u00e3o Brasileira de olho na Copa de 2030"},"content":{"rendered":"<h2 class=\"article-subtitle\" style=\"text-align: center;\">T\u00e9cnico italiano afirma que comiss\u00e3o t\u00e9cnica est\u00e1 avaliando jovens brasileiros e pretende formar uma equipe competitiva para o pr\u00f3ximo Mundial<\/h2>\n<p>&nbsp;<\/p>\n<p>&nbsp;<\/p>\n<div class=\"article-image-featured\" style=\"text-align: center;\"><img decoding=\"async\" class=\"i-amphtml-fill-content i-amphtml-replaced-content aligncenter\" src=\"https:\/\/www.meionews.com\/uploads\/imagens\/2026\/9\/4\/carlo-ancelotti--68ccdb459b4018e9.jpg\" alt=\"Carlo Ancelotti  | Divulga\u00e7\u00e3o\/Real Madrid \" data-amp-loading=\"lazy\" \/><small>Carlo Ancelotti | Foto: Divulga\u00e7\u00e3o\/Real Madrid<\/small><\/div>\n<div class=\"g-news\"><a class=\"g-news-preferencial\" href=\"https:\/\/google.com\/preferences\/source?q=https:\/\/www.meionews.com\/\" target=\"_blank\" rel=\"noopener\"><img decoding=\"async\" class=\"i-amphtml-intrinsic-sizer\" role=\"presentation\" src=\"data:;base64,<svg height=\"35px\" width=\"160px\" xmlns=\"http:\/\/www.w3.org\/2000\/svg\" version=\"1.1\"\/>&#8221; alt=&#8221;&#8221; aria-hidden=&#8221;true&#8221; \/><\/a><\/div>\n<div class=\"article-html\">\n<div class=\"article-html-more\">\n<p>Carlo Ancelotti tem novos planos para o futuro da sele\u00e7\u00e3o brasileira e pretende investir em uma equipe mais jovem pronta para enfrentar a Copa do Mundo em 2030.<\/p>\n<p>A \u201cReal Madrid TV\u201d, o t\u00e9cnico italiano afirmou que a comiss\u00e3o est\u00e1 em busca de uma nova gera\u00e7\u00e3o com ambi\u00e7\u00e3o e qualidade.<\/p>\n<blockquote><p>Estamos avaliando sobretudo os jovens brasileiros que est\u00e3o no mundo todo e vamos come\u00e7ar a programar uma nova gera\u00e7\u00e3o, que possa chegar a 2030 com ambi\u00e7\u00e3o e qualidade. E tentar competir com todos os times do mundo, afirmou o t\u00e9cnico durante visita ao clube espanhol nesta quinta-feira.<\/p><\/blockquote>\n<h2>PR\u00d3XIMOS JOGOS DA AMARELINHA<\/h2>\n<p>O Brasil j\u00e1 tem data para entrar em campo ainda neste m\u00eas de setembro enfrentando a Austr\u00e1lia e a \u00cdndia. As novidades podem aparecer j\u00e1 nesta primeira Data Fifa, segundo Ancelotti.<\/p>\n<blockquote><p>A gera\u00e7\u00e3o dos 20 anos \u00e9 muito boa agora, e nos pr\u00f3ximos jogos amistosos vamos aproveitar melhor para conhecer estes jovens, projetou o comandante da Sele\u00e7\u00e3o.<\/p><\/blockquote>\n<\/div>\n<\/div>\n<p>&nbsp;<\/p>\n<p>&nbsp;<\/p>\n<div class=\"article-html\">\n<div class=\"article-html-more\">\n<div class=\"article-more\">\n<div class=\"more-news\">Fonte: Portal MeioNews.<br \/>\nConfira esta e outras mat\u00e9rias na \u00edntegra pelo link: https:\/\/www.meionews.com\/esportes\/ole\/ancelotti-prepara-renovacao-da-selecao-brasileira-de-olho-na-copa-de-2030-574338<\/div>\n<\/div>\n<\/div>\n<\/div>\n","protected":false},"excerpt":{"rendered":"<p>T\u00e9cnico italiano afirma que comiss\u00e3o t\u00e9cnica est\u00e1 avaliando jovens brasileiros e pretende formar uma equipe competitiva para o pr\u00f3ximo Mundial &nbsp; &nbsp; Carlo Ancelotti | Foto: Divulga\u00e7\u00e3o\/Real Madrid<\/p>\n","protected":false},"author":3,"featured_media":24820,"comment_status":"open","ping_status":"open","sticky":false,"template":"","format":"standard","meta":{"om_disable_all_campaigns":false,"_monsterinsights_skip_tracking":false,"_monsterinsights_sitenote_active":false,"_monsterinsights_sitenote_note":"","_monsterinsights_sitenote_category":0,"footnotes":""},"categories":[48],"tags":[],"class_list":["post-24819","post","type-post","status-publish","format-standard","has-post-thumbnail","hentry","category-esportes"],"jetpack_featured_media_url":"https:\/\/fatoelado.com\/wp-content\/uploads\/2026\/09\/carlo-ancelotti-68ccdb459b4018e9.jpg","_links":{"self":[{"href":"https:\/\/fatoelado.com\/index.php?rest_route=\/wp\/v2\/posts\/24819","targetHints":{"allow":["GET"]}}],"collection":[{"href":"https:\/\/fatoelado.com\/index.php?rest_route=\/wp\/v2\/posts"}],"about":[{"href":"https:\/\/fatoelado.com\/index.php?rest_route=\/wp\/v2\/types\/post"}],"author":[{"embeddable":true,"href":"https:\/\/fatoelado.com\/index.php?rest_route=\/wp\/v2\/users\/3"}],"replies":[{"embeddable":true,"href":"https:\/\/fatoelado.com\/index.php?rest_route=%2Fwp%2Fv2%2Fcomments&post=24819"}],"version-history":[{"count":1,"href":"https:\/\/fatoelado.com\/index.php?rest_route=\/wp\/v2\/posts\/24819\/revisions"}],"predecessor-version":[{"id":24821,"href":"https:\/\/fatoelado.com\/index.php?rest_route=\/wp\/v2\/posts\/24819\/revisions\/24821"}],"wp:featuredmedia":[{"embeddable":true,"href":"https:\/\/fatoelado.com\/index.php?rest_route=\/wp\/v2\/media\/24820"}],"wp:attachment":[{"href":"https:\/\/fatoelado.com\/index.php?rest_route=%2Fwp%2Fv2%2Fmedia&parent=24819"}],"wp:term":[{"taxonomy":"category","embeddable":true,"href":"https:\/\/fatoelado.com\/index.php?rest_route=%2Fwp%2Fv2%2Fcategories&post=24819"},{"taxonomy":"post_tag","embeddable":true,"href":"https:\/\/fatoelado.com\/index.php?rest_route=%2Fwp%2Fv2%2Ftags&post=24819"}],"curies":[{"name":"wp","href":"https:\/\/api.w.org\/{rel}","templated":true}]}}