{"id":24813,"date":"2026-09-04T09:31:12","date_gmt":"2026-09-04T12:31:12","guid":{"rendered":"https:\/\/fatoelado.com\/?p=24813"},"modified":"2026-09-04T09:31:12","modified_gmt":"2026-09-04T12:31:12","slug":"projeto-de-lei-preve-exame-psicologico-obrigatorio-para-renovar-cnh","status":"publish","type":"post","link":"https:\/\/fatoelado.com\/?p=24813","title":{"rendered":"Projeto de lei prev\u00ea exame psicol\u00f3gico obrigat\u00f3rio para renovar CNH"},"content":{"rendered":"<h2 class=\"article-subtitle\" style=\"text-align: center;\">Medida integrada ao PL 8085\/2014 estabelece a cria\u00e7\u00e3o de um prontu\u00e1rio nacional unificado e amplia o rigor t\u00e9cnico<\/h2>\n<p>&nbsp;<\/p>\n<div class=\"article-image-featured\" style=\"text-align: center;\"><img decoding=\"async\" class=\"i-amphtml-fill-content i-amphtml-replaced-content aligncenter\" src=\"https:\/\/www.meionews.com\/uploads\/imagens\/2026\/9\/4\/aplicativo-cnh-do-brasil--f4512162a2630d5f.jpg\" alt=\"Aplicativo CNH do Brasil | Serpro\" data-amp-loading=\"lazy\" \/><small>Aplicativo CNH do Brasil | Foto: Serpro<\/small><\/div>\n<div class=\"g-news\"><a class=\"g-news-preferencial\" href=\"https:\/\/google.com\/preferences\/source?q=https:\/\/www.meionews.com\/\" target=\"_blank\" rel=\"noopener\"><img decoding=\"async\" class=\"i-amphtml-intrinsic-sizer\" role=\"presentation\" src=\"data:;base64,<svg height=\"35px\" width=\"160px\" xmlns=\"http:\/\/www.w3.org\/2000\/svg\" version=\"1.1\"\/>&#8221; alt=&#8221;&#8221; aria-hidden=&#8221;true&#8221; \/><\/a><\/div>\n<div class=\"article-html\">\n<div class=\"article-html-more\">\n<p>A renova\u00e7\u00e3o da\u00a0<strong>Carteira Nacional de Habilita\u00e7\u00e3o (CNH)<\/strong>\u00a0poder\u00e1 passar por mudan\u00e7as caso seja aprovado um projeto em an\u00e1lise na C\u00e2mara dos Deputados. Entre as propostas est\u00e1 a obrigatoriedade de\u00a0<strong>avalia\u00e7\u00e3o psicol\u00f3gica em todas as renova\u00e7\u00f5es<\/strong>, independentemente da categoria da habilita\u00e7\u00e3o ou do exerc\u00edcio de atividade remunerada.<\/p>\n<p>A medida est\u00e1 inclu\u00edda no\u00a0<strong>Projeto de Lei 8085\/2014<\/strong>, que re\u00fane 270 propostas de altera\u00e7\u00e3o no C\u00f3digo de Tr\u00e2nsito Brasileiro (CTB). O quarto relat\u00f3rio substitutivo foi apresentado e aguarda an\u00e1lise dos deputados na Comiss\u00e3o Especial da C\u00e2mara.<\/p>\n<h2>Proposta aguarda vota\u00e7\u00e3o na C\u00e2mara<\/h2>\n<p>O relat\u00f3rio tem recomenda\u00e7\u00e3o de aprova\u00e7\u00e3o do relator, deputado \u00c1ureo Ribeiro (Solidariedade-RJ). A reuni\u00e3o da Comiss\u00e3o Especial, que estava prevista para ocorrer anteriormente, foi adiada algumas vezes desde junho e pode ser realizada em setembro.<\/p>\n<p>A obrigatoriedade do exame psicol\u00f3gico nas renova\u00e7\u00f5es exigiria mudan\u00e7as nos artigos 147, 159 e 268 do CTB. Atualmente, a legisla\u00e7\u00e3o prev\u00ea a avalia\u00e7\u00e3o psicol\u00f3gica na obten\u00e7\u00e3o da primeira habilita\u00e7\u00e3o. Na renova\u00e7\u00e3o, o exame \u00e9 exigido para motoristas que possuem a observa\u00e7\u00e3o \u201cEAR\u201d (Exerce Atividade Remunerada) na CNH.<\/p>\n<p>Caso a proposta seja aprovada, a exig\u00eancia passaria a valer para todos os condutores.<\/p>\n<h2>Projeto cita sa\u00fade mental e seguran\u00e7a no tr\u00e2nsito<\/h2>\n<p>A proposta argumenta que\u00a0<strong>transtornos psicol\u00f3gicos e patologias mentais podem surgir ou se agravar ao longo dos anos<\/strong>\u00a0e n\u00e3o necessariamente seriam identificados pelo modelo atual. A realiza\u00e7\u00e3o peri\u00f3dica da avalia\u00e7\u00e3o psicol\u00f3gica teria como objetivo identificar condi\u00e7\u00f5es que possam comprometer a capacidade do motorista de conduzir ve\u00edculos com seguran\u00e7a.<\/p>\n<p>Para dar suporte \u00e0 nova exig\u00eancia, o projeto prev\u00ea a cria\u00e7\u00e3o do\u00a0<strong>Prontu\u00e1rio Nacional de Per\u00edcias M\u00e9dicas e Psicol\u00f3gicas<\/strong>, um sistema permanente, unificado e obrigat\u00f3rio, cuja regulamenta\u00e7\u00e3o ficaria a cargo do\u00a0<strong>Conselho Nacional de Tr\u00e2nsito (Contran)<\/strong>.<\/p>\n<h2>M\u00e9dicos e psic\u00f3logos poder\u00e3o reduzir validade dos exames<\/h2>\n<p>Outro ponto previsto no texto \u00e9 a possibilidade de\u00a0<strong>m\u00e9dicos e psic\u00f3logos reduzirem o per\u00edodo de validade dos exames<\/strong>\u00a0quando identificarem ind\u00edcios de doen\u00e7as progressivas ou defici\u00eancias mentais evolutivas com potencial de agravamento.<\/p>\n<p>As informa\u00e7\u00f5es dever\u00e3o ser registradas no prontu\u00e1rio nacional. Com isso, a validade da CNH ficaria vinculada \u00e0 vig\u00eancia dos respectivos laudos de sa\u00fade.<\/p>\n<h2>Jovens de 16 anos ter\u00e3o nova avalia\u00e7\u00e3o aos 18<\/h2>\n<p>A proposta tamb\u00e9m estabelece regras espec\u00edficas para condutores que ingressarem no sistema de tr\u00e2nsito por meio da\u00a0<strong>Permiss\u00e3o para Dirigir (PPD) aos 16 anos<\/strong>. Nesse caso, o motorista dever\u00e1 realizar uma nova avalia\u00e7\u00e3o psicol\u00f3gica ao completar\u00a0<strong>18 anos<\/strong>\u00a0para obter a CNH definitiva.<\/p>\n<p>A exig\u00eancia tamb\u00e9m alcan\u00e7aria motoristas cadastrados no\u00a0<strong>Registro Nacional de Condutores Positivos (RNPC)<\/strong>. Mesmo aqueles considerados aptos \u00e0 renova\u00e7\u00e3o simplificada n\u00e3o ficariam dispensados da avalia\u00e7\u00e3o psicol\u00f3gica.<\/p>\n<h2>Projeto prev\u00ea defini\u00e7\u00e3o de pre\u00e7os e limites de taxas<\/h2>\n<p>O texto prev\u00ea que o\u00a0<strong>Contran estabele\u00e7a pre\u00e7os p\u00fablicos para as per\u00edcias<\/strong>. Antes da defini\u00e7\u00e3o dos valores, dever\u00e1 haver consulta t\u00e9cnica aos conselhos profissionais de medicina e psicologia, considerando a viabilidade econ\u00f4mica em cada estado.<\/p>\n<p>Para reduzir o impacto financeiro para os motoristas, a proposta tamb\u00e9m estabelece\u00a0<strong>tetos nacionais para taxas administrativas<\/strong>. Outra medida prevista \u00e9 a\u00a0<strong>emiss\u00e3o gratuita da CNH definitiva<\/strong>\u00a0para quem cumprir o per\u00edodo probat\u00f3rio sem cometer infra\u00e7\u00f5es graves.<\/p>\n<p>&nbsp;<\/p>\n<div class=\"recommended-overflow-fallback\"><\/div>\n<div class=\"article-more\">\n<div class=\"more-news\">Fonte: Portal MeioNews.<br \/>\nConfira esta e outras mat\u00e9rias na \u00edntegra pelo link: https:\/\/www.meionews.com\/politica\/projeto-de-lei-preve-exame-psicologico-obrigatorio-para-renovar-cnh-574340<\/div>\n<\/div>\n<\/div>\n<\/div>\n","protected":false},"excerpt":{"rendered":"<p>Medida integrada ao PL 8085\/2014 estabelece a cria\u00e7\u00e3o de um prontu\u00e1rio nacional unificado e amplia o rigor t\u00e9cnico &nbsp; Aplicativo CNH do Brasil | Foto: Serpro<\/p>\n","protected":false},"author":3,"featured_media":24814,"comment_status":"open","ping_status":"open","sticky":false,"template":"","format":"standard","meta":{"om_disable_all_campaigns":false,"_monsterinsights_skip_tracking":false,"_monsterinsights_sitenote_active":false,"_monsterinsights_sitenote_note":"","_monsterinsights_sitenote_category":0,"footnotes":""},"categories":[47],"tags":[],"class_list":["post-24813","post","type-post","status-publish","format-standard","has-post-thumbnail","hentry","category-nacionais"],"jetpack_featured_media_url":"https:\/\/fatoelado.com\/wp-content\/uploads\/2026\/09\/aplicativo-cnh-do-brasil-f4512162a2630d5f.jpg","_links":{"self":[{"href":"https:\/\/fatoelado.com\/index.php?rest_route=\/wp\/v2\/posts\/24813","targetHints":{"allow":["GET"]}}],"collection":[{"href":"https:\/\/fatoelado.com\/index.php?rest_route=\/wp\/v2\/posts"}],"about":[{"href":"https:\/\/fatoelado.com\/index.php?rest_route=\/wp\/v2\/types\/post"}],"author":[{"embeddable":true,"href":"https:\/\/fatoelado.com\/index.php?rest_route=\/wp\/v2\/users\/3"}],"replies":[{"embeddable":true,"href":"https:\/\/fatoelado.com\/index.php?rest_route=%2Fwp%2Fv2%2Fcomments&post=24813"}],"version-history":[{"count":1,"href":"https:\/\/fatoelado.com\/index.php?rest_route=\/wp\/v2\/posts\/24813\/revisions"}],"predecessor-version":[{"id":24815,"href":"https:\/\/fatoelado.com\/index.php?rest_route=\/wp\/v2\/posts\/24813\/revisions\/24815"}],"wp:featuredmedia":[{"embeddable":true,"href":"https:\/\/fatoelado.com\/index.php?rest_route=\/wp\/v2\/media\/24814"}],"wp:attachment":[{"href":"https:\/\/fatoelado.com\/index.php?rest_route=%2Fwp%2Fv2%2Fmedia&parent=24813"}],"wp:term":[{"taxonomy":"category","embeddable":true,"href":"https:\/\/fatoelado.com\/index.php?rest_route=%2Fwp%2Fv2%2Fcategories&post=24813"},{"taxonomy":"post_tag","embeddable":true,"href":"https:\/\/fatoelado.com\/index.php?rest_route=%2Fwp%2Fv2%2Ftags&post=24813"}],"curies":[{"name":"wp","href":"https:\/\/api.w.org\/{rel}","templated":true}]}}