{"id":24799,"date":"2026-09-03T16:18:08","date_gmt":"2026-09-03T19:18:08","guid":{"rendered":"https:\/\/fatoelado.com\/?p=24799"},"modified":"2026-09-03T16:18:08","modified_gmt":"2026-09-03T19:18:08","slug":"nestle-anuncia-nova-fabrica-de-formulas-infantis-e-promete-investimento-de-r-2-bilhoes-no-brasil","status":"publish","type":"post","link":"https:\/\/fatoelado.com\/?p=24799","title":{"rendered":"Nestl\u00e9 anuncia nova f\u00e1brica de f\u00f3rmulas infantis e promete investimento de R$ 2 bilh\u00f5es no Brasil"},"content":{"rendered":"<h2 class=\"article-subtitle\" style=\"text-align: center;\">Nova unidade ser\u00e1 constru\u00edda em Ituiutaba (MG), com aporte de R$ 600 milh\u00f5es, e deve ampliar produ\u00e7\u00e3o para o mercado brasileiro<\/h2>\n<p>&nbsp;<\/p>\n<div class=\"article-image-featured\" style=\"text-align: center;\"><img decoding=\"async\" class=\"i-amphtml-fill-content i-amphtml-replaced-content aligncenter\" src=\"https:\/\/www.meionews.com\/uploads\/imagens\/2026\/9\/3\/nestle-anuncia-nova-fabrica-de-formulas-infantis-e-promete-investimento-de-r-2-bilhoes-no-brasil--dae859b228289b25.jpg\" alt=\"Nestl\u00e9 anuncia nova f\u00e1brica de f\u00f3rmulas infantis e promete investimento de R$ 2 bilh\u00f5es no Brasil | Reprodu\u00e7\u00e3o\" data-amp-loading=\"lazy\" \/><small>Nestl\u00e9 anuncia nova f\u00e1brica de f\u00f3rmulas infantis e promete investimento de R$ 2 bilh\u00f5es no Brasil | Foto: Reprodu\u00e7\u00e3o<\/small><\/div>\n<div class=\"g-news\"><\/div>\n<div class=\"article-html\">\n<div class=\"article-html-more\">\n<p>&nbsp;<\/p>\n<p>A\u00a0<strong data-end=\"318\" data-start=\"235\">Nestl\u00e9 anunciou nesta quinta-feira (3) um investimento de R$ 2 bilh\u00f5es at\u00e9 2028<\/strong>\u00a0na \u00e1rea de nutri\u00e7\u00e3o e sa\u00fade no Brasil. O plano inclui a constru\u00e7\u00e3o de uma\u00a0<strong data-end=\"448\" data-start=\"393\">nova f\u00e1brica de f\u00f3rmulas infantis em Ituiutaba (MG)<\/strong>, com investimento de\u00a0<strong data-end=\"488\" data-start=\"470\">R$ 600 milh\u00f5es<\/strong>. A unidade ser\u00e1 instalada ao lado do complexo da companhia que concentra sua maior opera\u00e7\u00e3o de l\u00e1cteos na Am\u00e9rica Latina.<\/p>\n<h2 data-end=\"627\" data-section-id=\"gswixb\" data-start=\"612\">Nova f\u00e1brica<\/h2>\n<p>A instala\u00e7\u00e3o ser\u00e1 constru\u00edda no complexo onde a Nestl\u00e9 j\u00e1 produz as marcas de leite em p\u00f3\u00a0<strong data-end=\"737\" data-start=\"719\">Ninho e Molico<\/strong>. A nova unidade ter\u00e1 como principal objetivo atender ao mercado brasileiro, que atualmente depende parcialmente de produtos importados.<\/p>\n<p>Segundo a empresa, a amplia\u00e7\u00e3o da produ\u00e7\u00e3o nacional tamb\u00e9m poder\u00e1\u00a0<strong data-end=\"991\" data-start=\"941\">a<\/strong><strong data-end=\"991\" data-start=\"941\">brir oportunidades para exporta\u00e7\u00f5es no futuro<\/strong>.<\/p>\n<p>O presidente-executivo da Nestl\u00e9 no Brasil, Marcelo Melchior, afirmou que a \u00e1rea de nutri\u00e7\u00e3o e sa\u00fade est\u00e1 entre as prioridades estrat\u00e9gicas da companhia.<\/p>\n<blockquote data-start=\"1149\"><p>&#8220;A \u00e1rea de Nutri\u00e7\u00e3o e Sa\u00fade est\u00e1 entre as quatro prioridades estrat\u00e9gicas de crescimento da Nestl\u00e9 globalmente e tamb\u00e9m no Brasil&#8221;, afirmou.<\/p><\/blockquote>\n<p>O executivo tamb\u00e9m destacou que a divis\u00e3o re\u00fane\u00a0<strong data-end=\"1379\" data-start=\"1341\">categorias de maior valor agregado<\/strong>\u00a0dentro da empresa.<\/p>\n<h2 data-end=\"1415\" data-section-id=\"jg14ua\" data-start=\"1400\">Investimento<\/h2>\n<p>O aporte de\u00a0<strong data-end=\"1517\" data-start=\"1429\">R$ 2 bilh\u00f5es na divis\u00e3o de nutri\u00e7\u00e3o e sa\u00fade representa cerca de 30% dos R$ 7 bilh\u00f5e<\/strong><strong data-end=\"1517\" data-start=\"1429\">s<\/strong>\u00a0que a Nestl\u00e9 projeta investir no Brasil entre 2025 e 2028.<\/p>\n<p>O investimento ser\u00e1 destinado \u00e0 expans\u00e3o das opera\u00e7\u00f5es da \u00e1rea, incluindo a nova f\u00e1brica de f\u00f3rmulas infantis em Minas Gerais.<\/p>\n<h2 data-end=\"1726\" data-section-id=\"1tllfdq\" data-start=\"1706\">Venda de divis\u00f5es<\/h2>\n<p>O an\u00fancio ocorre\u00a0<strong data-end=\"1865\" data-start=\"1745\">dois dias ap\u00f3s a Nestl\u00e9 divulgar a venda de sua divis\u00e3o de produtos relacionados a vitaminas, minerais e suplementos<\/strong>. O neg\u00f3cio foi fechado com o fundo de private equity Yellow Wood Partners por\u00a0<strong data-end=\"1960\" data-start=\"1944\">US$ 1 bilh\u00e3o<\/strong>, equivalente a cerca de\u00a0<strong data-end=\"2004\" data-start=\"1985\">R$ 5,19 bilh\u00f5es<\/strong>.<\/p>\n<p>Apesar da negocia\u00e7\u00e3o, a companhia informou que a opera\u00e7\u00e3o\u00a0<strong data-end=\"2118\" data-start=\"2065\">n\u00e3o afetar\u00e1 os produtos comercializados no Brasil<\/strong>.\u00a0A divis\u00e3o vendida faz parte do segmento mais amplo de nutri\u00e7\u00e3o e sa\u00fade, que continuar\u00e1 recebendo os investimentos anunciados nesta quinta-feira.<\/p>\n<h2 data-end=\"2282\" data-section-id=\"12tgi1s\" data-start=\"2266\">Outras vendas<\/h2>\n<p>A Nestl\u00e9 tamb\u00e9m realizou outras opera\u00e7\u00f5es de desinvestimento ao longo deste ano. A companhia anunciou a venda de\u00a0<strong data-end=\"2446\" data-start=\"2397\">50% de seu neg\u00f3cio de \u00e1guas e bebidas premium<\/strong>, que re\u00fane marcas como\u00a0<strong data-end=\"2529\" data-start=\"2470\">Perrier, San Pellegrino, Acqua Panna e Nestl\u00e9 Pure Life<\/strong>.<\/p>\n<p>Al\u00e9m disso, a multinacional su\u00ed\u00e7a se desfez da\u00a0<strong data-end=\"2602\" data-start=\"2579\">divis\u00e3o de sorvetes<\/strong>. Mesmo com essas vendas, a empresa mant\u00e9m o plano de ampliar os investimentos na \u00e1rea de nutri\u00e7\u00e3o e sa\u00fade no mercado brasileiro.<\/p>\n<p class=\"ads\">\n<div><\/div>\n<div class=\"article-more\">\n<div class=\"more-news\">Fonte: Portal MeioNews.<br \/>\nConfira esta e outras mat\u00e9rias na \u00edntegra pelo link: https:\/\/www.meionews.com\/noticias\/economia\/nestle-anuncia-nova-fabrica-de-formulas-infantis-e-promete-investimento-de-r-2-bilhoes-no-brasil-574263<\/div>\n<\/div>\n<\/div>\n<\/div>\n","protected":false},"excerpt":{"rendered":"<p>Nova unidade ser\u00e1 constru\u00edda em Ituiutaba (MG), com aporte de R$ 600 milh\u00f5es, e deve ampliar produ\u00e7\u00e3o para o mercado brasileiro &nbsp; Nestl\u00e9 anuncia nova f\u00e1brica de f\u00f3rmulas infantis e promete investimento de R$ 2 bilh\u00f5es no Brasil | Foto: Reprodu\u00e7\u00e3o &nbsp; A\u00a0Nestl\u00e9 anunciou nesta quinta-feira (3) um investimento de R$ 2 bilh\u00f5es at\u00e9 2028\u00a0na [&hellip;]<\/p>\n","protected":false},"author":3,"featured_media":24800,"comment_status":"open","ping_status":"open","sticky":false,"template":"","format":"standard","meta":{"om_disable_all_campaigns":false,"_monsterinsights_skip_tracking":false,"_monsterinsights_sitenote_active":false,"_monsterinsights_sitenote_note":"","_monsterinsights_sitenote_category":0,"footnotes":""},"categories":[47],"tags":[],"class_list":["post-24799","post","type-post","status-publish","format-standard","has-post-thumbnail","hentry","category-nacionais"],"jetpack_featured_media_url":"https:\/\/fatoelado.com\/wp-content\/uploads\/2026\/09\/nestle-anuncia-nova-fabrica-de-formulas-infantis-e-promete-investimento-de-r-2-bilhoes-no-brasil-dae859b228289b25.webp","_links":{"self":[{"href":"https:\/\/fatoelado.com\/index.php?rest_route=\/wp\/v2\/posts\/24799","targetHints":{"allow":["GET"]}}],"collection":[{"href":"https:\/\/fatoelado.com\/index.php?rest_route=\/wp\/v2\/posts"}],"about":[{"href":"https:\/\/fatoelado.com\/index.php?rest_route=\/wp\/v2\/types\/post"}],"author":[{"embeddable":true,"href":"https:\/\/fatoelado.com\/index.php?rest_route=\/wp\/v2\/users\/3"}],"replies":[{"embeddable":true,"href":"https:\/\/fatoelado.com\/index.php?rest_route=%2Fwp%2Fv2%2Fcomments&post=24799"}],"version-history":[{"count":2,"href":"https:\/\/fatoelado.com\/index.php?rest_route=\/wp\/v2\/posts\/24799\/revisions"}],"predecessor-version":[{"id":24802,"href":"https:\/\/fatoelado.com\/index.php?rest_route=\/wp\/v2\/posts\/24799\/revisions\/24802"}],"wp:featuredmedia":[{"embeddable":true,"href":"https:\/\/fatoelado.com\/index.php?rest_route=\/wp\/v2\/media\/24800"}],"wp:attachment":[{"href":"https:\/\/fatoelado.com\/index.php?rest_route=%2Fwp%2Fv2%2Fmedia&parent=24799"}],"wp:term":[{"taxonomy":"category","embeddable":true,"href":"https:\/\/fatoelado.com\/index.php?rest_route=%2Fwp%2Fv2%2Fcategories&post=24799"},{"taxonomy":"post_tag","embeddable":true,"href":"https:\/\/fatoelado.com\/index.php?rest_route=%2Fwp%2Fv2%2Ftags&post=24799"}],"curies":[{"name":"wp","href":"https:\/\/api.w.org\/{rel}","templated":true}]}}