{"id":24792,"date":"2026-09-03T16:16:04","date_gmt":"2026-09-03T19:16:04","guid":{"rendered":"https:\/\/fatoelado.com\/?p=24792"},"modified":"2026-09-03T16:16:04","modified_gmt":"2026-09-03T19:16:04","slug":"corinthians-e-denunciado-no-stjd-por-episodio-com-crianca-e-camisa-de-neymar","status":"publish","type":"post","link":"https:\/\/fatoelado.com\/?p=24792","title":{"rendered":"Corinthians \u00e9 denunciado no STJD por epis\u00f3dio com crian\u00e7a e camisa de Neymar"},"content":{"rendered":"<h2 class=\"article-subtitle\" style=\"text-align: center;\">Menino de oito anos e familiares foram hostilizados por torcedores e deixaram a arena escoltados ap\u00f3s receber presente do jogador<\/h2>\n<p>&nbsp;<\/p>\n<div class=\"article-image-featured\" style=\"text-align: center;\"><img decoding=\"async\" class=\"i-amphtml-fill-content i-amphtml-replaced-content aligncenter\" src=\"https:\/\/www.meionews.com\/uploads\/imagens\/2026\/9\/3\/neymar-presenteou-crianca-com-sua-camisa-apos-o-classico-entre-corinthians-e-santos--5da5ed8b3ff72bc0.jpg\" alt=\"Neymar presenteou crian\u00e7a com sua camisa ap\u00f3s o cl\u00e1ssico entre Corinthians e Santos | Guilherme Veiga\/PxImages\/FolhaPress\" data-amp-loading=\"lazy\" \/><small>Neymar presenteou crian\u00e7a com sua camisa ap\u00f3s o cl\u00e1ssico entre Corinthians e Santos | Foto: Guilherme Veiga\/PxImages\/FolhaPress<\/small><\/div>\n<div class=\"g-news\"><\/div>\n<div class=\"article-html\">\n<div class=\"article-html-more\">\n<p>O\u00a0<strong data-end=\"331\" data-start=\"238\">Corinthians foi denunciado pelo Superior Tribunal de Justi\u00e7a Desportiva do Futebol (STJD)<\/strong>\u00a0pelo epis\u00f3dio envolvendo um menino de oito anos que recebeu uma camisa de Neymar durante a derrota por\u00a0<strong data-end=\"458\" data-start=\"435\">1 a 0 para o Santos<\/strong>, no domingo (30), pelo Campeonato Brasileiro. Ap\u00f3s o jogador entregar o presente, a crian\u00e7a e seus familiares foram\u00a0<strong data-end=\"606\" data-start=\"575\">hostilizados por torcedores<\/strong>\u00a0e precisaram deixar o est\u00e1dio pelo gramado, acompanhados por seguran\u00e7as e policiais. A decis\u00e3o sobre o caso est\u00e1 prevista para sexta-feira (4).<\/p>\n<h2 data-end=\"774\" data-section-id=\"1kjkvuj\" data-start=\"752\">Epis\u00f3dio no est\u00e1dio<\/h2>\n<p>O garoto estava nas arquibancadas com um cartaz direcionado a Neymar. Ao final da partida, o jogador entregou a pr\u00f3pria camisa ao menino, o que provocou\u00a0<strong data-end=\"982\" data-start=\"929\">insatisfa\u00e7\u00e3o e agita\u00e7\u00e3o entre torcedores pr\u00f3ximos<\/strong>.<\/p>\n<p>Segundo o relat\u00f3rio da partida divulgado pela\u00a0<strong data-end=\"1075\" data-start=\"1031\">Confedera\u00e7\u00e3o Brasileira de Futebol (CBF)<\/strong>, a situa\u00e7\u00e3o evoluiu para ofensas e um princ\u00edpio de tumulto. A Pol\u00edcia Militar e a equipe de seguran\u00e7a privada retiraram a crian\u00e7a e os familiares do local para preservar a seguran\u00e7a da fam\u00edlia e restabelecer a ordem.<\/p>\n<blockquote data-start=\"1294\"><p>&#8220;Ao final da partida, o atleta Neymar J\u00fanior presenteou com a sua camiseta um torcedor mirim que estava nas cadeiras do setor oeste das arquibancadas do time mandante. A a\u00e7\u00e3o gerou insatisfa\u00e7\u00e3o e agita\u00e7\u00e3o entre outros torcedores pr\u00f3ximos ao local, resultando em ofensas e um princ\u00edpio de tumulto. A Pol\u00edcia Militar e a seguran\u00e7a privada prontamente realizaram a retirada do torcedor mirim e de seus familiares, conduzindo-os para dentro do est\u00e1dio pela sa\u00edda oeste com sul para garantir a seguran\u00e7a da fam\u00edlia e restabelecer a ordem no local&#8221;, diz o relat\u00f3rio.<\/p><\/blockquote>\n<h2 data-end=\"1884\" data-section-id=\"tr8mv6\" data-start=\"1858\">Den\u00fancia contra o clube<\/h2>\n<p>O Corinthians foi enquadrado no\u00a0<strong data-end=\"1993\" data-start=\"1918\">artigo 213, inciso I, do C\u00f3digo Brasileiro de Justi\u00e7a Desportiva (CBJD)<\/strong>. O dispositivo trata da responsabilidade do clube por deixar de tomar provid\u00eancias capazes de prevenir e reprimir desordens em sua pra\u00e7a esportiva.<\/p>\n<p>A puni\u00e7\u00e3o prevista para a infra\u00e7\u00e3o \u00e9\u00a0<strong data-end=\"2212\" data-start=\"2180\">multa de R$ 100 a R$ 100 mil<\/strong>. O caso ser\u00e1 analisado pelo STJD, que definir\u00e1 a eventual penalidade aplicada ao clube.<\/p>\n<p>&nbsp;<\/p>\n<h2 data-end=\"2321\" data-section-id=\"appr4t\" data-start=\"2302\">Outras infra\u00e7\u00f5es<\/h2>\n<p>Al\u00e9m do epis\u00f3dio envolvendo a crian\u00e7a, o Corinthians tamb\u00e9m ter\u00e1 de responder por\u00a0<strong data-end=\"2468\" data-start=\"2405\">outras duas ocorr\u00eancias registradas no relat\u00f3rio da partida<\/strong>.<\/p>\n<p>Uma delas envolve a entrada de\u00a0<strong data-end=\"2552\" data-start=\"2502\">67 crian\u00e7as em campo acompanhando os jogadores<\/strong>\u00a0no protocolo oficial de in\u00edcio do jogo. O n\u00famero permitido \u00e9 de 22 crian\u00e7as.<\/p>\n<p>O clube tamb\u00e9m foi denunciado pelo\u00a0<strong data-end=\"2741\" data-start=\"2666\">atraso de tr\u00eas minutos no retorno das equipes ao campo ap\u00f3s o intervalo<\/strong>.<\/p>\n<p>O relat\u00f3rio ainda registrou a presen\u00e7a de oficiais do\u00a0<strong data-end=\"2808\" data-start=\"2798\">Jecrim<\/strong>\u00a0na zona de competi\u00e7\u00e3o, inclusive com abordagens a jogadores no t\u00fanel de acesso ao campo e perman\u00eancia na lateral do gramado durante a partida.<\/p>\n<h2 data-end=\"2980\" data-section-id=\"1fgcgfh\" data-start=\"2953\">Corinthians se manifesta<\/h2>\n<p>Ap\u00f3s a repercuss\u00e3o do epis\u00f3dio, o Corinthians divulgou uma nota em que\u00a0<strong data-end=\"3093\" data-start=\"3053\">repudiou os ataques contra a crian\u00e7a<\/strong>\u00a0e afirmou que n\u00e3o compactua com comportamentos desse tipo.<\/p>\n<p>O clube tamb\u00e9m destacou que a rivalidade e a paix\u00e3o pelo futebol n\u00e3o devem ultrapassar os limites do respeito e da seguran\u00e7a, especialmente quando h\u00e1 uma crian\u00e7a envolvida.<\/p>\n<blockquote data-start=\"3328\"><p>&#8220;\u00c9 justamente por reconhecer essa grandeza que o Corinthians entende que determinados comportamentos n\u00e3o podem ser admitidos. A paix\u00e3o pelo clube, a rivalidade e a emo\u00e7\u00e3o do futebol jamais podem se sobrepor ao respeito, \u00e0 educa\u00e7\u00e3o e \u00e0 seguran\u00e7a, sobretudo quando estamos falando de uma crian\u00e7a&#8221;, afirmou o clube.<\/p><\/blockquote>\n<p>Na nota, o Corinthians tamb\u00e9m refor\u00e7ou o car\u00e1ter coletivo da torcida e afirmou:<\/p>\n<blockquote data-is-only-node=\"\" data-start=\"3725\"><p>&#8220;O Corinthians \u00e9 de todos os corinthianos. \u00c9 de quem vive o futebol desde crian\u00e7a, de quem est\u00e1 chegando agora, de quem aprendeu a amar o clube com seus pais, av\u00f3s e amigos e de quem encontra no Tim\u00e3o um espa\u00e7o de pertencimento, alegria e identifica\u00e7\u00e3o&#8221;.<\/p>\n<p>&nbsp;<\/p><\/blockquote>\n<div class=\"recommended-overflow-fallback\"><\/div>\n<div class=\"i-amphtml-fill-content i-amphtml-replaced-content\" role=\"list\"><\/div>\n<div class=\"article-more\">\n<div class=\"more-news\">Fonte: Portal MeioNews.<br \/>\nConfira esta e outras mat\u00e9rias na \u00edntegra pelo link: https:\/\/www.meionews.com\/esportes\/ole\/corinthians-e-denunciado-no-stjd-por-episodio-com-crianca-e-camisa-de-neymar-574257<\/div>\n<\/div>\n<\/div>\n<\/div>\n","protected":false},"excerpt":{"rendered":"<p>Menino de oito anos e familiares foram hostilizados por torcedores e deixaram a arena escoltados ap\u00f3s receber presente do jogador &nbsp; Neymar presenteou crian\u00e7a com sua camisa ap\u00f3s o cl\u00e1ssico entre Corinthians e Santos | Foto: Guilherme Veiga\/PxImages\/FolhaPress O\u00a0Corinthians foi denunciado pelo Superior Tribunal de Justi\u00e7a Desportiva do Futebol (STJD)\u00a0pelo epis\u00f3dio envolvendo um menino de [&hellip;]<\/p>\n","protected":false},"author":3,"featured_media":24793,"comment_status":"open","ping_status":"open","sticky":false,"template":"","format":"standard","meta":{"om_disable_all_campaigns":false,"_monsterinsights_skip_tracking":false,"_monsterinsights_sitenote_active":false,"_monsterinsights_sitenote_note":"","_monsterinsights_sitenote_category":0,"footnotes":""},"categories":[48],"tags":[],"class_list":["post-24792","post","type-post","status-publish","format-standard","has-post-thumbnail","hentry","category-esportes"],"jetpack_featured_media_url":"https:\/\/fatoelado.com\/wp-content\/uploads\/2026\/09\/neymar-presenteou-crianca-com-sua-camisa-apos-o-classico-entre-corinthians-e-santos-5da5ed8b3ff72bc0.jpg","_links":{"self":[{"href":"https:\/\/fatoelado.com\/index.php?rest_route=\/wp\/v2\/posts\/24792","targetHints":{"allow":["GET"]}}],"collection":[{"href":"https:\/\/fatoelado.com\/index.php?rest_route=\/wp\/v2\/posts"}],"about":[{"href":"https:\/\/fatoelado.com\/index.php?rest_route=\/wp\/v2\/types\/post"}],"author":[{"embeddable":true,"href":"https:\/\/fatoelado.com\/index.php?rest_route=\/wp\/v2\/users\/3"}],"replies":[{"embeddable":true,"href":"https:\/\/fatoelado.com\/index.php?rest_route=%2Fwp%2Fv2%2Fcomments&post=24792"}],"version-history":[{"count":1,"href":"https:\/\/fatoelado.com\/index.php?rest_route=\/wp\/v2\/posts\/24792\/revisions"}],"predecessor-version":[{"id":24794,"href":"https:\/\/fatoelado.com\/index.php?rest_route=\/wp\/v2\/posts\/24792\/revisions\/24794"}],"wp:featuredmedia":[{"embeddable":true,"href":"https:\/\/fatoelado.com\/index.php?rest_route=\/wp\/v2\/media\/24793"}],"wp:attachment":[{"href":"https:\/\/fatoelado.com\/index.php?rest_route=%2Fwp%2Fv2%2Fmedia&parent=24792"}],"wp:term":[{"taxonomy":"category","embeddable":true,"href":"https:\/\/fatoelado.com\/index.php?rest_route=%2Fwp%2Fv2%2Fcategories&post=24792"},{"taxonomy":"post_tag","embeddable":true,"href":"https:\/\/fatoelado.com\/index.php?rest_route=%2Fwp%2Fv2%2Ftags&post=24792"}],"curies":[{"name":"wp","href":"https:\/\/api.w.org\/{rel}","templated":true}]}}