{"id":24782,"date":"2026-09-03T16:12:01","date_gmt":"2026-09-03T19:12:01","guid":{"rendered":"https:\/\/fatoelado.com\/?p=24782"},"modified":"2026-09-03T16:12:01","modified_gmt":"2026-09-03T19:12:01","slug":"operacao-resgata-40-trabalhadores-em-condicoes-analogas-a-escravidao-no-piaui","status":"publish","type":"post","link":"https:\/\/fatoelado.com\/?p=24782","title":{"rendered":"Opera\u00e7\u00e3o resgata 40 trabalhadores em condi\u00e7\u00f5es an\u00e1logas \u00e0 escravid\u00e3o no Piau\u00ed"},"content":{"rendered":"<p><img decoding=\"async\" class=\"aligncenter\" src=\"https:\/\/cidadeverde.com\/assets\/uploads\/colecoes\/2\/2026\/09\/resgate_de_trabalhadores_1.jpeg\" alt=\"resgate_de_trabalhadores_1.jpeg\" \/><\/p>\n<p><strong>Uma opera\u00e7\u00e3o, realizada entre os dias 24 de agosto e 2 de setembro, resgatou 40 trabalhadores submetidos a condi\u00e7\u00f5es an\u00e1logas \u00e0s de escravid\u00e3o nos munic\u00edpios de Sussuapara, Floriano e Oeiras<\/strong>. A a\u00e7\u00e3o faz foi conduzida pelo Minist\u00e9rio P\u00fablico do Trabalho no Piau\u00ed (MPT-PI), Pol\u00edcia Federal (PF), Minist\u00e9rio do Trabalho e Emprego (MTE) e Defensoria P\u00fablica da Uni\u00e3o (DPU).<\/p>\n<p>Em Sussuapara, foram 22 trabalhadores resgatados atuando na \u00e1rea da constru\u00e7\u00e3o civil, em obras de pavimenta\u00e7\u00e3o, constru\u00e7\u00e3o de escolas e de campo society. J\u00e1 em Floriano, oito pessoas, incluindo um adolescente de 17 anos, executando servi\u00e7os na extra\u00e7\u00e3o da palha de carna\u00faba, mesma atividade onde foram resgatados outros 10 trabalhadores em Oeiras.<\/p>\n<p><em>Foto: MPT-PI<\/em><\/p>\n<p><img decoding=\"async\" class=\"aligncenter\" src=\"https:\/\/cidadeverde.com\/assets\/uploads\/colecoes\/2\/2026\/09\/resgate_de_trabalhadores_2.jpeg\" alt=\"resgate_de_trabalhadores_2.jpeg\" \/><\/p>\n<p>Durante a fiscaliza\u00e7\u00e3o, foram constatadas a aus\u00eancia de direitos trabalhistas, superlota\u00e7\u00e3o, falta de energia el\u00e9trica, instala\u00e7\u00f5es sanit\u00e1rias inadequadas, fornecimento de \u00e1gua impr\u00f3pria para consumo e aus\u00eancia de equipamentos de prote\u00e7\u00e3o individual (EPIs).<\/p>\n<p>Os empregadores foram identificados e firmaram compromisso para o pagamento de aproximadamente R$ 200 mil em verbas rescis\u00f3rias e cerca de R$ 95 mil a t\u00edtulo de danos morais individuais, enquanto a repara\u00e7\u00e3o por dano moral coletivo permanece em discuss\u00e3o.<\/p>\n<blockquote><p><em>\u201cOs empregadores precisam se conscientizar e oferecer condi\u00e7\u00f5es m\u00ednimas de trabalho. Em todos os locais, tanto nas frentes de trabalho quanto nos alojamentos, as condi\u00e7\u00f5es eram bastante prec\u00e1rias\u201d, frisou procurador do Trabalho Edno Moura, coordenador de Combate ao Trabalho Escravo do MPT-PI e integrante da opera\u00e7\u00e3o.<\/em><\/p><\/blockquote>\n<p>Com os novos resgates, o Piau\u00ed totaliza 100 pessoas resgatadas de condi\u00e7\u00f5es degradantes no ambiente de trabalho em 2026, superando os 28 resgates, em 2025, e os 14, em 2024, mas ainda abaixo dos n\u00fameros registrados em 2023 e 2022, com 159 e 180 trabalhadores, respectivamente.<\/p>\n<p>Den\u00fancias de explora\u00e7\u00e3o laboral podem ser feitas de forma an\u00f4nima ou sigilosa presencialmente nas unidades do MPT-PI em Teresina, Picos e Bom Jesus, por meio do site institucional (www.prt22.mpt.mp.br) ou pelo aplicativo de mensagens WhatsApp, no n\u00famero (86) 99544-7488.<\/p>\n<p>&nbsp;<\/p>\n<p>Fonte: Portal CidadeVerde.<br \/>\nConfira esta e outras mat\u00e9rias na \u00edntegra pelo link: https:\/\/cidadeverde.com\/ultimas\/462251\/operacao-resgata-40-trabalhadores-em-condicoes-analogas-a-escravidao-no-piaui<\/p>\n","protected":false},"excerpt":{"rendered":"<p>Uma opera\u00e7\u00e3o, realizada entre os dias 24 de agosto e 2 de setembro, resgatou 40 trabalhadores submetidos a condi\u00e7\u00f5es an\u00e1logas \u00e0s de escravid\u00e3o nos munic\u00edpios de Sussuapara, Floriano e Oeiras. A a\u00e7\u00e3o faz foi conduzida pelo Minist\u00e9rio P\u00fablico do Trabalho no Piau\u00ed (MPT-PI), Pol\u00edcia Federal (PF), Minist\u00e9rio do Trabalho e Emprego (MTE) e Defensoria P\u00fablica [&hellip;]<\/p>\n","protected":false},"author":3,"featured_media":24783,"comment_status":"open","ping_status":"open","sticky":false,"template":"","format":"standard","meta":{"om_disable_all_campaigns":false,"_monsterinsights_skip_tracking":false,"_monsterinsights_sitenote_active":false,"_monsterinsights_sitenote_note":"","_monsterinsights_sitenote_category":0,"footnotes":""},"categories":[33,542],"tags":[],"class_list":["post-24782","post","type-post","status-publish","format-standard","has-post-thumbnail","hentry","category-piaui","category-policia"],"jetpack_featured_media_url":"https:\/\/fatoelado.com\/wp-content\/uploads\/2026\/09\/resgate_de_trabalhadores_1.jpeg","_links":{"self":[{"href":"https:\/\/fatoelado.com\/index.php?rest_route=\/wp\/v2\/posts\/24782","targetHints":{"allow":["GET"]}}],"collection":[{"href":"https:\/\/fatoelado.com\/index.php?rest_route=\/wp\/v2\/posts"}],"about":[{"href":"https:\/\/fatoelado.com\/index.php?rest_route=\/wp\/v2\/types\/post"}],"author":[{"embeddable":true,"href":"https:\/\/fatoelado.com\/index.php?rest_route=\/wp\/v2\/users\/3"}],"replies":[{"embeddable":true,"href":"https:\/\/fatoelado.com\/index.php?rest_route=%2Fwp%2Fv2%2Fcomments&post=24782"}],"version-history":[{"count":2,"href":"https:\/\/fatoelado.com\/index.php?rest_route=\/wp\/v2\/posts\/24782\/revisions"}],"predecessor-version":[{"id":24785,"href":"https:\/\/fatoelado.com\/index.php?rest_route=\/wp\/v2\/posts\/24782\/revisions\/24785"}],"wp:featuredmedia":[{"embeddable":true,"href":"https:\/\/fatoelado.com\/index.php?rest_route=\/wp\/v2\/media\/24783"}],"wp:attachment":[{"href":"https:\/\/fatoelado.com\/index.php?rest_route=%2Fwp%2Fv2%2Fmedia&parent=24782"}],"wp:term":[{"taxonomy":"category","embeddable":true,"href":"https:\/\/fatoelado.com\/index.php?rest_route=%2Fwp%2Fv2%2Fcategories&post=24782"},{"taxonomy":"post_tag","embeddable":true,"href":"https:\/\/fatoelado.com\/index.php?rest_route=%2Fwp%2Fv2%2Ftags&post=24782"}],"curies":[{"name":"wp","href":"https:\/\/api.w.org\/{rel}","templated":true}]}}