{"id":24758,"date":"2026-09-02T19:18:04","date_gmt":"2026-09-02T22:18:04","guid":{"rendered":"https:\/\/fatoelado.com\/?p=24758"},"modified":"2026-09-02T19:18:04","modified_gmt":"2026-09-02T22:18:04","slug":"carlo-ancelotti-define-data-para-1a-convocacao-apos-a-copa-do-mundo","status":"publish","type":"post","link":"https:\/\/fatoelado.com\/?p=24758","title":{"rendered":"Carlo Ancelotti define data para 1\u00aa convoca\u00e7\u00e3o ap\u00f3s a Copa do Mundo"},"content":{"rendered":"<h2 class=\"article-subtitle\" style=\"text-align: center;\">Treinador italiano anunciar\u00e1 os 26 jogadores para os amistosos contra Austr\u00e1lia e \u00cdndia, que marcam o in\u00edcio do ciclo para o Mundial de 2030<\/h2>\n<p>&nbsp;<\/p>\n<div class=\"article-image-featured\" style=\"text-align: center;\"><img decoding=\"async\" class=\"i-amphtml-fill-content i-amphtml-replaced-content aligncenter\" src=\"https:\/\/www.meionews.com\/uploads\/imagens\/2026\/9\/2\/carlo-ancelotti-na-sede-da-cbf--7d6329e883a9306a.jpg\" alt=\"Carlo Ancelotti na sede da CBF | Samara Moumei\/CBF\" data-amp-loading=\"lazy\" \/><small>Carlo Ancelotti na sede da CBF | Foto: Samara Moumei\/CBF<\/small><\/div>\n<div class=\"g-news\"><a class=\"g-news-preferencial\" href=\"https:\/\/google.com\/preferences\/source?q=https:\/\/www.meionews.com\/\" target=\"_blank\" rel=\"noopener\"><img decoding=\"async\" class=\"i-amphtml-intrinsic-sizer\" role=\"presentation\" src=\"data:;base64,<svg height=\"35px\" width=\"160px\" xmlns=\"http:\/\/www.w3.org\/2000\/svg\" version=\"1.1\"\/>&#8221; alt=&#8221;&#8221; aria-hidden=&#8221;true&#8221; \/><\/a><\/div>\n<div class=\"article-html\">\n<div class=\"article-html-more\">\n<p>A\u00a0<strong>Sele\u00e7\u00e3o Brasileira<\/strong>\u00a0j\u00e1 tem data para conhecer os primeiros convocados do novo ciclo rumo \u00e0\u00a0<strong>Copa do Mundo de 2030<\/strong>. O t\u00e9cnico\u00a0<strong>Carlo Ancelotti<\/strong>\u00a0anunciar\u00e1 a lista com\u00a0<strong>26 jogadores<\/strong>\u00a0na pr\u00f3xima quarta-feira (9), \u00e0s\u00a0<strong>15h (de Bras\u00edlia)<\/strong>, na sede da\u00a0<strong>CBF<\/strong>, no Rio de Janeiro.<\/p>\n<p>A convoca\u00e7\u00e3o ser\u00e1 transmitida ao vivo pela CBF TV. Ser\u00e1 a primeira lista elaborada por Ancelotti desde a participa\u00e7\u00e3o do Brasil na \u00faltima Copa do Mundo.<\/p>\n<h2>Brasil ter\u00e1 tr\u00eas amistosos na pr\u00f3xima Data FIFA<\/h2>\n<p>A Sele\u00e7\u00e3o ter\u00e1 tr\u00eas compromissos internacionais na pr\u00f3xima Data FIFA, considerada uma Super Data FIFA. O calend\u00e1rio prev\u00ea dois jogos contra a Austr\u00e1lia e outro diante da \u00cdndia. Em novembro, o Brasil ter\u00e1 uma nova Data FIFA para dar continuidade \u00e0 prepara\u00e7\u00e3o para o pr\u00f3ximo ciclo.<\/p>\n<p>O primeiro compromisso ser\u00e1 contra a Austr\u00e1lia, em 25 de setembro, no Queensland Country Bank Stadium, em Townsville. Quatro dias depois, em 29 de setembro, as equipes voltar\u00e3o a se enfrentar. A segunda partida ser\u00e1 realizada no Suncorp Stadium, em Brisbane.<\/p>\n<p>Ap\u00f3s os dois confrontos, a Sele\u00e7\u00e3o viajar\u00e1 para Calcut\u00e1, onde enfrentar\u00e1 a \u00cdndia em 3 de outubro. A partida ser\u00e1 disputada no Vivekananda Yuba Bharati Krirangan, conhecido como Est\u00e1dio Salt Lake.<\/p>\n<h2>Comiss\u00e3o t\u00e9cnica acompanha jogadores<\/h2>\n<p>A comiss\u00e3o t\u00e9cnica trabalha na defini\u00e7\u00e3o dos convocados a partir da observa\u00e7\u00e3o de jogadores que atuam em diferentes competi\u00e7\u00f5es. Profissionais do Departamento de Sele\u00e7\u00f5es Masculinas acompanham partidas do Campeonato Brasileiro, Copa do Brasil, Libertadores e Sul-Americana.<\/p>\n<p>O monitoramento tamb\u00e9m inclui os principais campeonatos europeus. A avalia\u00e7\u00e3o servir\u00e1 como base para a primeira convoca\u00e7\u00e3o de Ancelotti neste novo ciclo da Sele\u00e7\u00e3o.<\/p>\n<h2>Ancelotti amplia integra\u00e7\u00e3o com categorias de base<\/h2>\n<p>Al\u00e9m da equipe principal, o t\u00e9cnico italiano tem ampliado a integra\u00e7\u00e3o com as categorias de base. O trabalho come\u00e7ou ap\u00f3s sua chegada \u00e0 CBF e ganhou for\u00e7a diante dos pr\u00f3ximos compromissos das sele\u00e7\u00f5es inferiores. Entre eles est\u00e1 a Copa do Mundo Sub-17, prevista para novembro, no Catar. A CBF tamb\u00e9m trabalha na forma\u00e7\u00e3o do grupo que disputar\u00e1 o pr\u00f3ximo ciclo ol\u00edmpico, sob o comando de Paulo Victor, t\u00e9cnico da Sele\u00e7\u00e3o Sub-20.<\/p>\n<p class=\"ads\">\n<div><\/div>\n<div class=\"article-more\">\n<div class=\"more-news\">Fonte: Portal MeioNews.<br \/>\nConfira esta e outras mat\u00e9rias na \u00edntegra pelo link: https:\/\/www.meionews.com\/esportes\/ole\/carlo-ancelotti-define-data-para-1-convocacao-apos-a-copa-do-mundo-574150<\/div>\n<\/div>\n<\/div>\n<\/div>\n","protected":false},"excerpt":{"rendered":"<p>Treinador italiano anunciar\u00e1 os 26 jogadores para os amistosos contra Austr\u00e1lia e \u00cdndia, que marcam o in\u00edcio do ciclo para o Mundial de 2030 &nbsp; Carlo Ancelotti na sede da CBF | Foto: Samara Moumei\/CBF<\/p>\n","protected":false},"author":3,"featured_media":24759,"comment_status":"open","ping_status":"open","sticky":false,"template":"","format":"standard","meta":{"om_disable_all_campaigns":false,"_monsterinsights_skip_tracking":false,"_monsterinsights_sitenote_active":false,"_monsterinsights_sitenote_note":"","_monsterinsights_sitenote_category":0,"footnotes":""},"categories":[48],"tags":[],"class_list":["post-24758","post","type-post","status-publish","format-standard","has-post-thumbnail","hentry","category-esportes"],"jetpack_featured_media_url":"https:\/\/fatoelado.com\/wp-content\/uploads\/2026\/09\/carlo-ancelotti-na-sede-da-cbf-7d6329e883a9306a.jpg","_links":{"self":[{"href":"https:\/\/fatoelado.com\/index.php?rest_route=\/wp\/v2\/posts\/24758","targetHints":{"allow":["GET"]}}],"collection":[{"href":"https:\/\/fatoelado.com\/index.php?rest_route=\/wp\/v2\/posts"}],"about":[{"href":"https:\/\/fatoelado.com\/index.php?rest_route=\/wp\/v2\/types\/post"}],"author":[{"embeddable":true,"href":"https:\/\/fatoelado.com\/index.php?rest_route=\/wp\/v2\/users\/3"}],"replies":[{"embeddable":true,"href":"https:\/\/fatoelado.com\/index.php?rest_route=%2Fwp%2Fv2%2Fcomments&post=24758"}],"version-history":[{"count":1,"href":"https:\/\/fatoelado.com\/index.php?rest_route=\/wp\/v2\/posts\/24758\/revisions"}],"predecessor-version":[{"id":24760,"href":"https:\/\/fatoelado.com\/index.php?rest_route=\/wp\/v2\/posts\/24758\/revisions\/24760"}],"wp:featuredmedia":[{"embeddable":true,"href":"https:\/\/fatoelado.com\/index.php?rest_route=\/wp\/v2\/media\/24759"}],"wp:attachment":[{"href":"https:\/\/fatoelado.com\/index.php?rest_route=%2Fwp%2Fv2%2Fmedia&parent=24758"}],"wp:term":[{"taxonomy":"category","embeddable":true,"href":"https:\/\/fatoelado.com\/index.php?rest_route=%2Fwp%2Fv2%2Fcategories&post=24758"},{"taxonomy":"post_tag","embeddable":true,"href":"https:\/\/fatoelado.com\/index.php?rest_route=%2Fwp%2Fv2%2Ftags&post=24758"}],"curies":[{"name":"wp","href":"https:\/\/api.w.org\/{rel}","templated":true}]}}