{"id":24749,"date":"2026-09-02T19:12:01","date_gmt":"2026-09-02T22:12:01","guid":{"rendered":"https:\/\/fatoelado.com\/?p=24749"},"modified":"2026-09-02T19:12:01","modified_gmt":"2026-09-02T22:12:01","slug":"justica-proibe-teresina-de-exigir-laudos-e-obriga-acoes-inclusivas-nas-escolas","status":"publish","type":"post","link":"https:\/\/fatoelado.com\/?p=24749","title":{"rendered":"Justi\u00e7a pro\u00edbe Teresina de exigir laudos e obriga a\u00e7\u00f5es inclusivas nas escolas"},"content":{"rendered":"<p><img decoding=\"async\" class=\"aligncenter\" src=\"https:\/\/cidadeverde.com\/assets\/uploads\/colecoes\/2\/2025\/09\/Imagem_do_WhatsApp_de_2025-09-29_%C3%A0(s)_08_25_04_940ed382.jpg\" alt=\"escola de teresina semec\" \/><\/p>\n<p>A Justi\u00e7a do Piau\u00ed determinou que a prefeitura de Teresina implemente e amplie as pol\u00edticas de educa\u00e7\u00e3o inclusiva na rede municipal de ensino. Na decis\u00e3o da &#8211; 2\u00aa Vara da Fazenda P\u00fablica de Teresina \u2013 o juiz pro\u00edbe a exig\u00eancia de laudos, diagn\u00f3stico ou relat\u00f3rio m\u00e9dico obrigat\u00f3rio para disponibilizar profissionais de apoio escolar ou Plano de Atendimento Educacional Especializado (PAEE).<\/p>\n<p>O\u00a0<strong>Cidadeverde.com<\/strong>\u00a0entrou em contato com assessoria da Secretaria Municipal de Educa\u00e7\u00e3o e aguarda nota de esclarecimentos.<\/p>\n<p>A a\u00e7\u00e3o foi ajuizada pela promotora Fl\u00e1via Gomes Cordeiro ap\u00f3s instaurar cerca de\u00a0 100 procedimentos administrativos individuais e expediu recomenda\u00e7\u00e3o para que a administra\u00e7\u00e3o municipal. \u201cNo entanto, n\u00e3o houve a efetiva solu\u00e7\u00e3o da quest\u00e3o, o que levou o MPPI a ajuizar a a\u00e7\u00e3o\u201d, diz o MPE.<\/p>\n<p>De acordo com a decis\u00e3o, a defini\u00e7\u00e3o de apoio escolar passa a depender da avalia\u00e7\u00e3o das necessidades pedag\u00f3gicas e de acessibilidade da crian\u00e7a, realizada em conjunto com a fam\u00edlia e equipes multiprofissionais.<\/p>\n<p>O juiz Litelton Vieira de Oliveira determina ainda a garantia de auxiliares ou mediadores capacitados para estudantes p\u00fablico-alvo da educa\u00e7\u00e3o especial (com defici\u00eancia, transtornos globais do desenvolvimento, TEA ou altas habilidades\/superdota\u00e7\u00e3o).<\/p>\n<p>Se a Secretaria Municipal de Educa\u00e7\u00e3o n\u00e3o cumprir a decis\u00e3o ser\u00e1 multada em R$ 5 mil (limitada a R$ 500 mil). Os recursos revertidos ao Fundo Municipal dos Direitos da Crian\u00e7a e do Adolescente.<\/p>\n<p>Pela decis\u00e3o, o Munic\u00edpio de Teresina deve disponibilizar profissionais de apoio escolar (Auxiliares de Apoio \u00e0 Inclus\u00e3o) a todos os educandos p\u00fablico-alvo da educa\u00e7\u00e3o especial matriculados na rede municipal que deles necessitarem.<\/p>\n<p>Pela decis\u00e3o, a prefeitura ter\u00e1 prazo de 30 dias para realizar estudo de caso, por meio da equipe pedag\u00f3gica escolar, para identificar as necessidades de acompanhamento escolar especializado. O levantamento dever\u00e1 ser realizado com a participa\u00e7\u00e3o da fam\u00edlia e, quando necess\u00e1rio, com o suporte de equipe multiprofissional.<\/p>\n<p>A decis\u00e3o tamb\u00e9m estabelece a elabora\u00e7\u00e3o e a implementa\u00e7\u00e3o, de forma individualizada, do Plano de Atendimento Educacional Especializado (PAEE) e do Plano Educacional Individualizado (PEI) para cada educando atendido.<\/p>\n<p>A Justi\u00e7a estabeleceu ainda o prazo de 60 dias para que o Munic\u00edpio de Teresina comprove, nos autos da a\u00e7\u00e3o, o atendimento de todas as solicita\u00e7\u00f5es de lota\u00e7\u00e3o de profissionais de apoio atualmente pendentes. O munic\u00edpio tamb\u00e9m dever\u00e1 apresentar relat\u00f3rios trimestrais sobre a evolu\u00e7\u00e3o do atendimento dos estudantes p\u00fablico-alvo da educa\u00e7\u00e3o especial.<\/p>\n<p>&nbsp;<\/p>\n<p>&nbsp;<\/p>\n<p>Fonte: Portal CidadeVerde.<br \/>\nConfira esta e outras mat\u00e9rias na \u00edntegra pelo link: https:\/\/cidadeverde.com\/ultimas\/462164\/justica-proibe-teresina-de-exigir-laudos-e-obriga-acoes-inclusivas-nas-escolas<\/p>\n","protected":false},"excerpt":{"rendered":"<p>A Justi\u00e7a do Piau\u00ed determinou que a prefeitura de Teresina implemente e amplie as pol\u00edticas de educa\u00e7\u00e3o inclusiva na rede municipal de ensino. Na decis\u00e3o da &#8211; 2\u00aa Vara da Fazenda P\u00fablica de Teresina \u2013 o juiz pro\u00edbe a exig\u00eancia de laudos, diagn\u00f3stico ou relat\u00f3rio m\u00e9dico obrigat\u00f3rio para disponibilizar profissionais de apoio escolar ou Plano [&hellip;]<\/p>\n","protected":false},"author":3,"featured_media":24750,"comment_status":"open","ping_status":"open","sticky":false,"template":"","format":"standard","meta":{"om_disable_all_campaigns":false,"_monsterinsights_skip_tracking":false,"_monsterinsights_sitenote_active":false,"_monsterinsights_sitenote_note":"","_monsterinsights_sitenote_category":0,"footnotes":""},"categories":[33],"tags":[],"class_list":["post-24749","post","type-post","status-publish","format-standard","has-post-thumbnail","hentry","category-piaui"],"jetpack_featured_media_url":"https:\/\/fatoelado.com\/wp-content\/uploads\/2026\/09\/Imagem_do_WhatsApp_de_2025-09-29_as_08_25_04_940ed382.jpg","_links":{"self":[{"href":"https:\/\/fatoelado.com\/index.php?rest_route=\/wp\/v2\/posts\/24749","targetHints":{"allow":["GET"]}}],"collection":[{"href":"https:\/\/fatoelado.com\/index.php?rest_route=\/wp\/v2\/posts"}],"about":[{"href":"https:\/\/fatoelado.com\/index.php?rest_route=\/wp\/v2\/types\/post"}],"author":[{"embeddable":true,"href":"https:\/\/fatoelado.com\/index.php?rest_route=\/wp\/v2\/users\/3"}],"replies":[{"embeddable":true,"href":"https:\/\/fatoelado.com\/index.php?rest_route=%2Fwp%2Fv2%2Fcomments&post=24749"}],"version-history":[{"count":1,"href":"https:\/\/fatoelado.com\/index.php?rest_route=\/wp\/v2\/posts\/24749\/revisions"}],"predecessor-version":[{"id":24751,"href":"https:\/\/fatoelado.com\/index.php?rest_route=\/wp\/v2\/posts\/24749\/revisions\/24751"}],"wp:featuredmedia":[{"embeddable":true,"href":"https:\/\/fatoelado.com\/index.php?rest_route=\/wp\/v2\/media\/24750"}],"wp:attachment":[{"href":"https:\/\/fatoelado.com\/index.php?rest_route=%2Fwp%2Fv2%2Fmedia&parent=24749"}],"wp:term":[{"taxonomy":"category","embeddable":true,"href":"https:\/\/fatoelado.com\/index.php?rest_route=%2Fwp%2Fv2%2Fcategories&post=24749"},{"taxonomy":"post_tag","embeddable":true,"href":"https:\/\/fatoelado.com\/index.php?rest_route=%2Fwp%2Fv2%2Ftags&post=24749"}],"curies":[{"name":"wp","href":"https:\/\/api.w.org\/{rel}","templated":true}]}}