{"id":24737,"date":"2026-09-02T15:30:09","date_gmt":"2026-09-02T18:30:09","guid":{"rendered":"https:\/\/fatoelado.com\/?p=24737"},"modified":"2026-09-02T15:30:09","modified_gmt":"2026-09-02T18:30:09","slug":"eleitor-ja-pode-consultar-os-locais-de-votacao-veja-como-acessar","status":"publish","type":"post","link":"https:\/\/fatoelado.com\/?p=24737","title":{"rendered":"Eleitor j\u00e1 pode consultar os locais de vota\u00e7\u00e3o; veja como acessar"},"content":{"rendered":"<p><img decoding=\"async\" class=\"aligncenter\" src=\"https:\/\/cidadeverde.com\/assets\/uploads\/posts\/tse11.jpg\" \/><\/p>\n<p>A partir desta ter\u00e7a-feira (1\u00ba), eleitoras e eleitores podem verificar o endere\u00e7o da se\u00e7\u00e3o de vota\u00e7\u00e3o pelo aplicativo e-T\u00edtulo ou pelo Portal do Tribunal Superior Eleitoral (TSE).<\/p>\n<p>A consulta est\u00e1 atualizada e inclui quem solicitou transfer\u00eancia tempor\u00e1ria de se\u00e7\u00e3o nos prazos previstos no calend\u00e1rio eleitoral (Resolu\u00e7\u00e3o n\u00ba 23.760\/2026), encerrados no m\u00eas passado.<\/p>\n<p>Essa modalidade atende, entre outros, eleitores que solicitaram vota\u00e7\u00e3o em tr\u00e2nsito, pessoas com defici\u00eancia ou mobilidade reduzida, militares, agentes de seguran\u00e7a p\u00fablica, mes\u00e1rios, agentes penitenci\u00e1rios, al\u00e9m de ju\u00edzes e promotores em servi\u00e7o no dia da elei\u00e7\u00e3o.<\/p>\n<p><u><strong>Como consultar\u00a0<\/strong><\/u><\/p>\n<p><strong>Pelo e-T\u00edtulo:\u00a0<\/strong><\/p>\n<p>Na tela inicial do aplicativo, atualize os dados cadastrais.<\/p>\n<p>O sistema mostrar\u00e1 o endere\u00e7o da se\u00e7\u00e3o e a zona eleitoral em que o eleitor dever\u00e1 votar.<\/p>\n<p><strong>Pelo Portal do TSE:\u00a0<\/strong><\/p>\n<p>Acesse a \u00e1rea &#8220;Servi\u00e7os Eleitorais&#8221; e selecione &#8220;Onde votar&#8221;.<\/p>\n<p>Informe o n\u00famero do CPF ou do t\u00edtulo de eleitor, a data de nascimento e o nome da m\u00e3e.<\/p>\n<p>A Justi\u00e7a Eleitoral recomenda que a eleitora ou o eleitor confira o local de vota\u00e7\u00e3o com anteced\u00eancia para evitar d\u00favidas no dia da elei\u00e7\u00e3o. A medida \u00e9 especialmente importante para quem pediu transfer\u00eancia tempor\u00e1ria ou teve a zona eleitoral alterada pelo tribunal regional eleitoral (TRE).<\/p>\n<p>O 1\u00ba turno das Elei\u00e7\u00f5es Gerais de 2026 ser\u00e1 em 4 de outubro de 2026. Se houver 2\u00ba turno, a vota\u00e7\u00e3o ocorrer\u00e1 no dia 25 do mesmo m\u00eas. O TSE estima o uso de 564 mil urnas eletr\u00f4nicas no pleito.<\/p>\n<p>&nbsp;<\/p>\n<p>Fonte: Portal CidadeVerde.<br \/>\nConfira esta e outras mat\u00e9rias na \u00edntegra pelo link: https:\/\/cidadeverde.com\/eleicoes\/462168\/eleitor-ja-pode-consultar-os-locais-de-votacao-veja-como-acessar<\/p>\n","protected":false},"excerpt":{"rendered":"<p>A partir desta ter\u00e7a-feira (1\u00ba), eleitoras e eleitores podem verificar o endere\u00e7o da se\u00e7\u00e3o de vota\u00e7\u00e3o pelo aplicativo e-T\u00edtulo ou pelo Portal do Tribunal Superior Eleitoral (TSE). A consulta est\u00e1 atualizada e inclui quem solicitou transfer\u00eancia tempor\u00e1ria de se\u00e7\u00e3o nos prazos previstos no calend\u00e1rio eleitoral (Resolu\u00e7\u00e3o n\u00ba 23.760\/2026), encerrados no m\u00eas passado. Essa modalidade atende, [&hellip;]<\/p>\n","protected":false},"author":3,"featured_media":24738,"comment_status":"open","ping_status":"open","sticky":false,"template":"","format":"standard","meta":{"om_disable_all_campaigns":false,"_monsterinsights_skip_tracking":false,"_monsterinsights_sitenote_active":false,"_monsterinsights_sitenote_note":"","_monsterinsights_sitenote_category":0,"footnotes":""},"categories":[47],"tags":[],"class_list":["post-24737","post","type-post","status-publish","format-standard","has-post-thumbnail","hentry","category-nacionais"],"jetpack_featured_media_url":"https:\/\/fatoelado.com\/wp-content\/uploads\/2026\/09\/tse11.jpg","_links":{"self":[{"href":"https:\/\/fatoelado.com\/index.php?rest_route=\/wp\/v2\/posts\/24737","targetHints":{"allow":["GET"]}}],"collection":[{"href":"https:\/\/fatoelado.com\/index.php?rest_route=\/wp\/v2\/posts"}],"about":[{"href":"https:\/\/fatoelado.com\/index.php?rest_route=\/wp\/v2\/types\/post"}],"author":[{"embeddable":true,"href":"https:\/\/fatoelado.com\/index.php?rest_route=\/wp\/v2\/users\/3"}],"replies":[{"embeddable":true,"href":"https:\/\/fatoelado.com\/index.php?rest_route=%2Fwp%2Fv2%2Fcomments&post=24737"}],"version-history":[{"count":1,"href":"https:\/\/fatoelado.com\/index.php?rest_route=\/wp\/v2\/posts\/24737\/revisions"}],"predecessor-version":[{"id":24739,"href":"https:\/\/fatoelado.com\/index.php?rest_route=\/wp\/v2\/posts\/24737\/revisions\/24739"}],"wp:featuredmedia":[{"embeddable":true,"href":"https:\/\/fatoelado.com\/index.php?rest_route=\/wp\/v2\/media\/24738"}],"wp:attachment":[{"href":"https:\/\/fatoelado.com\/index.php?rest_route=%2Fwp%2Fv2%2Fmedia&parent=24737"}],"wp:term":[{"taxonomy":"category","embeddable":true,"href":"https:\/\/fatoelado.com\/index.php?rest_route=%2Fwp%2Fv2%2Fcategories&post=24737"},{"taxonomy":"post_tag","embeddable":true,"href":"https:\/\/fatoelado.com\/index.php?rest_route=%2Fwp%2Fv2%2Ftags&post=24737"}],"curies":[{"name":"wp","href":"https:\/\/api.w.org\/{rel}","templated":true}]}}