{"id":24734,"date":"2026-09-02T15:29:21","date_gmt":"2026-09-02T18:29:21","guid":{"rendered":"https:\/\/fatoelado.com\/?p=24734"},"modified":"2026-09-02T15:29:21","modified_gmt":"2026-09-02T18:29:21","slug":"fachin-anuncia-medidas-apos-mensagens-de-moraes-com-vorcaro","status":"publish","type":"post","link":"https:\/\/fatoelado.com\/?p=24734","title":{"rendered":"Fachin anuncia medidas ap\u00f3s mensagens de Moraes com Vorcaro"},"content":{"rendered":"<p><img decoding=\"async\" class=\"aligncenter\" src=\"https:\/\/cidadeverde.com\/assets\/uploads\/colecoes\/2\/2026\/07\/fachin-stf-1.jpg\" alt=\"Rosinei Coutinho\/SCO\/STF\" \/><\/p>\n<p>O presidente do Supremo Tribunal Federal (STF), Edson Fachin, afirmou nesta quarta-feira (2) que anunciar\u00e1, nos pr\u00f3ximos dias, \u201cmedidas cab\u00edveis e necess\u00e1rias\u201d ap\u00f3s analisar a retirada do sigilo de mensagens trocadas pelo ministro da Corte Alexandre de Moraes com o ex-banqueiro Daniel Vorcaro.<\/p>\n<p>Fachin n\u00e3o antecipou quais provid\u00eancias ser\u00e3o adotadas nem estabeleceu uma data para o an\u00fancio. Segundo ele, a presid\u00eancia ainda analisa os fatos e os procedimentos institucionais pertinentes.<\/p>\n<p>\u201cA elevada autoridade do cargo n\u00e3o confere privil\u00e9gios, mas imp\u00f5e deveres, limites e responsabilidades que devem ser observados com absoluto respeito \u00e0 Constitui\u00e7\u00e3o, \u00e0s leis e ao STF. Nos pr\u00f3ximos dias, conclu\u00edda a an\u00e1lise necess\u00e1ria dos fatos e os procedimentos institucionais pertinentes, essa presid\u00eancia anunciar\u00e1, no tempo devido e sem precipita\u00e7\u00e3o, as medidas cab\u00edveis e necess\u00e1rias\u201d, declarou durante a abertura da XVII Jornada \u00cdtalo-Hispano-Brasileira de Direito Constitucional.<\/p>\n<p>As conversas entre Moraes e o ex-dono do Master foram divulgadas na ter\u00e7a-feira (1\u00ba) pelo tamb\u00e9m ministro do STF Andr\u00e9 Mendon\u00e7a. O presidente do Supremo afirmou que os ind\u00edcios precisam receber o \u201cdevido encaminhamento institucional\u201d e ressaltou a necessidade de preservar a confian\u00e7a da sociedade no tribunal.<\/p>\n<p>\u201cEm momentos de especial gravidade, \u00e9 dever de todos preservar a integridade do STF, a autoridade de suas decis\u00f5es, o respeito \u00e0s normas e, acima de tudo, a confian\u00e7a da sociedade na institui\u00e7\u00e3o\u201d, afirmou.<\/p>\n<p>&nbsp;<\/p>\n<p>Fonte: Portal CidadeVerde.<br \/>\nConfira esta e outras mat\u00e9rias na \u00edntegra pelo link: https:\/\/cidadeverde.com\/ultimas\/462171\/fachin-anuncia-medidas-apos-mensagens-de-moraes-com-vorcaro<\/p>\n","protected":false},"excerpt":{"rendered":"<p>O presidente do Supremo Tribunal Federal (STF), Edson Fachin, afirmou nesta quarta-feira (2) que anunciar\u00e1, nos pr\u00f3ximos dias, \u201cmedidas cab\u00edveis e necess\u00e1rias\u201d ap\u00f3s analisar a retirada do sigilo de mensagens trocadas pelo ministro da Corte Alexandre de Moraes com o ex-banqueiro Daniel Vorcaro. Fachin n\u00e3o antecipou quais provid\u00eancias ser\u00e3o adotadas nem estabeleceu uma data para [&hellip;]<\/p>\n","protected":false},"author":3,"featured_media":24735,"comment_status":"open","ping_status":"open","sticky":false,"template":"","format":"standard","meta":{"om_disable_all_campaigns":false,"_monsterinsights_skip_tracking":false,"_monsterinsights_sitenote_active":false,"_monsterinsights_sitenote_note":"","_monsterinsights_sitenote_category":0,"footnotes":""},"categories":[47],"tags":[],"class_list":["post-24734","post","type-post","status-publish","format-standard","has-post-thumbnail","hentry","category-nacionais"],"jetpack_featured_media_url":"https:\/\/fatoelado.com\/wp-content\/uploads\/2026\/09\/fachin-stf-1.jpg","_links":{"self":[{"href":"https:\/\/fatoelado.com\/index.php?rest_route=\/wp\/v2\/posts\/24734","targetHints":{"allow":["GET"]}}],"collection":[{"href":"https:\/\/fatoelado.com\/index.php?rest_route=\/wp\/v2\/posts"}],"about":[{"href":"https:\/\/fatoelado.com\/index.php?rest_route=\/wp\/v2\/types\/post"}],"author":[{"embeddable":true,"href":"https:\/\/fatoelado.com\/index.php?rest_route=\/wp\/v2\/users\/3"}],"replies":[{"embeddable":true,"href":"https:\/\/fatoelado.com\/index.php?rest_route=%2Fwp%2Fv2%2Fcomments&post=24734"}],"version-history":[{"count":1,"href":"https:\/\/fatoelado.com\/index.php?rest_route=\/wp\/v2\/posts\/24734\/revisions"}],"predecessor-version":[{"id":24736,"href":"https:\/\/fatoelado.com\/index.php?rest_route=\/wp\/v2\/posts\/24734\/revisions\/24736"}],"wp:featuredmedia":[{"embeddable":true,"href":"https:\/\/fatoelado.com\/index.php?rest_route=\/wp\/v2\/media\/24735"}],"wp:attachment":[{"href":"https:\/\/fatoelado.com\/index.php?rest_route=%2Fwp%2Fv2%2Fmedia&parent=24734"}],"wp:term":[{"taxonomy":"category","embeddable":true,"href":"https:\/\/fatoelado.com\/index.php?rest_route=%2Fwp%2Fv2%2Fcategories&post=24734"},{"taxonomy":"post_tag","embeddable":true,"href":"https:\/\/fatoelado.com\/index.php?rest_route=%2Fwp%2Fv2%2Ftags&post=24734"}],"curies":[{"name":"wp","href":"https:\/\/api.w.org\/{rel}","templated":true}]}}