{"id":24725,"date":"2026-09-02T15:26:16","date_gmt":"2026-09-02T18:26:16","guid":{"rendered":"https:\/\/fatoelado.com\/?p=24725"},"modified":"2026-09-02T15:26:16","modified_gmt":"2026-09-02T18:26:16","slug":"pf-prende-suspeito-de-armazenar-material-de-abuso-sexual-infantojuvenil-em-picos","status":"publish","type":"post","link":"https:\/\/fatoelado.com\/?p=24725","title":{"rendered":"PF prende suspeito de armazenar material de abuso sexual infantojuvenil em Picos"},"content":{"rendered":"<p><img decoding=\"async\" class=\"aligncenter\" src=\"https:\/\/cidadeverde.com\/assets\/uploads\/colecoes\/2\/2026\/09\/policia-federal-pf.jpeg\" alt=\"policia-federal-pf.jpeg\" \/><\/p>\n<p>A<strong>\u00a0Pol\u00edcia Federal (PF) prendeu em flagrante, nesta quarta-feira (2), uma pessoa em Picos<\/strong>, durante uma\u00a0<strong>opera\u00e7\u00e3o nacional que visa identificar e para responsabilizar investigados por crimes de abuso sexual contra crian\u00e7as e adolescentes<\/strong>. A a\u00e7\u00e3o tamb\u00e9m cumpriu mandado de busca e apreens\u00e3o em Uru\u00e7u\u00ed.<\/p>\n<p>A Opera\u00e7\u00e3o Nacional Prote\u00e7\u00e3o Integral V foi realizada em todos os estados do pa\u00eds, em uma a\u00e7\u00e3o coordenada pela PF em parceria com as pol\u00edcias civis. Ao todo, foram realizadas 42 pris\u00f5es em flagrante, cumpridos 13 mandados de pris\u00e3o preventiva, apreens\u00e3o de tr\u00eas menores e resgatadas duas duas v\u00edtimas de abuso.<\/p>\n<p>A Opera\u00e7\u00e3o Nacional Prote\u00e7\u00e3o Integral V d\u00e1 continuidade \u00e0s a\u00e7\u00f5es realizadas nas opera\u00e7\u00f5es nacionais Prote\u00e7\u00e3o Integral I, II, III e IV, deflagradas em 2025 e 2026, e na Opera\u00e7\u00e3o Nacional Guardi\u00e3o Digital. Somente neste ano foram cumpridos mais de 980 mandados de pris\u00e3o de foragidos por crimes sexuais.<\/p>\n<h2><strong>Alerta<\/strong><\/h2>\n<p>A PF alerta pais e respons\u00e1veis sobre a import\u00e2ncia de monitorar e de orientar seus filhos no mundo virtual e f\u00edsico, protegendo-os dos riscos de abusos sexuais. A orienta\u00e7\u00e3o \u00e9 conversar abertamente sobre os perigos do mundo virtual e explicar como utilizar redes sociais, jogos e aplicativos de forma segura e acompanhar de perto as atividades on-line dos jovens s\u00e3o medidas essenciais de prote\u00e7\u00e3o.<\/p>\n<p>Al\u00e9m disso, \u00e9 importante estar atento a mudan\u00e7as de comportamento, como isolamento repentino ou segredo em rela\u00e7\u00e3o ao uso do celular e do computador, pode ajudar a identificar situa\u00e7\u00f5es de risco.<\/p>\n<p>Por fim, a PF ressalta a import\u00e2ncia de ensinar \u00e0s crian\u00e7as e aos adolescentes como agir diante de contatos inadequados em ambientes virtuais, refor\u00e7ando que podem e devem procurar ajuda. A preven\u00e7\u00e3o \u00e9 a maneira mais eficaz de garantir a seguran\u00e7a e o bem-estar de crian\u00e7as e de adolescentes, e a informa\u00e7\u00e3o continua sendo um instrumento capaz de salvar vidas.<\/p>\n<p>&nbsp;<\/p>\n<p>Fonte: Portal CidadeVerde.<br \/>\nConfira esta e outras mat\u00e9rias na \u00edntegra pelo link: https:\/\/cidadeverde.com\/picos\/462182\/pf-prende-suspeito-de-armazenar-material-de-abuso-sexual-infantojuvenil-em-picos<\/p>\n","protected":false},"excerpt":{"rendered":"<p>A\u00a0Pol\u00edcia Federal (PF) prendeu em flagrante, nesta quarta-feira (2), uma pessoa em Picos, durante uma\u00a0opera\u00e7\u00e3o nacional que visa identificar e para responsabilizar investigados por crimes de abuso sexual contra crian\u00e7as e adolescentes. A a\u00e7\u00e3o tamb\u00e9m cumpriu mandado de busca e apreens\u00e3o em Uru\u00e7u\u00ed. A Opera\u00e7\u00e3o Nacional Prote\u00e7\u00e3o Integral V foi realizada em todos os estados [&hellip;]<\/p>\n","protected":false},"author":3,"featured_media":24726,"comment_status":"open","ping_status":"open","sticky":false,"template":"","format":"standard","meta":{"om_disable_all_campaigns":false,"_monsterinsights_skip_tracking":false,"_monsterinsights_sitenote_active":false,"_monsterinsights_sitenote_note":"","_monsterinsights_sitenote_category":0,"footnotes":""},"categories":[33,542],"tags":[],"class_list":["post-24725","post","type-post","status-publish","format-standard","has-post-thumbnail","hentry","category-piaui","category-policia"],"jetpack_featured_media_url":"https:\/\/fatoelado.com\/wp-content\/uploads\/2026\/09\/policia-federal-pf.jpeg","_links":{"self":[{"href":"https:\/\/fatoelado.com\/index.php?rest_route=\/wp\/v2\/posts\/24725","targetHints":{"allow":["GET"]}}],"collection":[{"href":"https:\/\/fatoelado.com\/index.php?rest_route=\/wp\/v2\/posts"}],"about":[{"href":"https:\/\/fatoelado.com\/index.php?rest_route=\/wp\/v2\/types\/post"}],"author":[{"embeddable":true,"href":"https:\/\/fatoelado.com\/index.php?rest_route=\/wp\/v2\/users\/3"}],"replies":[{"embeddable":true,"href":"https:\/\/fatoelado.com\/index.php?rest_route=%2Fwp%2Fv2%2Fcomments&post=24725"}],"version-history":[{"count":1,"href":"https:\/\/fatoelado.com\/index.php?rest_route=\/wp\/v2\/posts\/24725\/revisions"}],"predecessor-version":[{"id":24727,"href":"https:\/\/fatoelado.com\/index.php?rest_route=\/wp\/v2\/posts\/24725\/revisions\/24727"}],"wp:featuredmedia":[{"embeddable":true,"href":"https:\/\/fatoelado.com\/index.php?rest_route=\/wp\/v2\/media\/24726"}],"wp:attachment":[{"href":"https:\/\/fatoelado.com\/index.php?rest_route=%2Fwp%2Fv2%2Fmedia&parent=24725"}],"wp:term":[{"taxonomy":"category","embeddable":true,"href":"https:\/\/fatoelado.com\/index.php?rest_route=%2Fwp%2Fv2%2Fcategories&post=24725"},{"taxonomy":"post_tag","embeddable":true,"href":"https:\/\/fatoelado.com\/index.php?rest_route=%2Fwp%2Fv2%2Ftags&post=24725"}],"curies":[{"name":"wp","href":"https:\/\/api.w.org\/{rel}","templated":true}]}}